{"id":13929,"date":"2020-06-23T09:39:40","date_gmt":"2020-06-23T07:39:40","guid":{"rendered":"http:\/\/bisbalpenedes.com\/web\/?p=13929"},"modified":"2020-06-23T09:39:40","modified_gmt":"2020-06-23T07:39:40","slug":"ban-de-lalcaldessa-agnes-ferre-sobre-la-revetlla-de-sant-joan-2020","status":"publish","type":"post","link":"https:\/\/bisbalpenedes.com\/web\/2020\/06\/23\/ban-de-lalcaldessa-agnes-ferre-sobre-la-revetlla-de-sant-joan-2020\/","title":{"rendered":"BAN de l&#8217;alcaldessa Agn\u00e8s Ferr\u00e9 sobre la revetlla de Sant Joan 2020"},"content":{"rendered":"<p><span style=\"color: #000000;\">BAN de l&#8217;alcaldessa de la Bisbal del Pened\u00e8s, Agn\u00e8s Ferr\u00e9, sobre la revetlla de Sant Joan.<\/span><\/p>\n<hr \/>\n<p><span style=\"color: #000000;\">BAN de la alcaldesa de la Bisbal del Pened\u00e8s, Agn\u00e8s Ferr\u00e9, sobre la verbena de San Juan.<\/span><\/p>\n<p><a href=\"http:\/\/bisbalpenedes.com\/web\/wp-content\/uploads\/2020\/06\/BAN-revetlla_page-0001.jpg\"><img loading=\"lazy\" class=\"aligncenter size-large wp-image-13930\" src=\"http:\/\/bisbalpenedes.com\/web\/wp-content\/uploads\/2020\/06\/BAN-revetlla_page-0001-725x1024.jpg\" alt=\"BAN revetlla_page-0001\" width=\"630\" height=\"890\" srcset=\"https:\/\/bisbalpenedes.com\/web\/wp-content\/uploads\/2020\/06\/BAN-revetlla_page-0001-725x1024.jpg 725w, https:\/\/bisbalpenedes.com\/web\/wp-content\/uploads\/2020\/06\/BAN-revetlla_page-0001-600x848.jpg 600w, https:\/\/bisbalpenedes.com\/web\/wp-content\/uploads\/2020\/06\/BAN-revetlla_page-0001-212x300.jpg 212w, https:\/\/bisbalpenedes.com\/web\/wp-content\/uploads\/2020\/06\/BAN-revetlla_page-0001-768x1085.jpg 768w, https:\/\/bisbalpenedes.com\/web\/wp-content\/uploads\/2020\/06\/BAN-revetlla_page-0001.jpg 1241w\" sizes=\"(max-width: 630px) 100vw, 630px\" \/><\/a> <a href=\"http:\/\/bisbalpenedes.com\/web\/wp-content\/uploads\/2020\/06\/BAN-revetlla_page-0002.jpg\"><img loading=\"lazy\" class=\"aligncenter size-large wp-image-13931\" src=\"http:\/\/bisbalpenedes.com\/web\/wp-content\/uploads\/2020\/06\/BAN-revetlla_page-0002-725x1024.jpg\" alt=\"BAN revetlla_page-0002\" width=\"630\" height=\"890\" srcset=\"https:\/\/bisbalpenedes.com\/web\/wp-content\/uploads\/2020\/06\/BAN-revetlla_page-0002-725x1024.jpg 725w, https:\/\/bisbalpenedes.com\/web\/wp-content\/uploads\/2020\/06\/BAN-revetlla_page-0002-600x848.jpg 600w, https:\/\/bisbalpenedes.com\/web\/wp-content\/uploads\/2020\/06\/BAN-revetlla_page-0002-212x300.jpg 212w, https:\/\/bisbalpenedes.com\/web\/wp-content\/uploads\/2020\/06\/BAN-revetlla_page-0002-768x1085.jpg 768w, https:\/\/bisbalpenedes.com\/web\/wp-content\/uploads\/2020\/06\/BAN-revetlla_page-0002.jpg 1241w\" sizes=\"(max-width: 630px) 100vw, 630px\" \/><\/a><\/p>\n<p><a href=\"http:\/\/bisbalpenedes.com\/web\/wp-content\/uploads\/2020\/06\/Consells-revetlles-Sant-Joan-2020-INFOGRAFIA-def_page-0001-1.jpg\"><img loading=\"lazy\" class=\"aligncenter size-large wp-image-13932\" src=\"http:\/\/bisbalpenedes.com\/web\/wp-content\/uploads\/2020\/06\/Consells-revetlles-Sant-Joan-2020-INFOGRAFIA-def_page-0001-1-367x1024.jpg\" alt=\"Consells-revetlles-Sant-Joan-2020-INFOGRAFIA-def_page-0001\" width=\"367\" height=\"1024\" srcset=\"https:\/\/bisbalpenedes.com\/web\/wp-content\/uploads\/2020\/06\/Consells-revetlles-Sant-Joan-2020-INFOGRAFIA-def_page-0001-1-367x1024.jpg 367w, https:\/\/bisbalpenedes.com\/web\/wp-content\/uploads\/2020\/06\/Consells-revetlles-Sant-Joan-2020-INFOGRAFIA-def_page-0001-1-600x1675.jpg 600w, https:\/\/bisbalpenedes.com\/web\/wp-content\/uploads\/2020\/06\/Consells-revetlles-Sant-Joan-2020-INFOGRAFIA-def_page-0001-1-107x300.jpg 107w, https:\/\/bisbalpenedes.com\/web\/wp-content\/uploads\/2020\/06\/Consells-revetlles-Sant-Joan-2020-INFOGRAFIA-def_page-0001-1-768x2144.jpg 768w, https:\/\/bisbalpenedes.com\/web\/wp-content\/uploads\/2020\/06\/Consells-revetlles-Sant-Joan-2020-INFOGRAFIA-def_page-0001-1-scaled.jpg 917w\" sizes=\"(max-width: 367px) 100vw, 367px\" \/><\/a><\/p>\n","protected":false},"excerpt":{"rendered":"<p>BAN de l&#8217;alcaldessa de la Bisbal del Pened\u00e8s, Agn\u00e8s Ferr\u00e9, sobre la revetlla de Sant Joan. BAN de la alcaldesa de la Bisbal del Pened\u00e8s, Agn\u00e8s Ferr\u00e9, sobre la verbena &hellip; <a href=\"https:\/\/bisbalpenedes.com\/web\/2020\/06\/23\/ban-de-lalcaldessa-agnes-ferre-sobre-la-revetlla-de-sant-joan-2020\/\" class=\"more-link\">Read More<\/a><\/p>\n","protected":false},"author":4,"featured_media":13930,"comment_status":"closed","ping_status":"closed","sticky":false,"template":"","format":"standard","meta":[],"categories":[2057],"tags":[294,556,537],"_links":{"self":[{"href":"https:\/\/bisbalpenedes.com\/web\/wp-json\/wp\/v2\/posts\/13929"}],"collection":[{"href":"https:\/\/bisbalpenedes.com\/web\/wp-json\/wp\/v2\/posts"}],"about":[{"href":"https:\/\/bisbalpenedes.com\/web\/wp-json\/wp\/v2\/types\/post"}],"author":[{"embeddable":true,"href":"https:\/\/bisbalpenedes.com\/web\/wp-json\/wp\/v2\/users\/4"}],"replies":[{"embeddable":true,"href":"https:\/\/bisbalpenedes.com\/web\/wp-json\/wp\/v2\/comments?post=13929"}],"version-history":[{"count":1,"href":"https:\/\/bisbalpenedes.com\/web\/wp-json\/wp\/v2\/posts\/13929\/revisions"}],"predecessor-version":[{"id":13933,"href":"https:\/\/bisbalpenedes.com\/web\/wp-json\/wp\/v2\/posts\/13929\/revisions\/13933"}],"wp:featuredmedia":[{"embeddable":true,"href":"https:\/\/bisbalpenedes.com\/web\/wp-json\/wp\/v2\/media\/13930"}],"wp:attachment":[{"href":"https:\/\/bisbalpenedes.com\/web\/wp-json\/wp\/v2\/media?parent=13929"}],"wp:term":[{"taxonomy":"category","embeddable":true,"href":"https:\/\/bisbalpenedes.com\/web\/wp-json\/wp\/v2\/categories?post=13929"},{"taxonomy":"post_tag","embeddable":true,"href":"https:\/\/bisbalpenedes.com\/web\/wp-json\/wp\/v2\/tags?post=13929"}],"curies":[{"name":"wp","href":"https:\/\/api.w.org\/{rel}","templated":true}]}}