{"id":13921,"date":"2020-06-22T11:24:19","date_gmt":"2020-06-22T09:24:19","guid":{"rendered":"http:\/\/bisbalpenedes.com\/web\/?p=13921"},"modified":"2020-06-22T12:20:41","modified_gmt":"2020-06-22T10:20:41","slug":"aquest-dimarts-arriba-la-flama-del-canigo-a-la-bisbal-del-penedes","status":"publish","type":"post","link":"https:\/\/bisbalpenedes.com\/web\/2020\/06\/22\/aquest-dimarts-arriba-la-flama-del-canigo-a-la-bisbal-del-penedes\/","title":{"rendered":"Aquest dimarts 23 de juny arriba la Flama del Canig\u00f3 a la Bisbal del Pened\u00e8s"},"content":{"rendered":"<div class=\"\" data-block=\"true\" data-editor=\"5ruj5\" data-offset-key=\"884q6-0-0\">\n<div class=\"_1mf _1mj\" style=\"text-align: justify;\" data-offset-key=\"884q6-0-0\"><span style=\"color: #000000;\"><span data-offset-key=\"884q6-0-0\"><span data-text=\"true\">Dem\u00e0 dimarts arriba la Flama del Canig\u00f3<\/span><\/span><span data-offset-key=\"884q6-2-0\"><span data-text=\"true\">. A partir de les 19.30h es far\u00e0 un recorregut i, tot seguit, la lectura del manifest.<\/span><\/span><\/span><\/div>\n<\/div>\n<div class=\"\" style=\"text-align: justify;\" data-block=\"true\" data-editor=\"5ruj5\" data-offset-key=\"9rp88-0-0\">\n<div class=\"_1mf _1mj\" data-offset-key=\"9rp88-0-0\"><span style=\"color: #000000;\" data-offset-key=\"9rp88-0-0\">\u00a0<\/span><\/div>\n<\/div>\n<div class=\"\" style=\"text-align: justify;\" data-block=\"true\" data-editor=\"5ruj5\" data-offset-key=\"d5os7-0-0\">\n<div class=\"_1mf _1mj\" data-offset-key=\"d5os7-0-0\">\n<hr \/>\n<p><span style=\"color: #000000;\"><span data-offset-key=\"48tae-0-0\"><span data-text=\"true\">Ma\u00f1ana martes llega la Flama del Canig\u00f3<\/span><\/span><span data-offset-key=\"48tae-2-0\"><span data-text=\"true\">. A partir de las 19.30h se har\u00e1 un recorrido y, a continuaci\u00f3n, la lectura del manifiesto.<\/span><\/span><\/span><\/p>\n<\/div>\n<\/div>\n<div class=\"\" data-block=\"true\" data-editor=\"5ruj5\" data-offset-key=\"554vq-0-0\">\n<div class=\"_1mf _1mj\" style=\"text-align: justify;\" data-offset-key=\"554vq-0-0\"><\/div>\n<div class=\"_1mf _1mj\" style=\"text-align: justify;\" data-offset-key=\"554vq-0-0\"><a href=\"http:\/\/bisbalpenedes.com\/web\/wp-content\/uploads\/2020\/06\/flama-canigo-20.jpg\"><img loading=\"lazy\" class=\"aligncenter size-large wp-image-13922\" src=\"http:\/\/bisbalpenedes.com\/web\/wp-content\/uploads\/2020\/06\/flama-canigo-20-724x1024.jpg\" alt=\"flama-canigo-20\" width=\"630\" height=\"891\" srcset=\"https:\/\/bisbalpenedes.com\/web\/wp-content\/uploads\/2020\/06\/flama-canigo-20-724x1024.jpg 724w, https:\/\/bisbalpenedes.com\/web\/wp-content\/uploads\/2020\/06\/flama-canigo-20-600x849.jpg 600w, https:\/\/bisbalpenedes.com\/web\/wp-content\/uploads\/2020\/06\/flama-canigo-20-212x300.jpg 212w, https:\/\/bisbalpenedes.com\/web\/wp-content\/uploads\/2020\/06\/flama-canigo-20-768x1086.jpg 768w, https:\/\/bisbalpenedes.com\/web\/wp-content\/uploads\/2020\/06\/flama-canigo-20-scaled.jpg 1810w\" sizes=\"(max-width: 630px) 100vw, 630px\" \/><\/a><\/div>\n<div class=\"_1mf _1mj\" style=\"text-align: justify;\" data-offset-key=\"554vq-0-0\"><\/div>\n<div class=\"_1mf _1mj\" style=\"text-align: justify;\" data-offset-key=\"554vq-0-0\"><a href=\"http:\/\/bisbalpenedes.com\/web\/wp-content\/uploads\/2020\/06\/Consells-revetlles-Sant-Joan-2020-INFOGRAFIA-def_page-0001.jpg\"><img loading=\"lazy\" class=\"aligncenter wp-image-13901 \" src=\"http:\/\/bisbalpenedes.com\/web\/wp-content\/uploads\/2020\/06\/Consells-revetlles-Sant-Joan-2020-INFOGRAFIA-def_page-0001.jpg\" alt=\"Consells-revetlles-Sant-Joan-2020-INFOGRAFIA-def_page-0001\" width=\"633\" height=\"1767\" \/><\/a><\/div>\n<\/div>\n<div class=\"\" data-block=\"true\" data-editor=\"5ruj5\" data-offset-key=\"639t1-0-0\">\n<div class=\"_1mf _1mj\" data-offset-key=\"639t1-0-0\"><span data-offset-key=\"639t1-0-0\">\u00a0<\/span><\/div>\n<\/div>\n<div class=\"\" data-block=\"true\" data-editor=\"5ruj5\" data-offset-key=\"507ap-0-0\"><\/div>\n","protected":false},"excerpt":{"rendered":"<p>Dem\u00e0 dimarts arriba la Flama del Canig\u00f3. A partir de les 19.30h es far\u00e0 un recorregut i, tot seguit, la lectura del manifest. \u00a0 Ma\u00f1ana martes llega la Flama del &hellip; <a href=\"https:\/\/bisbalpenedes.com\/web\/2020\/06\/22\/aquest-dimarts-arriba-la-flama-del-canigo-a-la-bisbal-del-penedes\/\" class=\"more-link\">Read More<\/a><\/p>\n","protected":false},"author":4,"featured_media":13922,"comment_status":"closed","ping_status":"closed","sticky":false,"template":"","format":"standard","meta":[],"categories":[13,8],"tags":[3008,553,3905,537,3906],"_links":{"self":[{"href":"https:\/\/bisbalpenedes.com\/web\/wp-json\/wp\/v2\/posts\/13921"}],"collection":[{"href":"https:\/\/bisbalpenedes.com\/web\/wp-json\/wp\/v2\/posts"}],"about":[{"href":"https:\/\/bisbalpenedes.com\/web\/wp-json\/wp\/v2\/types\/post"}],"author":[{"embeddable":true,"href":"https:\/\/bisbalpenedes.com\/web\/wp-json\/wp\/v2\/users\/4"}],"replies":[{"embeddable":true,"href":"https:\/\/bisbalpenedes.com\/web\/wp-json\/wp\/v2\/comments?post=13921"}],"version-history":[{"count":4,"href":"https:\/\/bisbalpenedes.com\/web\/wp-json\/wp\/v2\/posts\/13921\/revisions"}],"predecessor-version":[{"id":13926,"href":"https:\/\/bisbalpenedes.com\/web\/wp-json\/wp\/v2\/posts\/13921\/revisions\/13926"}],"wp:featuredmedia":[{"embeddable":true,"href":"https:\/\/bisbalpenedes.com\/web\/wp-json\/wp\/v2\/media\/13922"}],"wp:attachment":[{"href":"https:\/\/bisbalpenedes.com\/web\/wp-json\/wp\/v2\/media?parent=13921"}],"wp:term":[{"taxonomy":"category","embeddable":true,"href":"https:\/\/bisbalpenedes.com\/web\/wp-json\/wp\/v2\/categories?post=13921"},{"taxonomy":"post_tag","embeddable":true,"href":"https:\/\/bisbalpenedes.com\/web\/wp-json\/wp\/v2\/tags?post=13921"}],"curies":[{"name":"wp","href":"https:\/\/api.w.org\/{rel}","templated":true}]}}