{"id":13911,"date":"2020-06-19T12:57:06","date_gmt":"2020-06-19T10:57:06","guid":{"rendered":"http:\/\/bisbalpenedes.com\/web\/?p=13911"},"modified":"2020-06-19T13:13:37","modified_gmt":"2020-06-19T11:13:37","slug":"ja-sha-obert-el-termini-per-sollicitar-lingres-minim-vital","status":"publish","type":"post","link":"https:\/\/bisbalpenedes.com\/web\/2020\/06\/19\/ja-sha-obert-el-termini-per-sollicitar-lingres-minim-vital\/","title":{"rendered":"Ja s\u2019ha obert el termini per sol\u00b7licitar l\u2019Ingr\u00e9s M\u00ednim Vital"},"content":{"rendered":"<p><span style=\"color: #000000;\">Ja s\u2019ha obert el termini per sol\u00b7licitar l\u2019Ingr\u00e9s M\u00ednim Vital. Trobareu tota la informaci\u00f3 al web <a style=\"color: #000000;\" href=\"http:\/\/www.seg-social.es\">www.seg-social.es<\/a>. Per a m\u00e9s informaci\u00f3 tamb\u00e9 podeu trucar al tel\u00e8fon gratu\u00eft 900 20 22 22 de 8.30h a 20.30h de dilluns a divendres.<\/span><\/p>\n<p><span style=\"color: #000000;\">Si entreu al simulador, podreu comprovar si compliu els requisits per rebre aquesta prestaci\u00f3 i sabreu l&#8217;import aproximat que us correspondria:<\/span>\u00a0<a href=\"https:\/\/ingreso-minimo-vital.seg-social-innova.es\/simulador\" target=\"_blank\">https:\/\/ingreso-minimo-vital.seg-social-innova.es\/simulador<\/a><\/p>\n<p><span style=\"color: #000000;\"><span style=\"text-decoration: underline;\">Important:<\/span> tingueu en compte que aquest simulador no tramita la prestaci\u00f3. Per sol\u00b7licitar-la cal accedir a aquest web:<\/span>\u00a0<a href=\"https:\/\/sede.seg-social.gob.es\/wps\/portal\/sede\/sede\/Inicio\/!ut\/p\/z1\/04_Sj9CPykssy0xPLMnMz0vMAfIjo8zijQ3NTAwtDQx93A08XQ0cQ329Qy2NA40NLA31w8EKDHAARwP9KEL6o_ArMYAqwGNFcGqxfkFuhEGWiaMiAA_0buo!\/dz\/d5\/L2dBISEvZ0FBIS9nQSEh\/\" target=\"_blank\">https:\/\/sede.seg-social.gob.es\/wps\/portal\/sede\/sede\/Inicio\/!ut\/p\/z1\/04_Sj9CPykssy0xPLMnMz0vMAfIjo8zijQ3NTAwtDQx93A08XQ0cQ329Qy2NA40NLA31w8EKDHAARwP9KEL6o_ArMYAqwGNFcGqxfkFuhEGWiaMiAA_0buo!\/dz\/d5\/L2dBISEvZ0FBIS9nQSEh\/<\/a><\/p>\n<p><span style=\"color: #000000;\">Us adjuntem un document amb les instruccions per sol\u00b7licitar l\u2019Ingr\u00e9s M\u00ednim Vital (IMV):\u00a0<a href=\"http:\/\/bisbalpenedes.com\/web\/wp-content\/uploads\/2020\/06\/INTRUCCIONS-IMV.pdf\">INSTRUCCIONS IMV<\/a><\/span><\/p>\n<hr \/>\n<p><span style=\"color: #000000;\"><strong>CASTELLANO |<\/strong> Ya se ha abierto el plazo para solicitar el Ingreso M\u00ednimo Vital. Encontrar\u00e9is toda la informaci\u00f3n en la web <a style=\"color: #000000;\" href=\"http:\/\/www.seg-social.es\">www.seg-social.es<\/a>. Para m\u00e1s informaci\u00f3n tambi\u00e9n pod\u00e9is llamar al tel\u00e9fono gratuito 900 20 22 22 de 8.30h a 20.30h de lunes a viernes.<\/span><\/p>\n<p><span style=\"color: #000000;\">Si entr\u00e1is en el simulador, podr\u00e9is comprobar si cumpl\u00eds los requisitos para recibir esta prestaci\u00f3n y sabr\u00e9is el importe aproximado que os corresponder\u00eda:\u00a0<\/span><a href=\"https:\/\/ingreso-minimo-vital.seg-social-innova.es\/simulador\" target=\"_blank\">https:\/\/ingreso-minimo-vital.seg-social-innova.es\/simulador<\/a><\/p>\n<p><span style=\"color: #000000;\">Importante: tened en cuenta que este simulador no tramita la prestaci\u00f3n. Para solicitarla ten\u00e9is que acceder a esta web:<\/span>\u00a0<a href=\"https:\/\/sede.seg-social.gob.es\/wps\/portal\/sede\/sede\/Inicio\/!ut\/p\/z1\/04_Sj9CPykssy0xPLMnMz0vMAfIjo8zijQ3NTAwtDQx93A08XQ0cQ329Qy2NA40NLA31w8EKDHAARwP9KEL6o_ArMYAqwGNFcGqxfkFuhEGWiaMiAA_0buo!\/dz\/d5\/L2dBISEvZ0FBIS9nQSEh\/\" target=\"_blank\">https:\/\/sede.seg-social.gob.es\/wps\/portal\/sede\/sede\/Inicio\/!ut\/p\/z1\/04_Sj9CPykssy0xPLMnMz0vMAfIjo8zijQ3NTAwtDQx93A08XQ0cQ329Qy2NA40NLA31w8EKDHAARwP9KEL6o_ArMYAqwGNFcGqxfkFuhEGWiaMiAA_0buo!\/dz\/d5\/L2dBISEvZ0FBIS9nQSEh\/<\/a><\/p>\n<p><span style=\"color: #000000;\">Os adjuntamos un documento con las instrucciones para solicitar el Ingreso M\u00ednimo Vital (IMV):\u00a0<a href=\"http:\/\/bisbalpenedes.com\/web\/wp-content\/uploads\/2020\/06\/INTRUCCIONS-IMV.pdf\">INSTRUCCIONS IMV<\/a><\/span><\/p>\n","protected":false},"excerpt":{"rendered":"<p>Ja s\u2019ha obert el termini per sol\u00b7licitar l\u2019Ingr\u00e9s M\u00ednim Vital. Trobareu tota la informaci\u00f3 al web www.seg-social.es. Per a m\u00e9s informaci\u00f3 tamb\u00e9 podeu trucar al tel\u00e8fon gratu\u00eft 900 20 22 &hellip; <a href=\"https:\/\/bisbalpenedes.com\/web\/2020\/06\/19\/ja-sha-obert-el-termini-per-sollicitar-lingres-minim-vital\/\" class=\"more-link\">Read More<\/a><\/p>\n","protected":false},"author":4,"featured_media":13914,"comment_status":"closed","ping_status":"closed","sticky":false,"template":"","format":"standard","meta":[],"categories":[8],"tags":[3902,3901],"_links":{"self":[{"href":"https:\/\/bisbalpenedes.com\/web\/wp-json\/wp\/v2\/posts\/13911"}],"collection":[{"href":"https:\/\/bisbalpenedes.com\/web\/wp-json\/wp\/v2\/posts"}],"about":[{"href":"https:\/\/bisbalpenedes.com\/web\/wp-json\/wp\/v2\/types\/post"}],"author":[{"embeddable":true,"href":"https:\/\/bisbalpenedes.com\/web\/wp-json\/wp\/v2\/users\/4"}],"replies":[{"embeddable":true,"href":"https:\/\/bisbalpenedes.com\/web\/wp-json\/wp\/v2\/comments?post=13911"}],"version-history":[{"count":2,"href":"https:\/\/bisbalpenedes.com\/web\/wp-json\/wp\/v2\/posts\/13911\/revisions"}],"predecessor-version":[{"id":13915,"href":"https:\/\/bisbalpenedes.com\/web\/wp-json\/wp\/v2\/posts\/13911\/revisions\/13915"}],"wp:featuredmedia":[{"embeddable":true,"href":"https:\/\/bisbalpenedes.com\/web\/wp-json\/wp\/v2\/media\/13914"}],"wp:attachment":[{"href":"https:\/\/bisbalpenedes.com\/web\/wp-json\/wp\/v2\/media?parent=13911"}],"wp:term":[{"taxonomy":"category","embeddable":true,"href":"https:\/\/bisbalpenedes.com\/web\/wp-json\/wp\/v2\/categories?post=13911"},{"taxonomy":"post_tag","embeddable":true,"href":"https:\/\/bisbalpenedes.com\/web\/wp-json\/wp\/v2\/tags?post=13911"}],"curies":[{"name":"wp","href":"https:\/\/api.w.org\/{rel}","templated":true}]}}