{"id":13905,"date":"2020-06-19T11:23:41","date_gmt":"2020-06-19T09:23:41","guid":{"rendered":"http:\/\/bisbalpenedes.com\/web\/?p=13905"},"modified":"2020-06-19T11:23:41","modified_gmt":"2020-06-19T09:23:41","slug":"les-oficines-de-treball-ja-han-comencat-a-obrir-les-seves-portes","status":"publish","type":"post","link":"https:\/\/bisbalpenedes.com\/web\/2020\/06\/19\/les-oficines-de-treball-ja-han-comencat-a-obrir-les-seves-portes\/","title":{"rendered":"Les oficines de Treball ja han comen\u00e7at a obrir les seves portes"},"content":{"rendered":"<p style=\"text-align: justify;\"><span style=\"color: #000000;\">Les oficines de Treball ja han comen\u00e7at a obrir les seves portes. Per fer qualsevol tr\u00e0mit al SOC \u00e9s imprescindible que demaneu cita pr\u00e8via trucant al tel\u00e8fon 900 800 046. L\u2019horari de les oficines \u00e9s de 08.30h a 14.00h. Per a m\u00e9s informaci\u00f3 podeu accedir a l\u2019enlla\u00e7:<\/span>\u00a0<a href=\"https:\/\/serveiocupacio.gencat.cat\/ca\/detall\/noticia\/Reobertura-gradual-de-les-Oficines-de-Treball\">https:\/\/serveiocupacio.gencat.cat\/ca\/detall\/noticia\/Reobertura-gradual-de-les-Oficines-de-Treball<\/a><\/p>\n<p style=\"text-align: justify;\"><span style=\"color: #000000;\">Per consultar o tramitar la prestaci\u00f3 econ\u00f2mica per desocupaci\u00f3 heu d\u2019anar al web del Servicio de Empleo P\u00fablico Estatal (SEPE):<\/span> <a href=\"http:\/\/www.sepe.es\/HomeSepe\/Personas.html\">www.sepe.es\/HomeSepe\/Personas.html<\/a><\/p>\n<hr \/>\n<p style=\"text-align: justify;\"><span style=\"color: #000000;\"><strong>CASTELLANO |<\/strong> Las oficinas de Trabajo ya han empezado a abrir sus puertas. Para hacer cualquier tr\u00e1mite en el SOC es imprescindible que solicit\u00e9is cita previa llamando al tel\u00e9fono 900 800 046. El horario de las oficinas es de 08.30h a 14.00h. Para m\u00e1s informaci\u00f3n pod\u00e9is acceder al enlace:<\/span> <a href=\"https:\/\/serveiocupacio.gencat.cat\/ca\/detall\/noticia\/Reobertura-gradual-de-les-Oficines-de-Treball\">https:\/\/serveiocupacio.gencat.cat\/ca\/detall\/noticia\/Reobertura-gradual-de-les-Oficines-de-Treball<\/a><\/p>\n<p style=\"text-align: justify;\"><span style=\"color: #000000;\">Para consultar o tramitar la prestaci\u00f3n econ\u00f3mica por desocupaci\u00f3n ten\u00e9is que ir a la p\u00e1gina web del Servicio de Empleo P\u00fablico Estatal (SEPE):<\/span> <a href=\"http:\/\/www.sepe.es\/HomeSepe\/Personas.html\">www.sepe.es\/HomeSepe\/Personas.html<\/a><\/p>\n<p style=\"text-align: justify;\"><a href=\"http:\/\/bisbalpenedes.com\/web\/wp-content\/uploads\/2020\/06\/CARTELL-SOC.jpg\"><img loading=\"lazy\" class=\"aligncenter size-large wp-image-13906\" src=\"http:\/\/bisbalpenedes.com\/web\/wp-content\/uploads\/2020\/06\/CARTELL-SOC-741x1024.jpg\" alt=\"CARTELL SOC\" width=\"630\" height=\"871\" srcset=\"https:\/\/bisbalpenedes.com\/web\/wp-content\/uploads\/2020\/06\/CARTELL-SOC-741x1024.jpg 741w, https:\/\/bisbalpenedes.com\/web\/wp-content\/uploads\/2020\/06\/CARTELL-SOC-600x829.jpg 600w, https:\/\/bisbalpenedes.com\/web\/wp-content\/uploads\/2020\/06\/CARTELL-SOC-217x300.jpg 217w, https:\/\/bisbalpenedes.com\/web\/wp-content\/uploads\/2020\/06\/CARTELL-SOC-768x1061.jpg 768w, https:\/\/bisbalpenedes.com\/web\/wp-content\/uploads\/2020\/06\/CARTELL-SOC-scaled.jpg 1854w\" sizes=\"(max-width: 630px) 100vw, 630px\" \/><\/a><\/p>\n","protected":false},"excerpt":{"rendered":"<p>Les oficines de Treball ja han comen\u00e7at a obrir les seves portes. Per fer qualsevol tr\u00e0mit al SOC \u00e9s imprescindible que demaneu cita pr\u00e8via trucant al tel\u00e8fon 900 800 046. &hellip; <a href=\"https:\/\/bisbalpenedes.com\/web\/2020\/06\/19\/les-oficines-de-treball-ja-han-comencat-a-obrir-les-seves-portes\/\" class=\"more-link\">Read More<\/a><\/p>\n","protected":false},"author":4,"featured_media":13906,"comment_status":"closed","ping_status":"closed","sticky":false,"template":"","format":"standard","meta":[],"categories":[8,9],"tags":[10,3899,3572,263],"_links":{"self":[{"href":"https:\/\/bisbalpenedes.com\/web\/wp-json\/wp\/v2\/posts\/13905"}],"collection":[{"href":"https:\/\/bisbalpenedes.com\/web\/wp-json\/wp\/v2\/posts"}],"about":[{"href":"https:\/\/bisbalpenedes.com\/web\/wp-json\/wp\/v2\/types\/post"}],"author":[{"embeddable":true,"href":"https:\/\/bisbalpenedes.com\/web\/wp-json\/wp\/v2\/users\/4"}],"replies":[{"embeddable":true,"href":"https:\/\/bisbalpenedes.com\/web\/wp-json\/wp\/v2\/comments?post=13905"}],"version-history":[{"count":1,"href":"https:\/\/bisbalpenedes.com\/web\/wp-json\/wp\/v2\/posts\/13905\/revisions"}],"predecessor-version":[{"id":13907,"href":"https:\/\/bisbalpenedes.com\/web\/wp-json\/wp\/v2\/posts\/13905\/revisions\/13907"}],"wp:featuredmedia":[{"embeddable":true,"href":"https:\/\/bisbalpenedes.com\/web\/wp-json\/wp\/v2\/media\/13906"}],"wp:attachment":[{"href":"https:\/\/bisbalpenedes.com\/web\/wp-json\/wp\/v2\/media?parent=13905"}],"wp:term":[{"taxonomy":"category","embeddable":true,"href":"https:\/\/bisbalpenedes.com\/web\/wp-json\/wp\/v2\/categories?post=13905"},{"taxonomy":"post_tag","embeddable":true,"href":"https:\/\/bisbalpenedes.com\/web\/wp-json\/wp\/v2\/tags?post=13905"}],"curies":[{"name":"wp","href":"https:\/\/api.w.org\/{rel}","templated":true}]}}