{"id":13903,"date":"2020-06-19T12:04:47","date_gmt":"2020-06-19T10:04:47","guid":{"rendered":"http:\/\/bisbalpenedes.com\/web\/?p=13903"},"modified":"2020-06-19T12:10:21","modified_gmt":"2020-06-19T10:10:21","slug":"els-dies-27-de-juny-i-4-de-juliol-podreu-vacunar-els-vostres-gossos-contra-la-rabia-a-la-bisbal","status":"publish","type":"post","link":"https:\/\/bisbalpenedes.com\/web\/2020\/06\/19\/els-dies-27-de-juny-i-4-de-juliol-podreu-vacunar-els-vostres-gossos-contra-la-rabia-a-la-bisbal\/","title":{"rendered":"Els dissabtes 27 de juny i 4 de juliol podreu vacunar els vostres gossos contra la r\u00e0bia a la Bisbal"},"content":{"rendered":"<p><span style=\"color: #000000;\">Els dies 27 de juny i 4 de juliol es dur\u00e0 a terme la campanya de vacunaci\u00f3 antir\u00e0bica de gossos a la Bisbal. La vacunaci\u00f3 anir\u00e0 a c\u00e0rrec d\u2019un veterinari del Col\u00b7legi Oficial de Veterinaris de la prov\u00edncia de Tarragona, que cobrar\u00e0 les taxes pertinents. Cal que\u00a0presenteu la cartilla de vacunacions (si en disposeu). Les vacunes es posaran els seg\u00fcents dies i llocs:<\/span><\/p>\n<p><span style=\"color: #000000;\"><strong>Dissabte 27 de juny de 2020:<\/strong><\/span><\/p>\n<p><span style=\"color: #000000;\">De 9.00 a 9.30h a la Pl. Pau Casals (la pista) de la Bisbal<\/span><\/p>\n<p><span style=\"color: #000000;\">De 9.45 a 10.15h al Local Social del Priorat de la Bisbal<\/span><\/p>\n<p><span style=\"color: #000000;\"><strong>Dissabte 04 de juliol de 2020:<\/strong><\/span><\/p>\n<p><span style=\"color: #000000;\">De 10.00 a 10.30h al Local Social de Can Gordei (Avda. Can Gordei)<\/span><\/p>\n<p><span style=\"color: #000000;\">De 10.30h a 11.00h al Local Social de l\u2019Esplai (Avda. Esplai)<\/span><\/p>\n<p><span style=\"color: #000000;\">De 11.00h a 11.30h a la pla\u00e7a de La Masieta<\/span><\/p>\n<p><span style=\"color: #000000;\">De 11.30h a 12.00h al local social de La Miralba<\/span><\/p>\n<p><span style=\"color: #000000;\">M\u00e9s informaci\u00f3 sobre la r\u00e0bia:<\/span>\u00a0<a href=\"http:\/\/canalsalut.gencat.cat\/ca\/detalls\/article\/rabia\">http:\/\/canalsalut.gencat.cat\/ca\/detalls\/article\/rabia<\/a><\/p>\n<hr \/>\n<p><span style=\"color: #000000;\"><strong>CASTELLANO<\/strong>\u00a0| Los d\u00edas 27 de junio y 4 de julio se llevar\u00e1 a cabo la campa\u00f1a de vacunaci\u00f3n antirr\u00e1bica de perros en la Bisbal. La vacunaci\u00f3n ir\u00e1 a cargo de un veterinario del Col\u00b7legi Oficial de Veterinaris de la provincia de Tarragona, que cobrar\u00e1 las tasas pertinentes. Deb\u00e9is presentar la cartilla de vacunas (si dispon\u00e9is de ella). Las vacunas se pondr\u00e1n en los siguientes lugares y fechas:<\/span><\/p>\n<p><span style=\"color: #000000;\"><strong>S\u00e1bado 27 de junio del 2020:<\/strong><\/span><\/p>\n<p><span style=\"color: #000000;\">De 9.00 a 9.30h en la Pl. Pau Casals (la pista) de la Bisbal<\/span><\/p>\n<p><span style=\"color: #000000;\">De 9.45 a 10.15h en el Local Social del Priorat de la Bisbal<\/span><\/p>\n<p><span style=\"color: #000000;\"><strong>S\u00e1bado 04 de julio del 2020:<\/strong><\/span><\/p>\n<p><span style=\"color: #000000;\">De 10.00 a 10.30h en el Local Social de Can Gordei (Avda. Can Gordei)<\/span><\/p>\n<p><span style=\"color: #000000;\">De 10.30h a 11.00h en el Local Social de l\u2019Esplai (Avda. Esplai)<\/span><\/p>\n<p><span style=\"color: #000000;\">De 11.00h a 11.30h a la plaza de La Masieta<\/span><\/p>\n<p><span style=\"color: #000000;\">De 11.30h a 12.00h en el local social de La Miralba<\/span><\/p>\n<p><span style=\"color: #000000;\">M\u00e1s informaci\u00f3n sobre la rabia:<\/span>\u00a0<a href=\"http:\/\/canalsalut.gencat.cat\/ca\/detalls\/article\/rabia\">http:\/\/canalsalut.gencat.cat\/ca\/detalls\/article\/rabia<\/a><\/p>\n<p><a href=\"http:\/\/bisbalpenedes.com\/web\/wp-content\/uploads\/2020\/06\/VACUNES_GOSSOS_2020DEF.jpg\"><img loading=\"lazy\" class=\"aligncenter size-large wp-image-13908\" src=\"http:\/\/bisbalpenedes.com\/web\/wp-content\/uploads\/2020\/06\/VACUNES_GOSSOS_2020DEF-724x1024.jpg\" alt=\"VACUNES_GOSSOS_2020DEF\" width=\"630\" height=\"891\" srcset=\"https:\/\/bisbalpenedes.com\/web\/wp-content\/uploads\/2020\/06\/VACUNES_GOSSOS_2020DEF-724x1024.jpg 724w, https:\/\/bisbalpenedes.com\/web\/wp-content\/uploads\/2020\/06\/VACUNES_GOSSOS_2020DEF-600x849.jpg 600w, https:\/\/bisbalpenedes.com\/web\/wp-content\/uploads\/2020\/06\/VACUNES_GOSSOS_2020DEF-212x300.jpg 212w, https:\/\/bisbalpenedes.com\/web\/wp-content\/uploads\/2020\/06\/VACUNES_GOSSOS_2020DEF-768x1086.jpg 768w, https:\/\/bisbalpenedes.com\/web\/wp-content\/uploads\/2020\/06\/VACUNES_GOSSOS_2020DEF-scaled.jpg 1810w\" sizes=\"(max-width: 630px) 100vw, 630px\" \/><\/a><\/p>\n","protected":false},"excerpt":{"rendered":"<p>Els dies 27 de juny i 4 de juliol es dur\u00e0 a terme la campanya de vacunaci\u00f3 antir\u00e0bica de gossos a la Bisbal. La vacunaci\u00f3 anir\u00e0 a c\u00e0rrec d\u2019un veterinari &hellip; <a href=\"https:\/\/bisbalpenedes.com\/web\/2020\/06\/19\/els-dies-27-de-juny-i-4-de-juliol-podreu-vacunar-els-vostres-gossos-contra-la-rabia-a-la-bisbal\/\" class=\"more-link\">Read More<\/a><\/p>\n","protected":false},"author":4,"featured_media":13908,"comment_status":"closed","ping_status":"closed","sticky":false,"template":"","format":"standard","meta":[],"categories":[8,14],"tags":[435,432,3900,431],"_links":{"self":[{"href":"https:\/\/bisbalpenedes.com\/web\/wp-json\/wp\/v2\/posts\/13903"}],"collection":[{"href":"https:\/\/bisbalpenedes.com\/web\/wp-json\/wp\/v2\/posts"}],"about":[{"href":"https:\/\/bisbalpenedes.com\/web\/wp-json\/wp\/v2\/types\/post"}],"author":[{"embeddable":true,"href":"https:\/\/bisbalpenedes.com\/web\/wp-json\/wp\/v2\/users\/4"}],"replies":[{"embeddable":true,"href":"https:\/\/bisbalpenedes.com\/web\/wp-json\/wp\/v2\/comments?post=13903"}],"version-history":[{"count":3,"href":"https:\/\/bisbalpenedes.com\/web\/wp-json\/wp\/v2\/posts\/13903\/revisions"}],"predecessor-version":[{"id":13910,"href":"https:\/\/bisbalpenedes.com\/web\/wp-json\/wp\/v2\/posts\/13903\/revisions\/13910"}],"wp:featuredmedia":[{"embeddable":true,"href":"https:\/\/bisbalpenedes.com\/web\/wp-json\/wp\/v2\/media\/13908"}],"wp:attachment":[{"href":"https:\/\/bisbalpenedes.com\/web\/wp-json\/wp\/v2\/media?parent=13903"}],"wp:term":[{"taxonomy":"category","embeddable":true,"href":"https:\/\/bisbalpenedes.com\/web\/wp-json\/wp\/v2\/categories?post=13903"},{"taxonomy":"post_tag","embeddable":true,"href":"https:\/\/bisbalpenedes.com\/web\/wp-json\/wp\/v2\/tags?post=13903"}],"curies":[{"name":"wp","href":"https:\/\/api.w.org\/{rel}","templated":true}]}}