{"id":13893,"date":"2020-06-18T20:09:24","date_gmt":"2020-06-18T18:09:24","guid":{"rendered":"http:\/\/bisbalpenedes.com\/web\/?p=13893"},"modified":"2020-06-18T20:19:00","modified_gmt":"2020-06-18T18:19:00","slug":"el-divendres-19-de-juny-a-les-00h-deixarem-enrere-la-fase-3-i-entrarem-en-letspa-de-represa-o-nova-normalitat","status":"publish","type":"post","link":"https:\/\/bisbalpenedes.com\/web\/2020\/06\/18\/el-divendres-19-de-juny-a-les-00h-deixarem-enrere-la-fase-3-i-entrarem-en-letspa-de-represa-o-nova-normalitat\/","title":{"rendered":"El divendres 19 de juny a les 00h deixarem enrere la fase 3 i entrarem en l&#8217;etspa de represa o nova normalitat"},"content":{"rendered":"<p style=\"text-align: justify;\"><span style=\"color: #000000;\">Catalunya deixar\u00e0 enrere la fase 3 i entrar\u00e0 a l&#8217;etapa de represa o nova normalitat a les 00h del 19 de juny (aquesta mitjanit).<\/span><\/p>\n<p style=\"text-align: justify;\"><a href=\"http:\/\/web.gencat.cat\/ca\/activem\/etapa-de-represa\" target=\"_blank\">http:\/\/web.gencat.cat\/ca\/activem\/etapa-de-represa<\/a><\/p>\n<p style=\"text-align: justify;\"><span style=\"color: #000000;\">Qu\u00e8 es pot fer i qu\u00e8 no es pot fer?\u00a0<\/span><a href=\"https:\/\/interior.gencat.cat\/ca\/arees_dactuacio\/proteccio_civil\/consells_autoproteccio_emergencia\/malalties-transmissibles-emergents-amb-potencial-alt-risc-\/etapa_de_represa\/index.html\" target=\"_blank\">https:\/\/interior.gencat.cat\/ca\/arees_dactuacio\/proteccio_civil\/consells_autoproteccio_emergencia\/malalties-transmissibles-emergents-amb-potencial-alt-risc-\/etapa_de_represa\/index.html<\/a><\/p>\n<hr \/>\n<p style=\"text-align: justify;\"><span style=\"color: #000000;\"><b>CASTELLANO<\/b> |\u00a0Catalunya dejar\u00e1 atr\u00e1s la fase 3 y entrar\u00e1 en la etapa de reanudaci\u00f3n o nueva normalidad a las 00h del 19 de junio (esta medianoche).\u00a0<\/span><\/p>\n<p><a href=\"http:\/\/web.gencat.cat\/ca\/activem\/etapa-de-represa\" target=\"_blank\">http:\/\/web.gencat.cat\/ca\/activem\/etapa-de-represa<\/a><\/p>\n<p><span style=\"color: #000000;\">\u00bfQu\u00e9 se puede hacer y qu\u00e9 no se puede hacer?\u00a0https:\/\/interior.gencat.cat\/ca\/arees_dactuacio\/proteccio_civil\/consells_autoproteccio_emergencia\/malalties-transmissibles-emergents-amb-potencial-alt-risc-\/etapa_de_represa\/index.html<\/span><\/p>\n<p><a href=\"http:\/\/bisbalpenedes.com\/web\/wp-content\/uploads\/2020\/06\/7FFD8D4A-55F7-4627-975F-99F48E9EA2A0.jpeg\"><img loading=\"lazy\" class=\"aligncenter size-large wp-image-13894\" src=\"http:\/\/bisbalpenedes.com\/web\/wp-content\/uploads\/2020\/06\/7FFD8D4A-55F7-4627-975F-99F48E9EA2A0-724x1024.jpeg\" alt=\"7FFD8D4A-55F7-4627-975F-99F48E9EA2A0\" width=\"630\" height=\"891\" srcset=\"https:\/\/bisbalpenedes.com\/web\/wp-content\/uploads\/2020\/06\/7FFD8D4A-55F7-4627-975F-99F48E9EA2A0-724x1024.jpeg 724w, https:\/\/bisbalpenedes.com\/web\/wp-content\/uploads\/2020\/06\/7FFD8D4A-55F7-4627-975F-99F48E9EA2A0-600x849.jpeg 600w, https:\/\/bisbalpenedes.com\/web\/wp-content\/uploads\/2020\/06\/7FFD8D4A-55F7-4627-975F-99F48E9EA2A0-212x300.jpeg 212w, https:\/\/bisbalpenedes.com\/web\/wp-content\/uploads\/2020\/06\/7FFD8D4A-55F7-4627-975F-99F48E9EA2A0-768x1086.jpeg 768w, https:\/\/bisbalpenedes.com\/web\/wp-content\/uploads\/2020\/06\/7FFD8D4A-55F7-4627-975F-99F48E9EA2A0.jpeg 1448w\" sizes=\"(max-width: 630px) 100vw, 630px\" \/><\/a> <a href=\"http:\/\/bisbalpenedes.com\/web\/wp-content\/uploads\/2020\/06\/976F3760-5E7B-4542-9F9D-2163A34E2186.jpeg\"><img loading=\"lazy\" class=\"aligncenter size-large wp-image-13895\" src=\"http:\/\/bisbalpenedes.com\/web\/wp-content\/uploads\/2020\/06\/976F3760-5E7B-4542-9F9D-2163A34E2186-1024x576.jpeg\" alt=\"976F3760-5E7B-4542-9F9D-2163A34E2186\" width=\"630\" height=\"354\" srcset=\"https:\/\/bisbalpenedes.com\/web\/wp-content\/uploads\/2020\/06\/976F3760-5E7B-4542-9F9D-2163A34E2186-1024x576.jpeg 1024w, https:\/\/bisbalpenedes.com\/web\/wp-content\/uploads\/2020\/06\/976F3760-5E7B-4542-9F9D-2163A34E2186-600x338.jpeg 600w, https:\/\/bisbalpenedes.com\/web\/wp-content\/uploads\/2020\/06\/976F3760-5E7B-4542-9F9D-2163A34E2186-300x169.jpeg 300w, https:\/\/bisbalpenedes.com\/web\/wp-content\/uploads\/2020\/06\/976F3760-5E7B-4542-9F9D-2163A34E2186-768x432.jpeg 768w, https:\/\/bisbalpenedes.com\/web\/wp-content\/uploads\/2020\/06\/976F3760-5E7B-4542-9F9D-2163A34E2186.jpeg 1200w\" sizes=\"(max-width: 630px) 100vw, 630px\" \/><\/a><\/p>\n","protected":false},"excerpt":{"rendered":"<p>Catalunya deixar\u00e0 enrere la fase 3 i entrar\u00e0 a l&#8217;etapa de represa o nova normalitat a les 00h del 19 de juny (aquesta mitjanit). http:\/\/web.gencat.cat\/ca\/activem\/etapa-de-represa Qu\u00e8 es pot fer i &hellip; <a href=\"https:\/\/bisbalpenedes.com\/web\/2020\/06\/18\/el-divendres-19-de-juny-a-les-00h-deixarem-enrere-la-fase-3-i-entrarem-en-letspa-de-represa-o-nova-normalitat\/\" class=\"more-link\">Read More<\/a><\/p>\n","protected":false},"author":4,"featured_media":13894,"comment_status":"closed","ping_status":"closed","sticky":false,"template":"","format":"standard","meta":[],"categories":[8,14],"tags":[3896,3897,3895],"_links":{"self":[{"href":"https:\/\/bisbalpenedes.com\/web\/wp-json\/wp\/v2\/posts\/13893"}],"collection":[{"href":"https:\/\/bisbalpenedes.com\/web\/wp-json\/wp\/v2\/posts"}],"about":[{"href":"https:\/\/bisbalpenedes.com\/web\/wp-json\/wp\/v2\/types\/post"}],"author":[{"embeddable":true,"href":"https:\/\/bisbalpenedes.com\/web\/wp-json\/wp\/v2\/users\/4"}],"replies":[{"embeddable":true,"href":"https:\/\/bisbalpenedes.com\/web\/wp-json\/wp\/v2\/comments?post=13893"}],"version-history":[{"count":3,"href":"https:\/\/bisbalpenedes.com\/web\/wp-json\/wp\/v2\/posts\/13893\/revisions"}],"predecessor-version":[{"id":13898,"href":"https:\/\/bisbalpenedes.com\/web\/wp-json\/wp\/v2\/posts\/13893\/revisions\/13898"}],"wp:featuredmedia":[{"embeddable":true,"href":"https:\/\/bisbalpenedes.com\/web\/wp-json\/wp\/v2\/media\/13894"}],"wp:attachment":[{"href":"https:\/\/bisbalpenedes.com\/web\/wp-json\/wp\/v2\/media?parent=13893"}],"wp:term":[{"taxonomy":"category","embeddable":true,"href":"https:\/\/bisbalpenedes.com\/web\/wp-json\/wp\/v2\/categories?post=13893"},{"taxonomy":"post_tag","embeddable":true,"href":"https:\/\/bisbalpenedes.com\/web\/wp-json\/wp\/v2\/tags?post=13893"}],"curies":[{"name":"wp","href":"https:\/\/api.w.org\/{rel}","templated":true}]}}