{"id":13873,"date":"2020-06-17T14:51:05","date_gmt":"2020-06-17T12:51:05","guid":{"rendered":"http:\/\/bisbalpenedes.com\/web\/?p=13873"},"modified":"2020-06-17T14:51:05","modified_gmt":"2020-06-17T12:51:05","slug":"ja-es-pot-tornar-a-portar-roba-usada-als-contenidors-dhumana","status":"publish","type":"post","link":"https:\/\/bisbalpenedes.com\/web\/2020\/06\/17\/ja-es-pot-tornar-a-portar-roba-usada-als-contenidors-dhumana\/","title":{"rendered":"Ja es pot tornar a portar roba usada als contenidors d\u2019Humana"},"content":{"rendered":"<p style=\"text-align: justify;\"><span style=\"color: #000000;\">La Regidoria de Benestar Social informa la ciutadania que ja es pot tornar a portar roba usada als contenidors d\u2019Humana, la recollida de la qual s\u2019havia susp\u00e8s temporalment a causa de la pand\u00e8mia de Covid-19. La roba usada s\u2019ha de dipositar sempre als contenidors d\u2019Humana i no als contenidors de rebuig.<\/span><\/p>\n<p style=\"text-align: justify;\"><span style=\"color: #000000;\">En aquests contenidors hi podeu dipositar roba per ser usada de nou o roba per a ser tractada en un centre de residus per a la seva disposici\u00f3 final. Per tant, tot aquell residu de roba que vulgueu llen\u00e7ar, l\u2019heu de portar als contenidors d\u2019Humana. Al municipi n\u2019hi ha sis, ubicats en els seg\u00fcents punts:<\/span><\/p>\n<ul style=\"text-align: justify;\">\n<li><span style=\"color: #000000;\">Punt Verd (cam\u00ed del Gosch s\/n)<\/span><\/li>\n<li><span style=\"color: #000000;\">Avinguda del Priorat s\/n<\/span><\/li>\n<li><span style=\"color: #000000;\">Avinguda Colom, 13<\/span><\/li>\n<li><span style=\"color: #000000;\">Carrer General Romagosa, 6<\/span><\/li>\n<li><span style=\"color: #000000;\">Can Gordei, 25 B<\/span><\/li>\n<li><span style=\"color: #000000;\">Baix Pened\u00e8s, 63-65<\/span><\/li>\n<\/ul>\n<p style=\"text-align: justify;\"><span style=\"color: #000000;\">Als contenidors d\u2019Humana s\u2019hi pot dipositar roba, cal\u00e7ats, complements o t\u00e8xtil de la llar.<\/span><\/p>\n<hr \/>\n<p style=\"text-align: justify;\"><span style=\"color: #000000;\"><strong>CASTELLANO |<\/strong> La Concejal\u00eda de Bienestar Social informa a la ciudadan\u00eda que ya se puede volver a llevar ropa usada a los contenedores de Humana, la recogida de la cual se hab\u00eda suspendido temporalmente a causa de la pandemia de Covid-19. La ropa usada se tiene que depositar siempre en los contenedores de Humana y no en los contenedores de rechazo.<\/span><\/p>\n<p style=\"text-align: justify;\"><span style=\"color: #000000;\">En estos contenedores pod\u00e9is depositar ropa para ser usada nuevamente o ropa para ser tratada en un centro de residuos para su disposici\u00f3n final. Por lo tanto, todo aquel residuo que quer\u00e1is desechar lo ten\u00e9is que llevar a los contenedores de Humana. En el municipio hay seis, ubicados en los siguientes puntos:<\/span><\/p>\n<ul style=\"text-align: justify;\">\n<li><span style=\"color: #000000;\">Punt Verd (cam\u00ed del Gosch s\/n)<\/span><\/li>\n<li><span style=\"color: #000000;\">Avinguda del Priorat s\/n<\/span><\/li>\n<li><span style=\"color: #000000;\">Avinguda Colom, 13<\/span><\/li>\n<li><span style=\"color: #000000;\">Carrer General Romagosa, 6<\/span><\/li>\n<li><span style=\"color: #000000;\">Can Gordei, 25 B<\/span><\/li>\n<li><span style=\"color: #000000;\">Baix Pened\u00e8s, 63-65<\/span><\/li>\n<\/ul>\n<p style=\"text-align: justify;\"><span style=\"color: #000000;\">En los contenedores de Humana se puede depositar Ropa, calzados, complementos o textil del hogar.<\/span><\/p>\n<p>&nbsp;<\/p>\n","protected":false},"excerpt":{"rendered":"<p>La Regidoria de Benestar Social informa la ciutadania que ja es pot tornar a portar roba usada als contenidors d\u2019Humana, la recollida de la qual s\u2019havia susp\u00e8s temporalment a causa &hellip; <a href=\"https:\/\/bisbalpenedes.com\/web\/2020\/06\/17\/ja-es-pot-tornar-a-portar-roba-usada-als-contenidors-dhumana\/\" class=\"more-link\">Read More<\/a><\/p>\n","protected":false},"author":4,"featured_media":13874,"comment_status":"closed","ping_status":"closed","sticky":false,"template":"","format":"standard","meta":[],"categories":[975,8],"tags":[1273,255,92,257,256],"_links":{"self":[{"href":"https:\/\/bisbalpenedes.com\/web\/wp-json\/wp\/v2\/posts\/13873"}],"collection":[{"href":"https:\/\/bisbalpenedes.com\/web\/wp-json\/wp\/v2\/posts"}],"about":[{"href":"https:\/\/bisbalpenedes.com\/web\/wp-json\/wp\/v2\/types\/post"}],"author":[{"embeddable":true,"href":"https:\/\/bisbalpenedes.com\/web\/wp-json\/wp\/v2\/users\/4"}],"replies":[{"embeddable":true,"href":"https:\/\/bisbalpenedes.com\/web\/wp-json\/wp\/v2\/comments?post=13873"}],"version-history":[{"count":1,"href":"https:\/\/bisbalpenedes.com\/web\/wp-json\/wp\/v2\/posts\/13873\/revisions"}],"predecessor-version":[{"id":13875,"href":"https:\/\/bisbalpenedes.com\/web\/wp-json\/wp\/v2\/posts\/13873\/revisions\/13875"}],"wp:featuredmedia":[{"embeddable":true,"href":"https:\/\/bisbalpenedes.com\/web\/wp-json\/wp\/v2\/media\/13874"}],"wp:attachment":[{"href":"https:\/\/bisbalpenedes.com\/web\/wp-json\/wp\/v2\/media?parent=13873"}],"wp:term":[{"taxonomy":"category","embeddable":true,"href":"https:\/\/bisbalpenedes.com\/web\/wp-json\/wp\/v2\/categories?post=13873"},{"taxonomy":"post_tag","embeddable":true,"href":"https:\/\/bisbalpenedes.com\/web\/wp-json\/wp\/v2\/tags?post=13873"}],"curies":[{"name":"wp","href":"https:\/\/api.w.org\/{rel}","templated":true}]}}