{"id":13866,"date":"2020-06-17T12:27:22","date_gmt":"2020-06-17T10:27:22","guid":{"rendered":"http:\/\/bisbalpenedes.com\/web\/?p=13866"},"modified":"2020-06-17T12:27:22","modified_gmt":"2020-06-17T10:27:22","slug":"aquest-dilluns-15-de-juny-ha-tingut-lloc-el-ple-ordinari-de-lajuntament-de-la-bisbal-del-penedes-corresponent-a-aquest-trimestre","status":"publish","type":"post","link":"https:\/\/bisbalpenedes.com\/web\/2020\/06\/17\/aquest-dilluns-15-de-juny-ha-tingut-lloc-el-ple-ordinari-de-lajuntament-de-la-bisbal-del-penedes-corresponent-a-aquest-trimestre\/","title":{"rendered":"Aquest dilluns 15 de juny ha tingut lloc el Ple ordinari de l\u2019Ajuntament de la Bisbal del Pened\u00e8s corresponent a aquest trimestre"},"content":{"rendered":"<p><a href=\"http:\/\/bisbalpenedes.com\/web\/wp-content\/uploads\/2020\/06\/200617-PLE-ORDINARI-TELEMaTIC-LA-BISBAL-DEL-PENEDES.jpg\"><img loading=\"lazy\" class=\"aligncenter size-large wp-image-13867\" src=\"http:\/\/bisbalpenedes.com\/web\/wp-content\/uploads\/2020\/06\/200617-PLE-ORDINARI-TELEMaTIC-LA-BISBAL-DEL-PENEDES-1024x456.jpg\" alt=\"200617 PLE ORDINARI TELEMaTIC-LA BISBAL DEL PENEDES\" width=\"630\" height=\"281\" srcset=\"https:\/\/bisbalpenedes.com\/web\/wp-content\/uploads\/2020\/06\/200617-PLE-ORDINARI-TELEMaTIC-LA-BISBAL-DEL-PENEDES-1024x456.jpg 1024w, https:\/\/bisbalpenedes.com\/web\/wp-content\/uploads\/2020\/06\/200617-PLE-ORDINARI-TELEMaTIC-LA-BISBAL-DEL-PENEDES-600x267.jpg 600w, https:\/\/bisbalpenedes.com\/web\/wp-content\/uploads\/2020\/06\/200617-PLE-ORDINARI-TELEMaTIC-LA-BISBAL-DEL-PENEDES-300x133.jpg 300w, https:\/\/bisbalpenedes.com\/web\/wp-content\/uploads\/2020\/06\/200617-PLE-ORDINARI-TELEMaTIC-LA-BISBAL-DEL-PENEDES-768x342.jpg 768w\" sizes=\"(max-width: 630px) 100vw, 630px\" \/><\/a><\/p>\n<p style=\"text-align: justify;\"><span style=\"color: #000000;\">Aquest dilluns 15 de juny ha tingut lloc el Ple ordinari de l\u2019Ajuntament de la Bisbal del Pened\u00e8s corresponent a aquest trimestre. El Ple ha comptat amb l\u2019assist\u00e8ncia de tots els membres de la Corporaci\u00f3 Municipal i s\u2019ha celebrat telem\u00e0ticament, i en directe, a trav\u00e9s d\u2019internet. Es pot tornar a veure en aquest enlla\u00e7: <a style=\"color: #000000;\" href=\"https:\/\/youtu.be\/U5NdW0-3cOw\">https:\/\/youtu.be\/U5NdW0-3cOw<\/a><\/span><\/p>\n<p style=\"text-align: justify;\"><span style=\"color: #000000;\">S\u2019hi han tractat els seg\u00fcents punts, corresponents a l\u2019ordre del dia:<\/span><\/p>\n<p style=\"text-align: justify;\"><span style=\"color: #000000;\"><strong>Punt 1<\/strong>. <strong>Aprovaci\u00f3 de l\u2019acta de la sessi\u00f3 del Ple ordinari anterior del 16 de mar\u00e7 de 2020.<\/strong><\/span><\/p>\n<p style=\"text-align: justify;\"><span style=\"color: #000000;\"><u>S\u2019ha aprovat per unanimitat<\/u> amb els vots a favor de Comprom\u00eds amb la Bisbal (6), PSC (2), Units per la Bisbal \u2013 FIC (1), Ara la Bisbal (1) i ERC-AM (1).<\/span><\/p>\n<p style=\"text-align: justify;\"><span style=\"color: #000000;\"><strong>Punt 2.<\/strong> <strong>Aprovaci\u00f3 de l\u2019acta del Ple extraordinari de l\u201911 de maig de 2020.<\/strong><\/span><\/p>\n<p style=\"text-align: justify;\"><span style=\"color: #000000;\"><u>S\u2019ha aprovat per unanimitat <\/u>amb els vots a favor de Comprom\u00eds amb la Bisbal (6), PSC (2), Units per la Bisbal \u2013 FIC (1), Ara la Bisbal (1) i ERC-AM (1).<\/span><\/p>\n<p style=\"text-align: justify;\"><span style=\"color: #000000;\"><strong>Punt 3.<\/strong> <strong>Aprovaci\u00f3 de la modificaci\u00f3 del Calendari Fiscal 2020<\/strong><\/span><\/p>\n<p style=\"text-align: justify;\"><span style=\"color: #000000;\"><u>S\u2019ha aprovat per unanimitat<\/u> amb els vots a favor de Comprom\u00eds amb la Bisbal (6), PSC (2), Units per la Bisbal \u2013 FIC (1), Ara la Bisbal (1) i ERC-AM (1).<\/span><\/p>\n<p style=\"text-align: justify;\"><span style=\"color: #000000;\">El calendari fiscal per a l\u2019any 2020 es va aprovar en el Ple ordinari del 16 de desembre de 2020 per\u00f2, a causa de la declaraci\u00f3 de l\u2019Estat d\u2019alarma per la pand\u00e8mia de Covid-19, la Diputaci\u00f3 de Tarragona va aprovar per Decret, el 18 de mar\u00e7 de 2020, la suspensi\u00f3 els per\u00edodes d\u2019ingr\u00e9s inclosos al Calendari Fiscal i l\u2019Anunci de Cobrament Any 2020 pel que fa als ingressos de dret p\u00fablic de venciment peri\u00f2dic i notificaci\u00f3 col\u00b7lectiva dels municipis que tenen delegada la recaptaci\u00f3 a trav\u00e9s de l&#8217;organisme aut\u00f2nom BASE (<a style=\"color: #000000;\" href=\"http:\/\/www.base.cat\">www.base.cat<\/a>), amb l\u2019objectiu d\u2019alleugerir la c\u00e0rrega econ\u00f2mica de la ciutadania davant la crisi sanit\u00e0ria, i va anunciar la modificaci\u00f3 del calendari de pagaments. El nou calendari ja est\u00e0 vigent per\u00f2, com que el mes de desembre es va aprovar el calendari fiscal per a l\u2019any 2020 per Ple, l\u2019equip de govern ha considerat oport\u00fa elevar aquesta modificaci\u00f3 del Calendari Fiscal 2020 al Ple.<\/span><\/p>\n<p style=\"text-align: justify;\"><span style=\"color: #000000;\"><strong>Punt 4.<\/strong> <strong>Moci\u00f3 d&#8217;Alcaldia sobre el Manifest d&#8217;Alcaldes i Alcaldesses del Baix Pened\u00e8s per a una estrat\u00e8gia comuna per tal d\u2019impulsar socioecon\u00f2micament la comarca.<\/strong><\/span><\/p>\n<p style=\"text-align: justify;\"><span style=\"color: #000000;\"><u>S\u2019ha aprovat per unanimitat<\/u> amb els vots a favor de Comprom\u00eds amb la Bisbal (6), PSC (2), Units per la Bisbal \u2013 FIC (1), Ara la Bisbal (1) i ERC-AM (1).<\/span><\/p>\n<p style=\"text-align: justify;\"><span style=\"color: #000000;\">El Consell d\u2019alcaldes del Baix Pened\u00e8s del 12 de maig va aprovar un manifest perqu\u00e8 els municipis de la comarca compartissin una estrat\u00e8gia comuna per tal d\u2019impulsar socioecon\u00f2micament la comarca del Baix Pened\u00e8s. Inicialment es va posar en marxa la Taula del Baix Pened\u00e8s amb l\u2019objectiu de \u201cfer p\u00fablic el greuge continuat que pateix el conjunt de la comarca, que es tradueix en aspectes com una sostinguda baixa inversi\u00f3 per part de les administracions superiors, amb una distorsi\u00f3 entre la necessitat real i el nombre d\u2019efectius pel que fa a Mossos, Agents Rurals, Bombers i mestres, entre d\u2019altres (\u2026) i es van presentar esmenes concretes per als pressupostos del 2020 de la Generalitat de Catalunya que van ser desestimades al Ple del Parlament de Catalunya\u201d. Ara, davant la crisi sanit\u00e0ria i socioecon\u00f2mica de la pand\u00e8mia de Covid-19, \u201cla situaci\u00f3 socioecon\u00f2mica de la comarca s\u2019ha vist agreujada\u201d.<\/span><\/p>\n<p style=\"text-align: justify;\"><span style=\"color: #000000;\">Despr\u00e9s de l\u2019aprovaci\u00f3 del Pressupost 2020 de la Generalitat de Catalunya i l\u2019anunci de la revisi\u00f3 d\u2019aquest, els alcaldes i les alcaldesses del Baix Pened\u00e8s demanen que s\u2019incloguin, a la revisi\u00f3, de manera priorit\u00e0ria:<\/span><\/p>\n<p style=\"padding-left: 30px; text-align: justify;\"><span style=\"color: #000000;\">\u201ca) Les inversions necess\u00e0ries per millorar la sanitat a la comarca. Destacant les actuacions pendents a l\u2019Hospital del Vendrell d\u2019ampliaci\u00f3 del servei d\u2019Urg\u00e8ncies, consultes externes, hospitals de dies, llits d\u2019hospitalitzaci\u00f3, de pal\u00b7liatius i de llarga estada i aparcament.<\/span><\/p>\n<p style=\"padding-left: 30px; text-align: justify;\"><span style=\"color: #000000;\">b) Dotar tots els municipis de la comarca d\u2019un Pla de xoc de contractaci\u00f3 p\u00fablica destinat als col\u00b7lectius m\u00e9s afectats per la p\u00e8rdua de llocs de treball a conseq\u00fc\u00e8ncia de la Covid-19.<\/span><\/p>\n<p style=\"padding-left: 30px; text-align: justify;\"><span style=\"color: #000000;\">c) Incrementar els recursos personals i econ\u00f2mics per a les \u00e0rees d\u2019atenci\u00f3 a les persones en risc de vulnerabilitat.<\/span><\/p>\n<p style=\"padding-left: 30px; text-align: justify;\"><span style=\"color: #000000;\">d) La bonificaci\u00f3 dels peatges habituals a la C-32 en els trams que connecten la comarca amb altres punts com s\u00f3n les entrades a la mateixa autopista i el peatge de Cubelles, el 100% de l\u2019import total, mentre duri la concessi\u00f3.<\/span><\/p>\n<p style=\"padding-left: 30px; text-align: justify;\"><span style=\"color: #000000;\">Demanem tamb\u00e9 que s\u2019atenguin el conjunt de propostes plantejades el passat mes de gener a la Taula del Baix Pened\u00e8s (mobilitat, pol\u00edtica industrial, sostenibilitat, medi natural, etc.)<\/span><\/p>\n<p style=\"padding-left: 30px; text-align: justify;\"><span style=\"color: #000000;\">Donar trasllat d\u2019aquest manifest al Govern de la Generalitat, a tots els grups pol\u00edtics del Parlament de Catalunya, als membres de la Taula del Baix Pened\u00e8s i a tots els ajuntaments de la comarca\u201d.<\/span><\/p>\n<p style=\"text-align: justify;\"><span style=\"color: #000000;\"><strong>Punt 5.<\/strong> <strong>Moci\u00f3 d&#8217;Alcaldia per a unes escoles i una educaci\u00f3 amb seguretat al Baix Pened\u00e8s<\/strong><\/span><\/p>\n<p style=\"text-align: justify;\"><span style=\"color: #000000;\"><u>S\u2019ha aprovat<\/u> amb els vots a favor de Comprom\u00eds amb la Bisbal (6), PSC (2), Units per la Bisbal \u2013 FIC (1) i Ara la Bisbal (1) i l\u2019abstenci\u00f3 d\u2019ERC-AM (1).<\/span><\/p>\n<p style=\"text-align: justify;\"><span style=\"color: #000000;\">El Ple extraordinari i urgent del Consell Comarcal del Baix Pened\u00e8s, celebrat el 26 de maig de 2020, va aprovar per majoria absoluta la moci\u00f3 que s\u2019ha elevat al Ple ordinari de l\u2019Ajuntament de la Bisbal del Pened\u00e8s aquest dilluns 15 de juny de 2020. Es tracta d\u2019una moci\u00f3 que manifesta \u201cla seva preocupaci\u00f3 en refer\u00e8ncia al futur de les escoles dels nostres municipis i a l\u2019educaci\u00f3 dels nostres alumnes\u201d i proposava l\u2019adopci\u00f3 dels seg\u00fcents acords:<\/span><\/p>\n<p style=\"padding-left: 30px; text-align: justify;\"><span style=\"color: #000000;\">\u201cPRIMER. Demanar al Departament d\u2019Educaci\u00f3 que abans de fer p\u00fabliques decisions que puguin afectar les compet\u00e8ncies, responsabilitats, serveis, instal\u00b7lacions, pressupostos o autonomia del Consell Comarcal i dels ajuntaments del Baix Pened\u00e8s es reuneixi amb els municipis per acordar les diferents f\u00f3rmules de col\u00b7laboraci\u00f3 entre administracions. Actuar d\u2019una altra manera, com s\u2019ha fet, pot posar en risc aquestes col\u00b7laboracions.<\/span><\/p>\n<p style=\"padding-left: 30px; text-align: justify;\"><span style=\"color: #000000;\">SEGON. Donar trasllat de l\u2019acord al Consell Comarcal del Baix Pened\u00e8s, a l\u2019Escola Ull de Vent, a l\u2019IES Coster de la Torre, als Serveis Territorials d\u2019Educaci\u00f3 del Camp de Tarragona, a la Conselleria d\u2019Educaci\u00f3 del Govern de la Generalitat de Catalunya i als ajuntaments de la comarca\u201d.<\/span><\/p>\n<p style=\"text-align: justify;\"><span style=\"color: #000000;\"><strong>Punt 6.<\/strong> <strong>Donar compte de la Resoluci\u00f3 de la Comissi\u00f3 de preus de Catalunya sobre la modificaci\u00f3 de les tarifes del servei de subministrament d\u2019aigua.<\/strong><\/span><\/p>\n<p style=\"text-align: justify;\"><span style=\"color: #000000;\">El Ple extraordinari del 12 de desembre de 2019 va aprovar, per unanimitat, la no acceptaci\u00f3 de la modificaci\u00f3 de tarifes del servei d\u2019abastament d\u2019aigua potable proposada per l\u2019empresa concession\u00e0ria FCC-Aqualia S.A. La modificaci\u00f3 plantejada suposava l\u2019augment de la tarifa del 1r tram de consum (de 0 a 20m\u00b3) i l\u2019increment de dues de les tres quotes fixes: la quota de servei i la de conservaci\u00f3 d\u2019infraestructures. Despr\u00e9s del Ple, es va remetre l\u2019acord a la Comissi\u00f3 de Preus de Catalunya que ha acordat, a data d\u201911 de febrer de 2020, denegar la sol\u00b7licitud de modificaci\u00f3 de tarifes, d\u2019acord amb les conclusions del Ple del 12 de desembre de 2019. Al Ple d\u2019aquest dilluns 15 de juny de 2020 s\u2019ha donat compte de la resoluci\u00f3 de la Comissi\u00f3 de Preus de Catalunya.<\/span><\/p>\n<p style=\"text-align: justify;\"><span style=\"color: #000000;\"><strong>Punt 7.<\/strong> <strong>Donar compte del Decret d\u2019Alcaldia d\u2019aprovaci\u00f3 de la liquidaci\u00f3 del pressupost de l\u2019exercici 2019<\/strong><\/span><\/p>\n<p style=\"text-align: justify;\"><span style=\"color: #000000;\">S\u2019ha donat compte al Ple del Decret d\u2019alcaldia del 14 de mar\u00e7 de 2020 d\u2019aprovaci\u00f3 de la liquidaci\u00f3 del pressupost de l\u2019exercici 2019. La liquidaci\u00f3 aprovada va ser enviada a la Comunitat Aut\u00f2noma i al Ministeri d\u2019Hisenda, tal com estableix l\u2019Ordre HAP\/2105\/2012, de l\u20191 d\u2019octubre, per la qual es desenvolupen les obligacions de subministrament d\u2019informaci\u00f3 previstes a la Llei org\u00e0nica 2\/2012, del 17 d\u2019abril, d\u2019estabilitat pressupost\u00e0ria i sostenibilitat financera.<\/span><\/p>\n<p style=\"text-align: justify;\"><span style=\"color: #000000;\"><strong>Punt 8.<\/strong> <strong>Donar compte de l\u2019informe d\u2019Intervenci\u00f3 d\u2019avaluaci\u00f3 de les regles fiscals de la liquidaci\u00f3 del pressupost de l\u2019exercici 2019<\/strong><\/span><\/p>\n<p style=\"text-align: justify;\"><span style=\"color: #000000;\">Es dona compte de l\u2019informe d\u2019intervenci\u00f3 de la liquidaci\u00f3 del pressupost 2019, d\u2019acord amb el Reglament de desenvolupament de la Llei 18\/2001, del 12 de desembre, d\u2019estabilitat pressupost\u00e0ria, en la seva aplicaci\u00f3 a les entitats locals, aprovat pel Reial Decret 1463\/2007, del 2 de novembre.<\/span><\/p>\n<p style=\"text-align: justify;\"><span style=\"color: #000000;\">L\u2019informe certifica que:<\/span><\/p>\n<p style=\"text-align: justify;\"><span style=\"color: #000000;\">L\u2019Ajuntament compleix amb l\u2019objectiu d\u2019estabilitat pressupost\u00e0ria, ja que hi ha super\u00e0vit pressupostari i l\u2019Ajuntament t\u00e9 una capacitat de finan\u00e7ament d\u20191.030.156,39\u20ac<\/span><\/p>\n<p style=\"text-align: justify;\"><span style=\"color: #000000;\">L\u2019Ajuntament compleix l\u2019objectiu de la regla de la despesa, ja que la variaci\u00f3 de la despesa computable entre el 2019 i el 2018 no supera la taxa de refer\u00e8ncia del creixement del PIB, publicada pel Ministeri d\u2019Economia, d\u2019acord amb la metodologia utilitzada per la Comissi\u00f3 Europea en aplicaci\u00f3 de la seva normativa.<\/span><\/p>\n<p style=\"text-align: justify;\"><span style=\"color: #000000;\">L\u2019Ajuntament compleix amb l\u2019objectiu del l\u00edmit de deute p\u00fablic. L\u2019import del deute viu total a 31 de desembre de 2019 \u00e9s d\u20191.172.708,82\u20ac. Aquesta quantitat suposa un deute viu del 28,83% i, per tant, \u00e9s inferior al l\u00edmit del 110% que estableix la normativa vigent.<\/span><\/p>\n<p style=\"text-align: justify;\"><span style=\"color: #000000;\"><strong>Punt 9.<\/strong> <strong>Donar compte del Decret d\u2019Alcaldia d\u2019aprovaci\u00f3 del pla pressupostari a mitj\u00e0 termini<\/strong><\/span><\/p>\n<p style=\"text-align: justify;\"><span style=\"color: #000000;\">Es dona compte al Ple del Decret d\u2019Alcaldia, del 13 de mar\u00e7 de 2020, d\u2019aprovaci\u00f3 del pla pressupostari a mitj\u00e0 termini per al per\u00edode 2021-2023 en compliment de les obligacions de subministrament d\u2019informaci\u00f3 previstes a la Llei org\u00e0nica 2\/2012, del 27 d\u2019abril, d\u2019estabilitat pressupost\u00e0ria i sostenibilitat financera. El Pla contempla la previsi\u00f3 d\u2019ingressos i despeses per als exercicis 2021, 2022 i 2023.<\/span><\/p>\n<p style=\"text-align: justify;\"><span style=\"color: #000000;\"><strong>Punts 10 i 11.<\/strong> <strong>Donar compte de l\u2019informe d\u2019Intervenci\u00f3 d\u2019avaluaci\u00f3 de les regles fiscals de la modificaci\u00f3 de cr\u00e8dit 1ALC\/2020 en la modalitat de generaci\u00f3 de cr\u00e8dits per ingressos i donar compte de l\u2019informe d\u2019Intervenci\u00f3 d\u2019avaluaci\u00f3 de les regles fiscals de la modificaci\u00f3 de cr\u00e8dit 2ALC\/2020 en la modalitat d\u2019incorporaci\u00f3 de romanents de cr\u00e8dit.<\/strong><\/span><\/p>\n<p style=\"text-align: justify;\"><span style=\"color: #000000;\">Es dona compte de l\u2019informe favorable d\u2019intervenci\u00f3 que acompanya la modificaci\u00f3 de cr\u00e8dit 1ALC\/2020, aprovada per Decret d\u2019Alcaldia el 6 de febrer de 2020. L\u2019informe \u00e9s favorable a la modificaci\u00f3 de cr\u00e8dit de la partida de formaci\u00f3 perqu\u00e8 es compleixen tots els par\u00e0metres que marca la Llei d\u2019estabilitat pressupost\u00e0ria i sostenibilitat financera. La partida de formaci\u00f3 tenia 8.000\u20ac i es va incrementar fins als 25.400\u20ac amb 17.400\u20ac provinents de la subvenci\u00f3 derivada del conveni de col\u00b7laboraci\u00f3 amb el Consell Comarcal del Baix Pened\u00e8s i altres ajuntaments de la comarca per al desenvolupament del programa \u201cXarxa d\u2019Ocupaci\u00f3 del Baix Pened\u00e8s\u201d.<\/span><\/p>\n<p style=\"text-align: justify;\"><span style=\"color: #000000;\">Es dona compte de l\u2019informe favorable d\u2019Intervenci\u00f3 d\u2019avaluaci\u00f3 de les regles fiscals de la modificaci\u00f3 de cr\u00e8dit 2ALC\/2020. Amb aquesta modificaci\u00f3 de cr\u00e8dit es van incorporar al pressupost de 2019 cr\u00e8dits corresponents a compromisos de despesa adquirits el 2019 per\u00f2 que no s\u2019havien pogut pagar perqu\u00e8 no estaven acabats quan va finalitzar l\u2019any 2019 i s\u2019aprovava el pagament de 272.146,96\u20ac amb partides de despesa del pressupost de l\u2019exercici 2019. Tamb\u00e9 es va aprovar la incorporaci\u00f3 de cr\u00e8dits de 2019 per a projectes que no s\u2019han pogut iniciar per un total d\u20191.034.981,46\u20ac corresponents a les obres de remodelaci\u00f3 del pavell\u00f3 poliesportiu i construcci\u00f3 de l\u2019edifici annex destinat a vestidors. Aquesta modificaci\u00f3 es finan\u00e7a amb diverses subvencions concedides i amb romanent de tresoreria.<\/span><\/p>\n<p style=\"text-align: justify;\"><span style=\"color: #000000;\"><strong>Punt 12.<\/strong> <strong>Donar compte de l\u2019execuci\u00f3 del pressupost del primer trimestre de 2020<\/strong><\/span><\/p>\n<p style=\"text-align: justify;\"><span style=\"color: #000000;\">Es dona compte de l\u2019enviament al Ministeri d\u2019Hisenda i Administracions p\u00fabliques del resum de l\u2019estat d\u2019execuci\u00f3 del pressupost del primer trimestre de 2020 i de l\u2019informe de secretaria-intervenci\u00f3, conforme s\u2019ha tram\u00e8s la informaci\u00f3 dins el termini establert.<\/span><\/p>\n<p style=\"text-align: justify;\"><span style=\"color: #000000;\"><strong>Punt 13.<\/strong> <strong>Donar compte del per\u00edode mitj\u00e0 de pagament del primer trimestre de 2020<\/strong><\/span><\/p>\n<p style=\"text-align: justify;\"><span style=\"color: #000000;\">Es dona compte al Ple del per\u00edode mitj\u00e0 de pagament del primer trimestre de 2020, que \u00e9s de 29,35 dies. Aquesta informaci\u00f3 es va remetre al Ministeri d\u2019Hisenda, com exigeix la Llei, el passat 4 de maig.<\/span><\/p>\n<p style=\"text-align: justify;\"><span style=\"color: #000000;\"><strong>Punt 14.<\/strong> <strong>Donar\u00a0compte\u00a0dels\u00a0Decrets\u00a0d&#8217;Alcaldia<\/strong><\/span><\/p>\n<p style=\"text-align: justify;\"><span style=\"color: #000000;\">Es dona compte dels Decrets d\u2019alcaldia des del mes de mar\u00e7 fins a comen\u00e7aments de juny. Els Decrets s\u00f3n p\u00fablics des del moment en qu\u00e8 se signen i es poden consultar al Portal de Transpar\u00e8ncia.<\/span><\/p>\n<p style=\"text-align: justify;\"><span style=\"color: #000000;\"><strong>Punt 15.<\/strong> <strong>Donar\u00a0compte\u00a0dels\u00a0acords\u00a0de\u00a0la\u00a0Junta\u00a0de\u00a0Govern\u00a0Local<\/strong><\/span><\/p>\n<p style=\"text-align: justify;\"><span style=\"color: #000000;\">Es dona compte dels acords de les Juntes de Govern Local des de l\u2019\u00faltim Ple ordinari fins ara. Les actes de les Juntes de Govern s\u00f3n p\u00fabliques i es pengen al Portal de Transpar\u00e8ncia quan estan aprovades.<\/span><\/p>\n<p style=\"text-align: justify;\"><span style=\"color: #000000;\"><strong>Punt 16<\/strong>. <strong>Informe\u00a0d&#8217;Alcaldia<\/strong><\/span><\/p>\n<p style=\"text-align: justify;\"><span style=\"color: #000000;\">L\u2019alcaldessa Agn\u00e8s Ferr\u00e9 informa de dos \u00e0mbits sobre els quals han sol\u00b7licitat informaci\u00f3 -mitjan\u00e7ant el registre d\u2019entrada de l\u2019Ajuntament de la Bisbal del Pened\u00e8s- els grups municipals del PSC, Units per la Bisbal \u2013 FIC i ERC-AM:<\/span><\/p>\n<p style=\"padding-left: 30px; text-align: justify;\"><span style=\"color: #000000;\"><strong>-Pagament de factures:<\/strong> l\u2019alcaldessa ha explicat que \u201cels Decrets d\u2019alcaldia que citen, del 2019, fan refer\u00e8ncia a l\u2019aprovaci\u00f3 de factures degudament conformades pels responsables dels respectius serveis, que acrediten que s\u2019ha prestat el servei o s\u2019ha rebut la compra sol\u00b7licitada. Per tant, tot el que es paga s\u2019ha fet o s\u2019ha comprat. Al pressupost hi ha cr\u00e8dit per pagar-les i les factures compleixen els requisits formals i materials exigits. L\u2019informe de secretaria-intervenci\u00f3 adverteix que hi ha defici\u00e8ncies en la seva tramitaci\u00f3 i\/o de facturacions realitzades sense cap contracte\u201d. Segons ha explicat Ferr\u00e9, \u201cper donar continu\u00eftat als serveis p\u00fablics en virtut de l\u2019inter\u00e8s general i d\u2019acord amb els informes emesos pels responsables dels serveis, i tenint en compte que s\u2019ha prestat efectivament el servei, les factures s\u2019aproven i es paguen. Si no es fes, es produiria un enriquiment injust, ja que no pagar\u00edem a qui ha prestat un servei o venut un producte a l\u2019Ajuntament\u201d.<\/span><\/p>\n<p style=\"padding-left: 30px; text-align: justify;\"><span style=\"color: #000000;\"><strong>-Compliment de la Llei de Protecci\u00f3 de Dades:<\/strong> l\u2019alcaldessa de la Bisbal del Pened\u00e8s, Agn\u00e8s Ferr\u00e9, ha explicat que \u201c\u00e9s molt complicat complir la Llei de Protecci\u00f3 de Dades i la Llei de Transpar\u00e8ncia perqu\u00e8 hi ha una l\u00ednia molt fineta\u201d i ha afegit que el que publica l\u2019Ajuntament \u00e9s \u201cen base a la Llei i a les recomanacions de la Diputaci\u00f3 de Tarragona i la Generalitat\u201d. Ferr\u00e9 ha volgut aclarir que les dades que es publiquen \u201cno tenen categoria d\u2019especial protecci\u00f3, de conformitat amb la Llei org\u00e0nica 3\/2018, del 5 de desembre, de Protecci\u00f3 de dades personals i garantia dels drets digitals\u201d i \u201cen cap cas apareix el nom i cognoms de l\u2019interessat i el seu n\u00famero d\u2019identificaci\u00f3 complet\u201d.<\/span><\/p>\n<p style=\"text-align: justify;\"><span style=\"color: #000000;\"><strong>Punt 17<\/strong>. <strong>Precs\u00a0i\u00a0preguntes<\/strong><\/span><\/p>\n<hr \/>\n<p style=\"text-align: justify;\"><span style=\"color: #000000;\"><strong>CASTELLANO |<\/strong> Este lunes 15 de junio ha tenido lugar el Pleno ordinario del Ayuntamiento de la Bisbal del Pened\u00e8s correspondiente a este trimestre. El Pleno ha contado con la asistencia de todos los miembros de la Corporaci\u00f3n municipal y se ha celebrado telem\u00e1ticamente, y en directo, a trav\u00e9s de internet. Se puede volver a ver en este enlace: <a style=\"color: #000000;\" href=\"https:\/\/youtu.be\/U5NdW0-3cOw\">https:\/\/youtu.be\/U5NdW0-3cOw<\/a><\/span><\/p>\n<p style=\"text-align: justify;\"><span style=\"color: #000000;\">Se han tratado los siguientes puntos, correspondientes al orden del d\u00eda:<\/span><\/p>\n<p style=\"text-align: justify;\"><span style=\"color: #000000;\"><strong>Punto 1. Aprobaci\u00f3n del acta de la sesi\u00f3n del Pleno ordinario anterior del 16 de marzo de 2020.<\/strong><\/span><\/p>\n<p style=\"text-align: justify;\"><span style=\"color: #000000;\">Se ha aprobado por unanimidad con los votos a favor de Comprom\u00eds amb la Bisbal (6), PSC (2), Units per la Bisbal \u2013 FIC (1), Ara la Bisbal (1) y ERC-AM (1).<\/span><\/p>\n<p style=\"text-align: justify;\"><span style=\"color: #000000;\"><strong>Punto 2. Aprobaci\u00f3n del acta del Pleno extraordinario del 11 de mayo de 2020.<\/strong><\/span><\/p>\n<p style=\"text-align: justify;\"><span style=\"color: #000000;\">Se ha aprobado por unanimidad con los votos a favor de Comprom\u00eds amb la Bisbal (6), PSC (2), Units per la Bisbal \u2013 FIC (1), Ara la Bisbal (1) y ERC-AM (1).<\/span><\/p>\n<p style=\"text-align: justify;\"><span style=\"color: #000000;\"><strong>Punto 3. Aprobaci\u00f3n de la modificaci\u00f3n del Calendario Fiscal 2020.<\/strong><\/span><\/p>\n<p style=\"text-align: justify;\"><span style=\"color: #000000;\">Se ha aprobado por unanimidad con los votos a favor de Comprom\u00eds amb la Bisbal (6), PSC (2), Units per la Bisbal \u2013 FIC (1), Ara la Bisbal (1) y ERC-AM (1).<\/span><\/p>\n<p style=\"text-align: justify;\"><span style=\"color: #000000;\">El calendario fiscal para el a\u00f1o 2020 se aprob\u00f3 en el Pleno ordinario del 16 de diciembre de 2020 pero, a causa de la declaraci\u00f3n del Estado de alarma por la pandemia de Covid-19, la Diputaci\u00f3n de Tarragona aprob\u00f3 por Decreto, el 18 de marzo de 2020, la suspensi\u00f3n de los periodos de ingreso incluidos en el Calendario Fiscal y el Anuncio de Cobro A\u00f1o 2020 en cuanto a los ingresos de derecho p\u00fablico de vencimiento peri\u00f3dico y notificaci\u00f3n colectiva de los municipios que tienen delegada la recaudaci\u00f3n a trav\u00e9s del organismo aut\u00f3nomo BASE (<a style=\"color: #000000;\" href=\"http:\/\/www.base.cat\">www.base.cat<\/a>), con el objetivo de aligerar la carga econ\u00f3mica de la ciudadan\u00eda ante la crisis sanitaria, y anunci\u00f3 la modificaci\u00f3n del calendario de pagos. El nuevo calendario ya est\u00e1 vigente pero, teniendo en cuenta que el mes de diciembre se aprob\u00f3 el calendario fiscal para el a\u00f1o 2020 por Pleno, el equipo de gobierno ha considerado oportuno elevar esta modificaci\u00f3n del Calendario Fiscal 2020 al Pleno.<\/span><\/p>\n<p style=\"text-align: justify;\"><span style=\"color: #000000;\"><strong>Punto 4. Moci\u00f3n de Alcald\u00eda sobre el Manifiesto de Alcaldes y Alcaldesas del Baix Pened\u00e8s para una estrategia com\u00fan con tal de impulsar socioecon\u00f3micamente la comarca.<\/strong><\/span><\/p>\n<p style=\"text-align: justify;\"><span style=\"color: #000000;\">Se ha aprobado por unanimidad con los votos a favor de Comprom\u00eds amb la Bisbal (6), PSC (2), Units per la Bisbal \u2013 FIC (1), Ara la Bisbal (1) y ERC-AM (1).<\/span><\/p>\n<p style=\"text-align: justify;\"><span style=\"color: #000000;\">El Consejo de alcaldes del Baix Pened\u00e8s del 12 de mayo aprob\u00f3 un manifiesto para que los municipios de la comarca compartiesen una estrategia com\u00fan por tal de impulsar socioecon\u00f3micamente la comarca del Baix Pened\u00e8s. Inicialmente se puso en marcha la \u2018Taula del Baix Pened\u00e8s\u2019 con el objetivo de \u201chacer p\u00fablico el agravio continuado que sufre el conjunto de la comarca, que se traduce en aspectos como una sostenida baja inversi\u00f3n por parte de las administraciones superiores, con una distorsi\u00f3n entre la necesidad real y el n\u00famero de efectivos de Mossos, Agentes Rurales, Bomberos y maestros, entre otros (\u2026) y se presentaron enmiendas concretas para los presupuestos 2020 de la Generalitat de Catalunya que fueron desestimadas en el Pleno del Parlamento de Catalunya\u201d. Ahora, ante la crisis sanitaria y socioecon\u00f3mica de la pandemia de Covid-19, \u201cla situaci\u00f3n socioecon\u00f3mica de la comarca se ha visto agravada\u201d.<\/span><\/p>\n<p style=\"text-align: justify;\"><span style=\"color: #000000;\">Despu\u00e9s de la aprobaci\u00f3n del Presupuesto 2020 de la Generalitat de Catalunya y del anuncio de la revisi\u00f3n del mismo, los alcaldes y las alcaldesas del Baix Pened\u00e8s piden que se incluyan, en la revisi\u00f3n, de manera prioritaria.<\/span><\/p>\n<p style=\"padding-left: 30px; text-align: justify;\"><span style=\"color: #000000;\">\u201ca) Las inversiones necesarias para mejorar la sanidad de la comarca. Destacando las actuaciones pendientes en el Hospital del Vendrell de ampliaci\u00f3n del servicio de Urgencias, consultas externas, hospitales de d\u00eda, camas de hospitalizaci\u00f3n, de paliativos y de larga estancia y aparcamiento.<\/span><\/p>\n<p style=\"padding-left: 30px; text-align: justify;\"><span style=\"color: #000000;\">b) Dotar a todos los municipios de la comarca de un Plan de choque de contrataci\u00f3n p\u00fablica destinado a los colectivos m\u00e1s afectados por la p\u00e9rdida de puestos de trabajo a consecuencia de la Covid-19.<\/span><\/p>\n<p style=\"padding-left: 30px; text-align: justify;\"><span style=\"color: #000000;\">c) Incrementar los recursos personales y econ\u00f3micos para las \u00e1reas de atenci\u00f3n a las personas en riesgo de vulnerabilidad.<\/span><\/p>\n<p style=\"padding-left: 30px; text-align: justify;\"><span style=\"color: #000000;\">d) La bonificaci\u00f3n de los peajes habituales en la C-32 en los tramos que conectan la comarca con otros puntos como son las entradas al mismo autopista y el peaje de Cubelles, el 100% del importe total, mientras dure la concesi\u00f3n.<\/span><\/p>\n<p style=\"padding-left: 30px; text-align: justify;\"><span style=\"color: #000000;\">Pedimos tambi\u00e9n que se atiendan el conjunto de las propuestas planteadas el pasado mes de enero en la \u2018Taula del Baix Pened\u00e8s (movilidad, pol\u00edtica industrial, sostenibilidad, medio natural, etc.).<\/span><\/p>\n<p style=\"padding-left: 30px; text-align: justify;\"><span style=\"color: #000000;\">Dar traslado de este manifiesto al Gobierno de la Generalitat, a todos los grupos pol\u00edticos del Parlamento de Catalunya, a los miembros de la \u2018Taula del Baix Pened\u00e8s\u2019 y a todos los ayuntamientos de la comarca\u201d.<\/span><\/p>\n<p style=\"text-align: justify;\"><span style=\"color: #000000;\"><strong>Punto 5.<\/strong> <strong>Moci\u00f3n de Alcald\u00eda para unas escuelas y una educaci\u00f3n con seguridad en el Baix Pened\u00e8s.<\/strong><\/span><\/p>\n<p style=\"text-align: justify;\"><span style=\"color: #000000;\">Se ha aprobado con los votos a favor de Comprom\u00eds amb la Bisbal (6), PSC (2), Units per la Bisbal \u2013 FIC (1) y Ara la Bisbal (1) y la abstenci\u00f3n de ERC-AM (1).<\/span><\/p>\n<p style=\"text-align: justify;\"><span style=\"color: #000000;\">El Pleno extraordinario y urgente del Consell comarcal del Baix Pened\u00e8s, celebrado el 26 de mayo de 2020, aprob\u00f3 por mayor\u00eda absoluta la moci\u00f3n que se ha elevado al Pleno ordinario del Ayuntamiento de la Bisbal del Pened\u00e8s este lunes 15 de junio de 2020. Se trata de una moci\u00f3n que manifiesta \u201csu preocupaci\u00f3n en referencia al futuro de las escuelas de nuestros municipios y a la educaci\u00f3n de nuestros alumnos\u201d y propon\u00eda la adopci\u00f3n de los siguientes acuerdos:<\/span><\/p>\n<p style=\"padding-left: 30px; text-align: justify;\"><span style=\"color: #000000;\">\u201cPRIMERO. Pedir al Departamento de Educaci\u00f3n que antes de hacer p\u00fablicas decisiones que puedan afectar a las competencias, responsabilidades, servicios, instalaciones, presupuestos o autonom\u00eda del Consell Comarcal y de los ayuntamientos del Baix Pened\u00e8s se re\u00fana con los municipios para acordar las distintas f\u00f3rmulas de colaboraci\u00f3n entre administraciones. Actuar de otra manera, como se ha hecho, puede poner en riesgo estas colaboraciones.<\/span><\/p>\n<p style=\"padding-left: 30px; text-align: justify;\"><span style=\"color: #000000;\">SEGUNDO. Dar traslado del acuerdo al Consell Comarcal del Baix Pened\u00e8s, a la Escola Ull de Vent, al IES Coster de la Torre, a los Servicios Territoriales de Educaci\u00f3n del Camp de Tarragona, a la Conselleria d\u2019Educaci\u00f3 del Gobierno de la Generalitat de Catalunya y a los ayuntamientos de la comarca\u201d.<\/span><\/p>\n<p style=\"text-align: justify;\"><span style=\"color: #000000;\"><strong>Punto 6. Dar cuenta de la Resoluci\u00f3n de la Comisi\u00f3n de precios de Catalunya sobre la modificaci\u00f3n de las tarifas del servicio de suministro de agua. <\/strong><\/span><\/p>\n<p style=\"text-align: justify;\"><span style=\"color: #000000;\">El Pleno extraordinario del 12 de diciembre de 2019 aprob\u00f3, por unanimidad, la no aceptaci\u00f3n de la modificaci\u00f3n de tarifas del servicio de abastecimiento de agua potable propuesta por la empresa concesionaria FCC-Aqualia S.A. La modificaci\u00f3n planteada supon\u00eda el aumento de la tarifa del 1\u00ba tramo de consumo (de 0 a 20m\u00b3) y el incremento de dos de las tres cuotas fijas: la cuota de servicio y la de conservaci\u00f3n de infraestructuras. Despu\u00e9s del Pleno, se remiti\u00f3 el acuerdo a la Comisi\u00f3n de Precios de Catalunya que ha acordado, a fecha de 11 de febrero de 2020, denegar la solicitud de modificaci\u00f3n de tarifas, de acuerdo con las conclusiones del Pleno del 12 de diciembre de 2019. En el Pleno de este lunes 15 de junio de 2020 se ha dado cuenta de la resoluci\u00f3n de la Comisi\u00f3n de Precios de Catalunya.<\/span><\/p>\n<p style=\"text-align: justify;\"><span style=\"color: #000000;\"><strong>Punto 7. Dar cuenta del Decreto de Alcald\u00eda de aprobaci\u00f3n de la liquidaci\u00f3n del presupuesto del ejercicio 2019. <\/strong><\/span><\/p>\n<p style=\"text-align: justify;\"><span style=\"color: #000000;\">Se ha dado cuenta al Pleno del Decreto de alcald\u00eda del 14 de marzo de 2020 de aprobaci\u00f3n de la liquidaci\u00f3n del presupuesto del ejercicio 2019. La liquidaci\u00f3n aprobada fue enviada a la Comunidad Aut\u00f3noma y al Ministerio de Hacienda, tal como establece la Orden HAP\/2105\/2012, del 1 de octubre, por la cual se desarrollan las obligaciones de suministro de informaci\u00f3n previstas en la Ley org\u00e1nica 2\/2012, del 17 de abril, de estabilidad presupuestaria y sostenibilidad financiera.<\/span><\/p>\n<p style=\"text-align: justify;\"><span style=\"color: #000000;\"><strong>Punto 8. Dar cuenta del informe de Intervenci\u00f3n de evaluaci\u00f3n de las reglas fiscales de la liquidaci\u00f3n del presupuesto del ejercicio 2019. <\/strong><\/span><\/p>\n<p style=\"text-align: justify;\"><span style=\"color: #000000;\">Se da cuenta del informe de intervenci\u00f3n de la liquidaci\u00f3n del presupuesto 2019, de acuerdo con el Reglamento de desarrollo de la Ley 18\/2001, del 12 de diciembre, de estabilidad presupuestaria, en su aplicaci\u00f3n a las entidades locales, aprobado por el Real Decreto 1463\/2007, del 2 de noviembre.<\/span><\/p>\n<p style=\"text-align: justify;\"><span style=\"color: #000000;\">El informe certifica que:<\/span><\/p>\n<p style=\"text-align: justify;\"><span style=\"color: #000000;\">El Ayuntamiento cumple con el objetivo de estabilidad presupuestaria, ya que hay super\u00e1vit presupuestario y el Ayuntamiento tiene una capacidad de financiaci\u00f3n de 1.030.156,39\u20ac.<\/span><\/p>\n<p style=\"text-align: justify;\"><span style=\"color: #000000;\">El Ayuntamiento cumple el objetivo de la regla del gasto, ya que la variaci\u00f3n del gasto computable entre el 2019 y el 2018 no supera la tasa de referencia del crecimiento del PIB, publicada por el Ministerio de Econom\u00eda, de acuerdo con la metodolog\u00eda utilizada por la Comisi\u00f3n Europea en aplicaci\u00f3n de su normativa.<\/span><\/p>\n<p style=\"text-align: justify;\"><span style=\"color: #000000;\">El Ayuntamiento cumple con el objetivo del l\u00edmite de deuda p\u00fablica. El importe de la deuda viva total a 31 de diciembre de 2019 es de 1.172.708,82\u20ac. Esta cantidad supone una deuda vida del 28,83% y, por lo tanto, es inferior al l\u00edmite del 110% que establece la normativa vigente.<\/span><\/p>\n<p style=\"text-align: justify;\"><span style=\"color: #000000;\"><strong>Punto 9. Dar cuenta del Decreto de Alcald\u00eda de aprobaci\u00f3n del plan presupuestario a medio plazo.<\/strong><\/span><\/p>\n<p style=\"text-align: justify;\"><span style=\"color: #000000;\">Se da cuenta en el Pleno del Decreto de Alcald\u00eda, del 13 de marzo de 2020, de aprobaci\u00f3n del plan presupuestario a medio plazo para el periodo 2021-2023 en cumplimiento de las obligaciones de suministro de informaci\u00f3n previstas en la Ley org\u00e1nica 2\/2012, del 27 de abril, de estabilidad presupuestaria y sostenibilidad financiera. El Plan contempla la previsi\u00f3n de ingresos y gastos para los ejercicios 2021, 2022 y 2023.<\/span><\/p>\n<p style=\"text-align: justify;\"><span style=\"color: #000000;\"><strong>Puntos 10 y 11. Dar cuenta del informe de Intervenci\u00f3n de evaluaci\u00f3n de las reglas fiscales de la modificaci\u00f3n de cr\u00e9dito 1ALC\/2020 en la modalidad de generaci\u00f3n de cr\u00e9ditos para ingresos y dar cuenta del informe de Intervenci\u00f3n de evaluaci\u00f3n de las reglas fiscales de la modificaci\u00f3n de cr\u00e9dito 2ALC\/2020 en la modalidad de incorporaci\u00f3n de remanentes de cr\u00e9dito.<\/strong><\/span><\/p>\n<p style=\"text-align: justify;\"><span style=\"color: #000000;\">Se da cuenta del informe favorable de intervenci\u00f3n que acompa\u00f1a la modificaci\u00f3n de cr\u00e9dito 1ALC\/2020, aprobada por Decreto de Alcald\u00eda el 6 de febrero de 2020. El informe es favorable a la modificaci\u00f3n de cr\u00e9dito de la partida de formaci\u00f3n porque se cumplen todos los par\u00e1metros que marca la Ley de estabilidad presupuestaria y sostenibilidad financiera. La partida de formaci\u00f3n ten\u00eda 8.000\u20ac y se increment\u00f3 hasta los 25.400\u20ac con 17.400\u20ac provenientes de la subvenci\u00f3n derivada del convenio de colaboraci\u00f3n con el Consell Comarcal del Baix Pened\u00e8s y otros ayuntamientos de la comarca para el desarrollo del programa \u201cXarxa d\u2019Ocupaci\u00f3 del Baix Pened\u00e8s\u201d.<\/span><\/p>\n<p style=\"text-align: justify;\"><span style=\"color: #000000;\">Se da cuenta del informe favorable de Intervenci\u00f3n de evaluaci\u00f3n de las reglas fiscales de la modificaci\u00f3n de cr\u00e9dito 2ALC\/2020. Con esta modificaci\u00f3n de cr\u00e9dito se incorporaron al presupuesto del 2019 cr\u00e9ditos correspondientes a compromisos de gasto adquiridos el a\u00f1o 2019 y se aprobaba el pago de 272.146,96\u20ac con partidas de gasto del presupuesto del ejercicio 2019. Tambi\u00e9n se aprob\u00f3 la incorporaci\u00f3n de cr\u00e9ditos de 2019 para proyectos que no se han podido iniciar por un total de 1.034.981,46\u20ac correspondientes a las obras de remodelaci\u00f3n del pabell\u00f3n polideportivo y la construcci\u00f3n del edificio anexo destinado a vestidores. Esta modificaci\u00f3n se financia con los importes de varias subvenciones concedidas y con el remanente de tesorer\u00eda.<\/span><\/p>\n<p style=\"text-align: justify;\"><span style=\"color: #000000;\"><strong>Punto 12. Dar cuenta de la ejecuci\u00f3n del presupuesto del primer trimestre del 2020<\/strong><\/span><\/p>\n<p style=\"text-align: justify;\"><span style=\"color: #000000;\">Se da cuenta del env\u00edo al Ministerio de Hacienda y Administraciones p\u00fablicas del resumen del estado de ejecuci\u00f3n del presupuesto del primer trimestre del 2020 y del informe de secretar\u00eda-intervenci\u00f3n, conforme se ha enviado la informaci\u00f3n dentro del plazo establecido.<\/span><\/p>\n<p style=\"text-align: justify;\"><span style=\"color: #000000;\"><strong>Punto 13. Dar cuenta del periodo medio de pago del primer trimestre del 2020.<\/strong><\/span><\/p>\n<p style=\"text-align: justify;\"><span style=\"color: #000000;\">Se da cuenta al Pleno del periodo medio de pago del primer trimestre del 2020, que es de 29,35 d\u00edas. Esta informaci\u00f3n se envi\u00f3 al Ministerio de Hacienda, como exige la Ley, el pasado 4 de mayo.<\/span><\/p>\n<p style=\"text-align: justify;\"><span style=\"color: #000000;\"><strong>Punto 14. Dar cuenta de los Decretos de Alcald\u00eda.<\/strong><\/span><\/p>\n<p style=\"text-align: justify;\"><span style=\"color: #000000;\">Se da cuenta de los Decretos de alcald\u00eda desde el mes de mazo hasta inicios de junio. Los Decretos son p\u00fablicos desde el momento en el que se firman y se pueden consultar en el Portal de Transparencia.<\/span><\/p>\n<p style=\"text-align: justify;\"><span style=\"color: #000000;\"><strong>Punto 15. Dar cuenta de los acuerdos de la Junta de Gobierno Local.<\/strong><\/span><\/p>\n<p style=\"text-align: justify;\"><span style=\"color: #000000;\">Se da cuenta de los acuerdos de las Juntas de Gobierno Local desde el \u00faltimo Pleno ordinario hasta ahora. Las actas de las Juntas de Gobierno son p\u00fablicas y se cuelgan en el Portal de Transparencia cuando est\u00e1n aprobadas.<\/span><\/p>\n<p style=\"text-align: justify;\"><span style=\"color: #000000;\"><strong>Punto 16. Informe de Alcald\u00eda.<\/strong><\/span><\/p>\n<p style=\"text-align: justify;\"><span style=\"color: #000000;\">La alcaldesa Agn\u00e8s Ferr\u00e9 informa de dos \u00e1mbitos sobre los cuales han solicitado informaci\u00f3n -mediante el registro de entrada del Ayuntamiento de la Bisbal del Pened\u00e8s- los grupos municipales del PSC, Units per la Bisbal \u2013 FIC y ERC-AM.<\/span><\/p>\n<p style=\"padding-left: 30px; text-align: justify;\"><span style=\"color: #000000;\"><strong>-Pago de facturas: <\/strong>la alcaldesa ha explicado que \u201clos Decretos de alcald\u00eda que citan, del 2019, hacen referencia a la aprobaci\u00f3n de facturas debidamente conformadas por los responsables de los respectivos servicios, que acreditan que se ha prestado el servicio o se ha recibido la compra solicitada. Por lo tanto, todo lo que se paga se ha hecho o se ha comprado. En el presupuesto hay cr\u00e9dito para pagarlas y las facturas cumplen los requisitos formales y materiales exigidos. El informe de secretar\u00eda-intervenci\u00f3n advierte de que hay deficiencias en su tramitaci\u00f3n i\/o de facturas realizadas sin ning\u00fan contrato\u201d. Seg\u00fan ha explicado Ferr\u00e9, \u201cpara dar continuidad a los servicios p\u00fabicos en virtud del inter\u00e9s general y de acuerdo con los informes emitidos por los responsables de los servicios, y teniendo en cuenta que se ha prestado efectivamente el servicio, las facturas se aprueban y se pagan. Si no se hiciese, se producir\u00eda un enriquecimiento injusto, ya que no pagar\u00edamos a quien ha prestado un servicio o vendido un producto al Ayuntamiento\u201d.<\/span><\/p>\n<p style=\"padding-left: 30px; text-align: justify;\"><span style=\"color: #000000;\"><strong>-Cumplimiento de la Ley de Protecci\u00f3n de Datos:<\/strong> la alcaldesa de la Bisbal del Pened\u00e8s, Agn\u00e8s Ferr\u00e9, ha explicado que \u201ces muy complicado cumplir la Ley de Protecci\u00f3n de Datos y la Ley de Transparencia porque hay una l\u00ednea muy finita\u201d y ha a\u00f1adido que lo que publica el Ayuntamiento es \u201ccon base en la Ley y a las recomendaciones de la Diputaci\u00f3n de Tarragona y la Generalitat\u201d. Ferr\u00e9 ha querido aclarar que los datos que se publican \u201cno tienen categor\u00eda de especial protecci\u00f3n, de conformidad con la Ley org\u00e1nica 3\/2018, del 5 de diciembre, de Protecci\u00f3n de datos personales y garant\u00eda de los derechos digitales\u201d y \u201cen ning\u00fan caso aparece el nombre y los apellidos del interesado y su n\u00famero de identificaci\u00f3n completo\u201d.<\/span><\/p>\n<p style=\"text-align: justify;\"><span style=\"color: #000000;\"><strong>Punto 17<\/strong>. <strong>Ruegos y preguntas.<\/strong><\/span><\/p>\n<p style=\"text-align: center;\"><iframe loading=\"lazy\" src=\"https:\/\/www.youtube.com\/embed\/U5NdW0-3cOw\" width=\"560\" height=\"315\" frameborder=\"0\" allowfullscreen=\"allowfullscreen\"><\/iframe><\/p>\n","protected":false},"excerpt":{"rendered":"<p>Aquest dilluns 15 de juny ha tingut lloc el Ple ordinari de l\u2019Ajuntament de la Bisbal del Pened\u00e8s corresponent a aquest trimestre. El Ple ha comptat amb l\u2019assist\u00e8ncia de tots &hellip; <a href=\"https:\/\/bisbalpenedes.com\/web\/2020\/06\/17\/aquest-dilluns-15-de-juny-ha-tingut-lloc-el-ple-ordinari-de-lajuntament-de-la-bisbal-del-penedes-corresponent-a-aquest-trimestre\/\" class=\"more-link\">Read More<\/a><\/p>\n","protected":false},"author":4,"featured_media":13867,"comment_status":"closed","ping_status":"closed","sticky":false,"template":"","format":"standard","meta":[],"categories":[8,2250],"tags":[3892,249],"_links":{"self":[{"href":"https:\/\/bisbalpenedes.com\/web\/wp-json\/wp\/v2\/posts\/13866"}],"collection":[{"href":"https:\/\/bisbalpenedes.com\/web\/wp-json\/wp\/v2\/posts"}],"about":[{"href":"https:\/\/bisbalpenedes.com\/web\/wp-json\/wp\/v2\/types\/post"}],"author":[{"embeddable":true,"href":"https:\/\/bisbalpenedes.com\/web\/wp-json\/wp\/v2\/users\/4"}],"replies":[{"embeddable":true,"href":"https:\/\/bisbalpenedes.com\/web\/wp-json\/wp\/v2\/comments?post=13866"}],"version-history":[{"count":4,"href":"https:\/\/bisbalpenedes.com\/web\/wp-json\/wp\/v2\/posts\/13866\/revisions"}],"predecessor-version":[{"id":13871,"href":"https:\/\/bisbalpenedes.com\/web\/wp-json\/wp\/v2\/posts\/13866\/revisions\/13871"}],"wp:featuredmedia":[{"embeddable":true,"href":"https:\/\/bisbalpenedes.com\/web\/wp-json\/wp\/v2\/media\/13867"}],"wp:attachment":[{"href":"https:\/\/bisbalpenedes.com\/web\/wp-json\/wp\/v2\/media?parent=13866"}],"wp:term":[{"taxonomy":"category","embeddable":true,"href":"https:\/\/bisbalpenedes.com\/web\/wp-json\/wp\/v2\/categories?post=13866"},{"taxonomy":"post_tag","embeddable":true,"href":"https:\/\/bisbalpenedes.com\/web\/wp-json\/wp\/v2\/tags?post=13866"}],"curies":[{"name":"wp","href":"https:\/\/api.w.org\/{rel}","templated":true}]}}