{"id":13862,"date":"2020-06-16T18:50:43","date_gmt":"2020-06-16T16:50:43","guid":{"rendered":"http:\/\/bisbalpenedes.com\/web\/?p=13862"},"modified":"2020-06-16T18:50:43","modified_gmt":"2020-06-16T16:50:43","slug":"sobre-la-convocatoria-per-demanar-les-subvencions-per-a-les-persones-desocupades-que-shagin-establert-com-a-autonomes","status":"publish","type":"post","link":"https:\/\/bisbalpenedes.com\/web\/2020\/06\/16\/sobre-la-convocatoria-per-demanar-les-subvencions-per-a-les-persones-desocupades-que-shagin-establert-com-a-autonomes\/","title":{"rendered":"S\u2019obre la convocat\u00f2ria per demanar les subvencions per a les persones desocupades que s\u2019hagin establert com a aut\u00f2nomes"},"content":{"rendered":"<p style=\"text-align: justify;\"><span style=\"color: #000000;\">S\u2019obre la convocat\u00f2ria per demanar les subvencions per a les persones desocupades que s\u2019hagin establert com a aut\u00f2nomes per la posada en marxa d\u2019una activitat econ\u00f2mica el 2019.<\/span><\/p>\n<p style=\"text-align: justify;\"><span style=\"color: #000000;\">La finalitat d\u2019aquesta subvenci\u00f3 \u00e9s el foment de l\u2019ocupaci\u00f3 i l\u2019emprenedoria al municipi i el pressupost de 2020 compta amb una partida destinada a aquesta subvenci\u00f3 que ascendeix a 10.000\u20ac. L\u2019import m\u00e0xim que s\u2019atorgar\u00e0 per sol\u00b7licitant ser\u00e0 de 2.800\u20ac.<\/span><\/p>\n<p style=\"text-align: justify;\"><span style=\"color: #000000;\">El termini per presentar sol\u00b7licituds va del 16 de juny al 14 de juliol de 2020 (ambd\u00f3s inclosos) i s\u2019hauran de presentar de forma telem\u00e0tica.<\/span><\/p>\n<p style=\"text-align: justify;\"><span style=\"color: #000000;\">Podeu consultar les bases de la convocat\u00f2ria en aquest enlla\u00e7:<\/span>\u00a0<a href=\"https:\/\/www.diputaciodetarragona.cat\/ebop\/index.php?op=dwn&amp;tipus=i&amp;data=20200615&amp;anyp=2020&amp;num=03495&amp;v=i\">https:\/\/www.diputaciodetarragona.cat\/ebop\/index.php?op=dwn&amp;tipus=i&amp;data=20200615&amp;anyp=2020&amp;num=03495&amp;v=i<\/a><\/p>\n<p style=\"text-align: justify;\"><span style=\"color: #000000;\">Models de sol\u00b7licitud:<\/span> <a href=\"https:\/\/bisbalpenedes.com\/web\/subvencions-2019-2020\/\">https:\/\/bisbalpenedes.com\/web\/subvencions-2019-2020\/<\/a><\/p>\n<hr \/>\n<p style=\"text-align: justify;\"><span style=\"color: #000000;\"><strong>CASTELLANO |<\/strong>\u00a0Se abre la convocatoria para pedir las subvenciones para personas desocupadas que se hayan establecido como aut\u00f3nomas para la puesta en marcha de una actividad econ\u00f3mica en el 2019.<\/span><\/p>\n<p style=\"text-align: justify;\"><span style=\"color: #000000;\">La finalidad de esta subvenci\u00f3n es el fomento de la ocupaci\u00f3n y el emprendimiento en el municipio y el presupuesto del 2020 cuenta con una partida destinada a esta subvenci\u00f3n que asciende a 10.000\u20ac. El importe m\u00e1ximo que se otorgar\u00e1 por solicitante ser\u00e1 de 2.800\u20ac.<\/span><\/p>\n<p style=\"text-align: justify;\"><span style=\"color: #000000;\">El plazo para presentar solicitudes va del 16 de junio al 14 de julio de 2020 (ambos incluidos) y se tendr\u00e1n que presentar de forma telem\u00e1tica.<\/span><\/p>\n<p style=\"text-align: justify;\"><span style=\"color: #000000;\">Pod\u00e9is consultar las bases de la convocatoria en este enlace:<\/span><\/p>\n<p style=\"text-align: justify;\"><a href=\"https:\/\/www.diputaciodetarragona.cat\/ebop\/index.php?op=dwn&amp;tipus=i&amp;data=20200615&amp;anyp=2020&amp;num=03495&amp;v=i\">https:\/\/www.diputaciodetarragona.cat\/ebop\/index.php?op=dwn&amp;tipus=i&amp;data=20200615&amp;anyp=2020&amp;num=03495&amp;v=i<\/a><\/p>\n<p style=\"text-align: justify;\">Modelos de solicitud: <a href=\"https:\/\/bisbalpenedes.com\/web\/subvencions-2019-2020\/\">https:\/\/bisbalpenedes.com\/web\/subvencions-2019-2020\/<\/a><\/p>\n<p>&nbsp;<\/p>\n","protected":false},"excerpt":{"rendered":"<p>S\u2019obre la convocat\u00f2ria per demanar les subvencions per a les persones desocupades que s\u2019hagin establert com a aut\u00f2nomes per la posada en marxa d\u2019una activitat econ\u00f2mica el 2019. La finalitat &hellip; <a href=\"https:\/\/bisbalpenedes.com\/web\/2020\/06\/16\/sobre-la-convocatoria-per-demanar-les-subvencions-per-a-les-persones-desocupades-que-shagin-establert-com-a-autonomes\/\" class=\"more-link\">Read More<\/a><\/p>\n","protected":false},"author":4,"featured_media":12172,"comment_status":"closed","ping_status":"closed","sticky":false,"template":"","format":"standard","meta":[],"categories":[9,1578],"tags":[163,10,102],"_links":{"self":[{"href":"https:\/\/bisbalpenedes.com\/web\/wp-json\/wp\/v2\/posts\/13862"}],"collection":[{"href":"https:\/\/bisbalpenedes.com\/web\/wp-json\/wp\/v2\/posts"}],"about":[{"href":"https:\/\/bisbalpenedes.com\/web\/wp-json\/wp\/v2\/types\/post"}],"author":[{"embeddable":true,"href":"https:\/\/bisbalpenedes.com\/web\/wp-json\/wp\/v2\/users\/4"}],"replies":[{"embeddable":true,"href":"https:\/\/bisbalpenedes.com\/web\/wp-json\/wp\/v2\/comments?post=13862"}],"version-history":[{"count":1,"href":"https:\/\/bisbalpenedes.com\/web\/wp-json\/wp\/v2\/posts\/13862\/revisions"}],"predecessor-version":[{"id":13863,"href":"https:\/\/bisbalpenedes.com\/web\/wp-json\/wp\/v2\/posts\/13862\/revisions\/13863"}],"wp:featuredmedia":[{"embeddable":true,"href":"https:\/\/bisbalpenedes.com\/web\/wp-json\/wp\/v2\/media\/12172"}],"wp:attachment":[{"href":"https:\/\/bisbalpenedes.com\/web\/wp-json\/wp\/v2\/media?parent=13862"}],"wp:term":[{"taxonomy":"category","embeddable":true,"href":"https:\/\/bisbalpenedes.com\/web\/wp-json\/wp\/v2\/categories?post=13862"},{"taxonomy":"post_tag","embeddable":true,"href":"https:\/\/bisbalpenedes.com\/web\/wp-json\/wp\/v2\/tags?post=13862"}],"curies":[{"name":"wp","href":"https:\/\/api.w.org\/{rel}","templated":true}]}}