{"id":13857,"date":"2020-06-16T14:59:27","date_gmt":"2020-06-16T12:59:27","guid":{"rendered":"http:\/\/bisbalpenedes.com\/web\/?p=13857"},"modified":"2020-06-16T15:04:04","modified_gmt":"2020-06-16T13:04:04","slug":"sha-obert-el-termini-per-sollicitar-les-subvencions-en-materia-de-cultura-de-lexercici-2020","status":"publish","type":"post","link":"https:\/\/bisbalpenedes.com\/web\/2020\/06\/16\/sha-obert-el-termini-per-sollicitar-les-subvencions-en-materia-de-cultura-de-lexercici-2020\/","title":{"rendered":"S&#8217;ha obert el termini per sol\u00b7licitar les subvencions en mat\u00e8ria de Cultura de l&#8217;exercici 2020"},"content":{"rendered":"<p style=\"text-align: justify;\"><span style=\"color: #000000;\">Des d\u2019avui dimarts 16 de juny i fins al dia 14 de juliol\u00a0de 2020 es poden presentar sol\u00b7licituds per a la convocat\u00f2ria de subvencions en mat\u00e8ria de Cultura corresponents a l\u2019exercici 2020. Aquestes subvencions, que es convoquen d\u2019acord amb la Llei 38\/2003, de 17 de novembre, general de subvencions, s\u2019adrecen a totes les entitats, associacions sense \u00e0nim de lucre legalment constitu\u00efdes amb seu al municipi i que estiguin inscrites al Registre d\u2019Entitats, que estiguin al corrent de pagament amb l\u2019Ag\u00e8ncia Tribut\u00e0ria estatal i auton\u00f2mica, la Seguretat Social i l\u2019Ajuntament.<\/span><\/p>\n<p style=\"text-align: justify;\"><span style=\"color: #000000;\">La partida total del pressupost que es destina a aquestes subvencions ascendeix a 2.000\u20ac i les subvencions poden ser d\u2019un m\u00e0xim del 50% de les despeses subvencionables. Enguany la partida \u00e9s inferior a altres anys perqu\u00e8 al pressupost 2020 s\u2019han previst convenis amb les entitats Colla Castellera de la Bisbal del Pened\u00e8s \u2013 Bous i la Societat Cultural i Recreativa Bisbalenca.<\/span><\/p>\n<p style=\"text-align: justify;\"><span style=\"color: #000000;\">La convocat\u00f2ria de subvencions en mat\u00e8ria de Cultura persegueix diverses finalitats:<\/span><\/p>\n<p style=\"padding-left: 30px; text-align: justify;\"><span style=\"color: #000000;\">-Donar suport a activitats i despeses ordin\u00e0ries<br \/>\n<\/span><span style=\"color: #000000;\">-Fomentar el desenvolupament d\u2019activitats, programes o projectes culturals, impulsats per la societat civil dins el municipi<br \/>\n<\/span><span style=\"color: #000000;\">-Millorar la qualitat de vida de la ciutadania, fomentant els valors de conviv\u00e8ncia i cohesi\u00f3 social<br \/>\n<\/span><span style=\"color: #000000;\">-Potenciar les diades i festes populars<\/span><\/p>\n<p style=\"text-align: justify;\"><span style=\"color: #000000;\">Aix\u00ed, poden ser objecte de la subvenci\u00f3:<\/span><\/p>\n<p style=\"padding-left: 30px; text-align: justify;\"><span style=\"color: #000000;\">\u2013 Les despeses de subministrament: aigua, llum, gas<\/span><br \/>\n<span style=\"color: #000000;\"> \u2013 Les despeses de manteniment i conservaci\u00f3<\/span><br \/>\n<span style=\"color: #000000;\"> \u2013 Les actuacions de grups, lloguers d\u2019equips\u2026<\/span><br \/>\n<span style=\"color: #000000;\"> \u2013 Els lloguers d\u2019immobles<\/span><\/p>\n<p style=\"text-align: justify;\"><span style=\"color: #000000;\">No seran objecte de subvenci\u00f3:<\/span><\/p>\n<p style=\"padding-left: 30px; text-align: justify;\"><span style=\"color: #000000;\">\u2013 Viatges<\/span><br \/>\n<span style=\"color: #000000;\"> \u2013 Indemnitzacions i dietes<\/span><br \/>\n<span style=\"color: #000000;\"> \u2013 Despeses de menjar<\/span><br \/>\n<span style=\"color: #000000;\"> \u2013 Impostos<\/span><br \/>\n<span style=\"color: #000000;\"> \u2013 Despeses de gestoria<\/span><\/p>\n<p style=\"text-align: justify;\"><span style=\"color: #000000;\">Les sol\u00b7licituds -i la documentaci\u00f3- s\u2019hauran de presentar de manera telem\u00e0tica. Podeu descarregra els models aqu\u00ed:\u00a0<a href=\"https:\/\/bisbalpenedes.com\/web\/subvencions-2019-2020\/\" target=\"_blank\">https:\/\/bisbalpenedes.com\/web\/subvencions-2019-2020\/<\/a><\/span><\/p>\n<p style=\"text-align: justify;\"><span style=\"color: #000000;\">Podeu consultar les bases de la convocat\u00f2ria en aquest enlla\u00e7: <a style=\"color: #000000;\" href=\"https:\/\/www.diputaciodetarragona.cat\/ebop\/index.php?op=dwn&amp;tipus=i&amp;data=20200615&amp;anyp=2020&amp;num=03503&amp;v=i\">https:\/\/www.diputaciodetarragona.cat\/ebop\/index.php?op=dwn&amp;tipus=i&amp;data=20200615&amp;anyp=2020&amp;num=03503&amp;v=i<\/a><\/span><\/p>\n<hr \/>\n<p style=\"text-align: justify;\"><span style=\"color: #000000;\"><strong>CASTELLANO |<\/strong>\u00a0Desde hoy martes 16 de junio y hasta el d\u00eda 14 de julio de 2020 se pueden presentar solicitudes para la convocatoria de subvenciones en materia de Cultura correspondientes al ejercicio 2020. Estas subvenciones, que se convocan de acuerdo con la Ley 38\/2003, de 17 de noviembre, general de subvenciones, se dirigen a todas las entidades, asociaciones sin \u00e1nimo de lucro legalmente constituidas con sede en el municipio y que est\u00e9n inscritas en el Registro de Entidades, que est\u00e9n al corriente de pago con la Agencia Tributaria estatal y auton\u00f3mica, la Seguridad Social y el Ayuntamiento. La partida total del presupuesto que se destina a estas subvenciones asciende a 2.000\u20ac y las subvenciones pueden ser de un m\u00e1ximo del 50% de los gastos subvencionables. Este a\u00f1o la partida es inferior a otros a\u00f1os porque en el presupuesto 2020 se han previsto convenios con las entidades Colla Castellera de la Bisbal del Pened\u00e8s \u2013 Bous y la Societat Cultural i Recreativa Bisbalenca.<\/span><\/p>\n<p style=\"text-align: justify;\"><span style=\"color: #000000;\">La convocatoria de subvenciones en materia de Cultura persigue varias finalidades:<\/span><\/p>\n<p style=\"padding-left: 30px; text-align: justify;\"><span style=\"color: #000000;\">-Dar soporte a actividades y gastos ordinarios<br \/>\n<\/span><span style=\"color: #000000;\">-Fomentar el desarrollo de actividades, programas o proyectos culturales, impulsados por la sociedad civil dentro del municipio<br \/>\n<\/span><span style=\"color: #000000;\">-Mejorar la calidad de vida de la ciudadan\u00eda, fomentando los valores de convivencia y cohesi\u00f3n social<br \/>\n<\/span><span style=\"color: #000000;\">-Potenciar las\u00a0<em>diadas<\/em>\u00a0y fiestas populares<\/span><\/p>\n<p style=\"text-align: justify;\"><span style=\"color: #000000;\">As\u00ed, pueden ser objeto de la subvenci\u00f3n:<\/span><\/p>\n<p style=\"padding-left: 30px; text-align: justify;\"><span style=\"color: #000000;\">-Los gastos de suministro: agua, luz, gas<br \/>\n<\/span><span style=\"color: #000000;\">-Los gastos de mantenimiento y conservaci\u00f3n<br \/>\n<\/span><span style=\"color: #000000;\">-Las actuaciones de grupos, alquileres de equipos\u2026<br \/>\n<\/span><span style=\"color: #000000;\">-Los alquileres de inmuebles<\/span><\/p>\n<p style=\"text-align: justify;\"><span style=\"color: #000000;\">No ser\u00e1n objeto de subvenci\u00f3n:<\/span><\/p>\n<p style=\"padding-left: 30px; text-align: justify;\"><span style=\"color: #000000;\">-Viajes<br \/>\n<\/span><span style=\"color: #000000;\">-Indemnizaciones y dietas<br \/>\n<\/span><span style=\"color: #000000;\">-Gastos de comida<br \/>\n<\/span><span style=\"color: #000000;\">-Impuestos<br \/>\n<\/span><span style=\"color: #000000;\">-Gastos de gestor\u00eda<\/span><\/p>\n<p style=\"text-align: justify;\"><span style=\"color: #000000;\">Las solicitudes -y la documentaci\u00f3n- se tendr\u00e1n que presentar de manera telem\u00e1tica. Pod\u00e9is descargar los modelos aqu\u00ed:\u00a0<a href=\"https:\/\/bisbalpenedes.com\/web\/subvencions-2019-2020\/\" target=\"_blank\">https:\/\/bisbalpenedes.com\/web\/subvencions-2019-2020\/<\/a><\/span><\/p>\n<p style=\"text-align: justify;\"><span style=\"color: #000000;\">Pod\u00e9is consultar las bases de la convocatoria en este enlace:\u00a0<a style=\"color: #000000;\" href=\"https:\/\/www.diputaciodetarragona.cat\/ebop\/index.php?op=dwn&amp;tipus=i&amp;data=20200615&amp;anyp=2020&amp;num=03503&amp;v=i\">https:\/\/www.diputaciodetarragona.cat\/ebop\/index.php?op=dwn&amp;tipus=i&amp;data=20200615&amp;anyp=2020&amp;num=03503&amp;v=i<\/a><\/span><\/p>\n<p>&nbsp;<\/p>\n","protected":false},"excerpt":{"rendered":"<p>Des d\u2019avui dimarts 16 de juny i fins al dia 14 de juliol\u00a0de 2020 es poden presentar sol\u00b7licituds per a la convocat\u00f2ria de subvencions en mat\u00e8ria de Cultura corresponents a &hellip; <a href=\"https:\/\/bisbalpenedes.com\/web\/2020\/06\/16\/sha-obert-el-termini-per-sollicitar-les-subvencions-en-materia-de-cultura-de-lexercici-2020\/\" class=\"more-link\">Read More<\/a><\/p>\n","protected":false},"author":4,"featured_media":10404,"comment_status":"closed","ping_status":"closed","sticky":false,"template":"","format":"standard","meta":[],"categories":[13,8,2809],"tags":[225,351,102],"_links":{"self":[{"href":"https:\/\/bisbalpenedes.com\/web\/wp-json\/wp\/v2\/posts\/13857"}],"collection":[{"href":"https:\/\/bisbalpenedes.com\/web\/wp-json\/wp\/v2\/posts"}],"about":[{"href":"https:\/\/bisbalpenedes.com\/web\/wp-json\/wp\/v2\/types\/post"}],"author":[{"embeddable":true,"href":"https:\/\/bisbalpenedes.com\/web\/wp-json\/wp\/v2\/users\/4"}],"replies":[{"embeddable":true,"href":"https:\/\/bisbalpenedes.com\/web\/wp-json\/wp\/v2\/comments?post=13857"}],"version-history":[{"count":4,"href":"https:\/\/bisbalpenedes.com\/web\/wp-json\/wp\/v2\/posts\/13857\/revisions"}],"predecessor-version":[{"id":13861,"href":"https:\/\/bisbalpenedes.com\/web\/wp-json\/wp\/v2\/posts\/13857\/revisions\/13861"}],"wp:featuredmedia":[{"embeddable":true,"href":"https:\/\/bisbalpenedes.com\/web\/wp-json\/wp\/v2\/media\/10404"}],"wp:attachment":[{"href":"https:\/\/bisbalpenedes.com\/web\/wp-json\/wp\/v2\/media?parent=13857"}],"wp:term":[{"taxonomy":"category","embeddable":true,"href":"https:\/\/bisbalpenedes.com\/web\/wp-json\/wp\/v2\/categories?post=13857"},{"taxonomy":"post_tag","embeddable":true,"href":"https:\/\/bisbalpenedes.com\/web\/wp-json\/wp\/v2\/tags?post=13857"}],"curies":[{"name":"wp","href":"https:\/\/api.w.org\/{rel}","templated":true}]}}