{"id":13852,"date":"2020-06-16T12:01:11","date_gmt":"2020-06-16T10:01:11","guid":{"rendered":"http:\/\/bisbalpenedes.com\/web\/?p=13852"},"modified":"2020-06-16T12:01:33","modified_gmt":"2020-06-16T10:01:33","slug":"el-barri-de-baix-celebrara-una-festa-diferent-el-proper-cap-de-setmana","status":"publish","type":"post","link":"https:\/\/bisbalpenedes.com\/web\/2020\/06\/16\/el-barri-de-baix-celebrara-una-festa-diferent-el-proper-cap-de-setmana\/","title":{"rendered":"El Barri de Baix celebrar\u00e0 una festa del barri &#8216;diferent&#8217; el proper cap de setmana"},"content":{"rendered":"<div class=\"\" data-block=\"true\" data-editor=\"19fm4\" data-offset-key=\"faaj-0-0\">\n<div class=\"_1mf _1mj\" style=\"text-align: justify;\" data-offset-key=\"faaj-0-0\"><span style=\"color: #000000;\" data-offset-key=\"faaj-2-0\">Continua la celebraci\u00f3 de les festes dels barris, enguany d&#8217;una forma diferent. En la situaci\u00f3 actual s&#8217;ha optat per no anar a portar la coca per\u00f2 s&#8217;organitzen altres actes com els que tindran lloc aquest cap de setmana en el marc de la festa del Barri de Baix.<\/span><\/div>\n<\/div>\n<div class=\"\" style=\"text-align: justify;\" data-block=\"true\" data-editor=\"19fm4\" data-offset-key=\"fn7t-0-0\">\n<div class=\"_1mf _1mj\" data-offset-key=\"fn7t-0-0\">\n<hr \/>\n<\/div>\n<\/div>\n<div class=\"\" data-block=\"true\" data-editor=\"19fm4\" data-offset-key=\"fnmt5-0-0\">\n<div class=\"_1mf _1mj\" style=\"text-align: justify;\" data-offset-key=\"fnmt5-0-0\"><span style=\"color: #000000;\" data-offset-key=\"fnmt5-0-0\">Contin\u00faa la celebraci\u00f3n de las fiestas de los barrios, este a\u00f1o de una forma distinta. En la situaci\u00f3n actual se ha optado por no ir a llevar la coca pero se organizan otros actos como los tendr\u00e1n lugar este fin de semana en el marco de la fiesta del Barri de Baix.<\/span><\/div>\n<div class=\"_1mf _1mj\" style=\"text-align: justify;\" data-offset-key=\"fnmt5-0-0\"><a href=\"http:\/\/bisbalpenedes.com\/web\/wp-content\/uploads\/2020\/06\/barribaixadefinitiu.jpg\"><img loading=\"lazy\" class=\"aligncenter size-large wp-image-13853\" src=\"http:\/\/bisbalpenedes.com\/web\/wp-content\/uploads\/2020\/06\/barribaixadefinitiu-730x1024.jpg\" alt=\"barribaixadefinitiu\" width=\"630\" height=\"884\" srcset=\"https:\/\/bisbalpenedes.com\/web\/wp-content\/uploads\/2020\/06\/barribaixadefinitiu-730x1024.jpg 730w, https:\/\/bisbalpenedes.com\/web\/wp-content\/uploads\/2020\/06\/barribaixadefinitiu-600x842.jpg 600w, https:\/\/bisbalpenedes.com\/web\/wp-content\/uploads\/2020\/06\/barribaixadefinitiu-214x300.jpg 214w, https:\/\/bisbalpenedes.com\/web\/wp-content\/uploads\/2020\/06\/barribaixadefinitiu-768x1077.jpg 768w, https:\/\/bisbalpenedes.com\/web\/wp-content\/uploads\/2020\/06\/barribaixadefinitiu-scaled.jpg 1825w\" sizes=\"(max-width: 630px) 100vw, 630px\" \/><\/a><\/div>\n<\/div>\n","protected":false},"excerpt":{"rendered":"<p>Continua la celebraci\u00f3 de les festes dels barris, enguany d&#8217;una forma diferent. En la situaci\u00f3 actual s&#8217;ha optat per no anar a portar la coca per\u00f2 s&#8217;organitzen altres actes com &hellip; <a href=\"https:\/\/bisbalpenedes.com\/web\/2020\/06\/16\/el-barri-de-baix-celebrara-una-festa-diferent-el-proper-cap-de-setmana\/\" class=\"more-link\">Read More<\/a><\/p>\n","protected":false},"author":4,"featured_media":13853,"comment_status":"closed","ping_status":"closed","sticky":false,"template":"","format":"standard","meta":[],"categories":[13],"tags":[1915,1207,78,3092,618,126],"_links":{"self":[{"href":"https:\/\/bisbalpenedes.com\/web\/wp-json\/wp\/v2\/posts\/13852"}],"collection":[{"href":"https:\/\/bisbalpenedes.com\/web\/wp-json\/wp\/v2\/posts"}],"about":[{"href":"https:\/\/bisbalpenedes.com\/web\/wp-json\/wp\/v2\/types\/post"}],"author":[{"embeddable":true,"href":"https:\/\/bisbalpenedes.com\/web\/wp-json\/wp\/v2\/users\/4"}],"replies":[{"embeddable":true,"href":"https:\/\/bisbalpenedes.com\/web\/wp-json\/wp\/v2\/comments?post=13852"}],"version-history":[{"count":2,"href":"https:\/\/bisbalpenedes.com\/web\/wp-json\/wp\/v2\/posts\/13852\/revisions"}],"predecessor-version":[{"id":13855,"href":"https:\/\/bisbalpenedes.com\/web\/wp-json\/wp\/v2\/posts\/13852\/revisions\/13855"}],"wp:featuredmedia":[{"embeddable":true,"href":"https:\/\/bisbalpenedes.com\/web\/wp-json\/wp\/v2\/media\/13853"}],"wp:attachment":[{"href":"https:\/\/bisbalpenedes.com\/web\/wp-json\/wp\/v2\/media?parent=13852"}],"wp:term":[{"taxonomy":"category","embeddable":true,"href":"https:\/\/bisbalpenedes.com\/web\/wp-json\/wp\/v2\/categories?post=13852"},{"taxonomy":"post_tag","embeddable":true,"href":"https:\/\/bisbalpenedes.com\/web\/wp-json\/wp\/v2\/tags?post=13852"}],"curies":[{"name":"wp","href":"https:\/\/api.w.org\/{rel}","templated":true}]}}