{"id":13833,"date":"2020-06-15T09:34:27","date_gmt":"2020-06-15T07:34:27","guid":{"rendered":"http:\/\/bisbalpenedes.com\/web\/?p=13833"},"modified":"2020-06-17T09:50:52","modified_gmt":"2020-06-17T07:50:52","slug":"13833","status":"publish","type":"post","link":"https:\/\/bisbalpenedes.com\/web\/2020\/06\/15\/13833\/","title":{"rendered":"El Punt Verd obrir\u00e0 la tarda del dimecres a partir d&#8217;aquesta setmana"},"content":{"rendered":"<p style=\"text-align: justify;\"><span style=\"color: #000000;\">L\u2019Ajuntament de la Bisbal del Pened\u00e8s informa que, des d\u2019aquesta setmana, l\u2019horari del Punt Verd ser\u00e0 el seg\u00fcent:<\/span><\/p>\n<p style=\"padding-left: 30px; text-align: justify;\"><span style=\"color: #000000;\">-De dilluns a divendres de 9 a 13h<\/span><\/p>\n<p style=\"padding-left: 30px; text-align: justify;\"><span style=\"color: #000000;\">-Els dimecres de 17h a 20h<\/span><\/p>\n<p style=\"text-align: justify;\"><span style=\"color: #000000;\">El Punt Verd continua obert en horari redu\u00eft per la situaci\u00f3 generada per la Covid-19 per\u00f2 la Regidoria de Gesti\u00f3 de Residus ha incorporat una tarda d\u2019obertura per tal que, aquelles persones que no poden adre\u00e7ar-se al Punt Verd durant el mat\u00ed, puguin anar-hi la tarda que est\u00e0 obert.<\/span><\/p>\n<p style=\"text-align: justify;\"><span style=\"color: #000000;\">Recordem que l\u2019acc\u00e9s al recinte est\u00e0 controlat pel personal del servei i que els usuaris han de seguir les seg\u00fcents mesures obligat\u00f2ries:<\/span><\/p>\n<p style=\"padding-left: 30px; text-align: justify;\"><span style=\"color: #000000;\">-Respectar la dist\u00e0ncia de seguretat de 2 metres.<\/span><\/p>\n<p style=\"padding-left: 30px; text-align: justify;\"><span style=\"color: #000000;\">-Obligatorietat de l\u2019\u00fas de guants i mascareta.<\/span><\/p>\n<p style=\"padding-left: 30px; text-align: justify;\"><span style=\"color: #000000;\">-Portar les bosses de cada tipus de residu separades per poder-les dipositar al seu lloc, seguint les indicacions de l\u2019operari\/a.<\/span><\/p>\n<p style=\"padding-left: 30px; text-align: justify;\"><span style=\"color: #000000;\">-No es podr\u00e0 tocar res que no sigui els residus que porteu al Punt Verd.<\/span><\/p>\n<p style=\"padding-left: 30px; text-align: justify;\"><span style=\"color: #000000;\">-Els vehicles hauran d\u2019entrar d\u2019un en un, \u00e9s a dir, nom\u00e9s podr\u00e0 entrar un vehicle al recinte. Quan aquest hagi sortit, aleshores hi podr\u00e0 accedir el seg\u00fcent.<\/span><\/p>\n<p style=\"text-align: justify;\"><span style=\"color: #000000;\">Us recordem que, si no us podeu despla\u00e7ar al Punt Verd, el primer dilluns de cada mes es fa la recollida de trastos i voluminosos a domicili. Per optar a aquest servei cal que aviseu amb un m\u00ednim de 5 dies d\u2019antelaci\u00f3 a l\u2019Ajuntament de la Bisbal del Pened\u00e8s, trucant al 977688438.<\/span><\/p>\n<hr \/>\n<p style=\"text-align: justify;\"><span style=\"color: #000000;\"><strong>CASTELLANO |<\/strong>\u00a0<\/span><span style=\"color: #000000;\">El Ayuntamiento de la Bisbal del Pened\u00e8s informa de que, desde esta semana, el horario del Punt Verd ser\u00e1 el siguiente:<\/span><\/p>\n<p style=\"padding-left: 30px; text-align: justify;\"><span style=\"color: #000000;\">-De lunes a viernes de 9 a 13h<\/span><\/p>\n<p style=\"padding-left: 30px; text-align: justify;\"><span style=\"color: #000000;\">-Los mi\u00e9rcoles de 17h a 20h.<\/span><\/p>\n<p style=\"text-align: justify;\"><span style=\"color: #000000;\">El Punt Verd contin\u00faa abierto en horario reducido por la situaci\u00f3n generada por la Covid-19 pero la Concejal\u00eda de Gesti\u00f3n de Residuos ha incorporado una tarde de apertura por tal que, aquellas personas que no pueden dirigirse al Punt Verd durante la ma\u00f1ana, pueden ir la tarde que est\u00e1 abierto.<\/span><\/p>\n<p style=\"text-align: justify;\"><span style=\"color: #000000;\">Recordamos que el acceso al recinto est\u00e1 controlado por el personal del servicio y que los usuarios deben seguir las siguientes medidas obligatorias:<\/span><\/p>\n<p style=\"padding-left: 30px; text-align: justify;\"><span style=\"color: #000000;\">-Respetar la distancia de seguridad de 2 metros.<\/span><\/p>\n<p style=\"padding-left: 30px; text-align: justify;\"><span style=\"color: #000000;\">-Obligatoriedad del uso de guantes y mascarilla.<\/span><\/p>\n<p style=\"padding-left: 30px; text-align: justify;\"><span style=\"color: #000000;\">-Llevar las bolsas de cada tipo de residuo separadas para poderlas depositar en su sitio, siguiendo las indicaciones del\/la operario\/a.<\/span><\/p>\n<p style=\"padding-left: 30px; text-align: justify;\"><span style=\"color: #000000;\">-No se podr\u00e1 tocar nada que no sea los residuos que llev\u00e9is al Punt Verd.<\/span><\/p>\n<p style=\"padding-left: 30px; text-align: justify;\"><span style=\"color: #000000;\">-Los veh\u00edculos deber\u00e1n entrar de uno en uno, es decir, solo podr\u00e1 acceder un veh\u00edculo al recinto. Cuando este haya salido, entonces podr\u00e1 entrar el siguiente.<\/span><\/p>\n<p style=\"text-align: justify;\"><span style=\"color: #000000;\">Os recordamos que, si no os pod\u00e9is desplazar al Punt Verd, el primer lunes de cada mes se hace la recogida de trastos y voluminosos a domicilio. Para optar a este servicio ten\u00e9is que avisar con un m\u00ednimo de 5 d\u00edas de antelaci\u00f3n al Ayuntamiento de la Bisbal del Pened\u00e8s, llamando al 977688438.<\/span><\/p>\n<p>&nbsp;<\/p>\n","protected":false},"excerpt":{"rendered":"<p>L\u2019Ajuntament de la Bisbal del Pened\u00e8s informa que, des d\u2019aquesta setmana, l\u2019horari del Punt Verd ser\u00e0 el seg\u00fcent: -De dilluns a divendres de 9 a 13h -Els dimecres de 17h &hellip; <a href=\"https:\/\/bisbalpenedes.com\/web\/2020\/06\/15\/13833\/\" class=\"more-link\">Read More<\/a><\/p>\n","protected":false},"author":4,"featured_media":5123,"comment_status":"closed","ping_status":"closed","sticky":false,"template":"","format":"standard","meta":[],"categories":[3636,3215],"tags":[3559,629,1479,784,92],"_links":{"self":[{"href":"https:\/\/bisbalpenedes.com\/web\/wp-json\/wp\/v2\/posts\/13833"}],"collection":[{"href":"https:\/\/bisbalpenedes.com\/web\/wp-json\/wp\/v2\/posts"}],"about":[{"href":"https:\/\/bisbalpenedes.com\/web\/wp-json\/wp\/v2\/types\/post"}],"author":[{"embeddable":true,"href":"https:\/\/bisbalpenedes.com\/web\/wp-json\/wp\/v2\/users\/4"}],"replies":[{"embeddable":true,"href":"https:\/\/bisbalpenedes.com\/web\/wp-json\/wp\/v2\/comments?post=13833"}],"version-history":[{"count":3,"href":"https:\/\/bisbalpenedes.com\/web\/wp-json\/wp\/v2\/posts\/13833\/revisions"}],"predecessor-version":[{"id":13865,"href":"https:\/\/bisbalpenedes.com\/web\/wp-json\/wp\/v2\/posts\/13833\/revisions\/13865"}],"wp:featuredmedia":[{"embeddable":true,"href":"https:\/\/bisbalpenedes.com\/web\/wp-json\/wp\/v2\/media\/5123"}],"wp:attachment":[{"href":"https:\/\/bisbalpenedes.com\/web\/wp-json\/wp\/v2\/media?parent=13833"}],"wp:term":[{"taxonomy":"category","embeddable":true,"href":"https:\/\/bisbalpenedes.com\/web\/wp-json\/wp\/v2\/categories?post=13833"},{"taxonomy":"post_tag","embeddable":true,"href":"https:\/\/bisbalpenedes.com\/web\/wp-json\/wp\/v2\/tags?post=13833"}],"curies":[{"name":"wp","href":"https:\/\/api.w.org\/{rel}","templated":true}]}}