{"id":13828,"date":"2020-06-14T21:42:17","date_gmt":"2020-06-14T19:42:17","guid":{"rendered":"http:\/\/bisbalpenedes.com\/web\/?p=13828"},"modified":"2020-06-14T21:42:49","modified_gmt":"2020-06-14T19:42:49","slug":"la-bisbal-continuara-en-fase-3-la-setmana-vinent","status":"publish","type":"post","link":"https:\/\/bisbalpenedes.com\/web\/2020\/06\/14\/la-bisbal-continuara-en-fase-3-la-setmana-vinent\/","title":{"rendered":"La Bisbal del Pened\u00e8s continuar\u00e0 en Fase 3 la setmana vinent"},"content":{"rendered":"<p style=\"text-align: justify;\"><span style=\"color: #000000;\">Dem\u00e0 comencem una nova setmana en Fase 3. Podeu trobar tota la informaci\u00f3 sobre qu\u00e8 es pot fer i qu\u00e8 no es pot fer, a l&#8217;enlla\u00e7: <\/span><a href=\"https:\/\/interior.gencat.cat\/ca\/arees_dactuacio\/proteccio_civil\/consells_autoproteccio_emergencia\/malalties-transmissibles-emergents-amb-potencial-alt-risc-\/fase-3\/index.html%20%20%20%E2%80%AC\" target=\"_blank\">https:\/\/interior.gencat.cat\/ca\/arees_dactuacio\/proteccio_civil\/consells_autoproteccio_emergencia\/malalties-transmissibles-emergents-amb-potencial-alt-risc-\/fase-3\/index.html \u202c<\/a><\/p>\n<hr \/>\n<p style=\"text-align: justify;\"><span style=\"color: #000000;\">Ma\u00f1ana iniciamos una nueva semana en Fase 3. Pod\u00e9is encontrar toda la informaci\u00f3n sobre qu\u00e9 se puede hacer y qu\u00e9 no se puede hacer, en el enlace: <\/span><a href=\"https:\/\/interior.gencat.cat\/ca\/arees_dactuacio\/proteccio_civil\/consells_autoproteccio_emergencia\/malalties-transmissibles-emergents-amb-potencial-alt-risc-\/fase-3\/index.html%20%20%20%E2%80%AC\" target=\"_blank\">https:\/\/interior.gencat.cat\/ca\/arees_dactuacio\/proteccio_civil\/consells_autoproteccio_emergencia\/malalties-transmissibles-emergents-amb-potencial-alt-risc-\/fase-3\/index.html<\/a><\/p>\n<p style=\"text-align: justify;\"><a href=\"http:\/\/bisbalpenedes.com\/web\/wp-content\/uploads\/2020\/06\/666312B2-FAC3-4B15-9FC9-9D0C30CA94E4.jpeg\"><img loading=\"lazy\" class=\"aligncenter size-large wp-image-13829\" src=\"http:\/\/bisbalpenedes.com\/web\/wp-content\/uploads\/2020\/06\/666312B2-FAC3-4B15-9FC9-9D0C30CA94E4-724x1024.jpeg\" alt=\"666312B2-FAC3-4B15-9FC9-9D0C30CA94E4\" width=\"630\" height=\"891\" srcset=\"https:\/\/bisbalpenedes.com\/web\/wp-content\/uploads\/2020\/06\/666312B2-FAC3-4B15-9FC9-9D0C30CA94E4-724x1024.jpeg 724w, https:\/\/bisbalpenedes.com\/web\/wp-content\/uploads\/2020\/06\/666312B2-FAC3-4B15-9FC9-9D0C30CA94E4-600x849.jpeg 600w, https:\/\/bisbalpenedes.com\/web\/wp-content\/uploads\/2020\/06\/666312B2-FAC3-4B15-9FC9-9D0C30CA94E4-212x300.jpeg 212w, https:\/\/bisbalpenedes.com\/web\/wp-content\/uploads\/2020\/06\/666312B2-FAC3-4B15-9FC9-9D0C30CA94E4-768x1086.jpeg 768w, https:\/\/bisbalpenedes.com\/web\/wp-content\/uploads\/2020\/06\/666312B2-FAC3-4B15-9FC9-9D0C30CA94E4.jpeg 1414w\" sizes=\"(max-width: 630px) 100vw, 630px\" \/><\/a> <a href=\"http:\/\/bisbalpenedes.com\/web\/wp-content\/uploads\/2020\/06\/4D097D02-4A8F-4AC8-A788-818894BA18C5.jpeg\"><img loading=\"lazy\" class=\"aligncenter size-large wp-image-13830\" src=\"http:\/\/bisbalpenedes.com\/web\/wp-content\/uploads\/2020\/06\/4D097D02-4A8F-4AC8-A788-818894BA18C5-724x1024.jpeg\" alt=\"4D097D02-4A8F-4AC8-A788-818894BA18C5\" width=\"630\" height=\"891\" srcset=\"https:\/\/bisbalpenedes.com\/web\/wp-content\/uploads\/2020\/06\/4D097D02-4A8F-4AC8-A788-818894BA18C5-724x1024.jpeg 724w, https:\/\/bisbalpenedes.com\/web\/wp-content\/uploads\/2020\/06\/4D097D02-4A8F-4AC8-A788-818894BA18C5-600x849.jpeg 600w, https:\/\/bisbalpenedes.com\/web\/wp-content\/uploads\/2020\/06\/4D097D02-4A8F-4AC8-A788-818894BA18C5-212x300.jpeg 212w, https:\/\/bisbalpenedes.com\/web\/wp-content\/uploads\/2020\/06\/4D097D02-4A8F-4AC8-A788-818894BA18C5-768x1086.jpeg 768w, https:\/\/bisbalpenedes.com\/web\/wp-content\/uploads\/2020\/06\/4D097D02-4A8F-4AC8-A788-818894BA18C5.jpeg 1414w\" sizes=\"(max-width: 630px) 100vw, 630px\" \/><\/a><\/p>\n","protected":false},"excerpt":{"rendered":"<p>Dem\u00e0 comencem una nova setmana en Fase 3. Podeu trobar tota la informaci\u00f3 sobre qu\u00e8 es pot fer i qu\u00e8 no es pot fer, a l&#8217;enlla\u00e7: https:\/\/interior.gencat.cat\/ca\/arees_dactuacio\/proteccio_civil\/consells_autoproteccio_emergencia\/malalties-transmissibles-emergents-amb-potencial-alt-risc-\/fase-3\/index.html \u202c Ma\u00f1ana iniciamos &hellip; <a href=\"https:\/\/bisbalpenedes.com\/web\/2020\/06\/14\/la-bisbal-continuara-en-fase-3-la-setmana-vinent\/\" class=\"more-link\">Read More<\/a><\/p>\n","protected":false},"author":4,"featured_media":13829,"comment_status":"closed","ping_status":"closed","sticky":false,"template":"","format":"standard","meta":[],"categories":[3636,14],"tags":[3550,3559,3582,3891,82,28],"_links":{"self":[{"href":"https:\/\/bisbalpenedes.com\/web\/wp-json\/wp\/v2\/posts\/13828"}],"collection":[{"href":"https:\/\/bisbalpenedes.com\/web\/wp-json\/wp\/v2\/posts"}],"about":[{"href":"https:\/\/bisbalpenedes.com\/web\/wp-json\/wp\/v2\/types\/post"}],"author":[{"embeddable":true,"href":"https:\/\/bisbalpenedes.com\/web\/wp-json\/wp\/v2\/users\/4"}],"replies":[{"embeddable":true,"href":"https:\/\/bisbalpenedes.com\/web\/wp-json\/wp\/v2\/comments?post=13828"}],"version-history":[{"count":2,"href":"https:\/\/bisbalpenedes.com\/web\/wp-json\/wp\/v2\/posts\/13828\/revisions"}],"predecessor-version":[{"id":13832,"href":"https:\/\/bisbalpenedes.com\/web\/wp-json\/wp\/v2\/posts\/13828\/revisions\/13832"}],"wp:featuredmedia":[{"embeddable":true,"href":"https:\/\/bisbalpenedes.com\/web\/wp-json\/wp\/v2\/media\/13829"}],"wp:attachment":[{"href":"https:\/\/bisbalpenedes.com\/web\/wp-json\/wp\/v2\/media?parent=13828"}],"wp:term":[{"taxonomy":"category","embeddable":true,"href":"https:\/\/bisbalpenedes.com\/web\/wp-json\/wp\/v2\/categories?post=13828"},{"taxonomy":"post_tag","embeddable":true,"href":"https:\/\/bisbalpenedes.com\/web\/wp-json\/wp\/v2\/tags?post=13828"}],"curies":[{"name":"wp","href":"https:\/\/api.w.org\/{rel}","templated":true}]}}