{"id":13824,"date":"2020-06-15T15:00:00","date_gmt":"2020-06-15T13:00:00","guid":{"rendered":"http:\/\/bisbalpenedes.com\/web\/?p=13824"},"modified":"2020-06-12T12:33:25","modified_gmt":"2020-06-12T10:33:25","slug":"el-dimecres-17-de-juny-sobre-el-periode-de-matriculacions-per-a-la-llar-dinfants-municipal-loreneta","status":"publish","type":"post","link":"https:\/\/bisbalpenedes.com\/web\/2020\/06\/15\/el-dimecres-17-de-juny-sobre-el-periode-de-matriculacions-per-a-la-llar-dinfants-municipal-loreneta\/","title":{"rendered":"El dimecres 17 de juny s&#8217;obre el per\u00edode de matriculacions per a la Llar d&#8217;infants municipal l&#8217;Oreneta"},"content":{"rendered":"<div class=\"\" data-block=\"true\" data-editor=\"7med5\" data-offset-key=\"1fn5i-0-0\">\n<div class=\"_1mf _1mj\" style=\"text-align: justify;\" data-offset-key=\"1fn5i-0-0\"><span style=\"color: #000000;\" data-offset-key=\"1fn5i-2-0\">El dimecres 17 de juny s&#8217;obre el per\u00edode de matriculacions per a la Llar d&#8217;infants municipal l&#8217;Oreneta<\/span><\/div>\n<\/div>\n<div class=\"\" style=\"text-align: justify;\" data-block=\"true\" data-editor=\"7med5\" data-offset-key=\"e2btu-0-0\">\n<div class=\"_1mf _1mj\" data-offset-key=\"e2btu-0-0\"><span style=\"color: #000000;\" data-offset-key=\"e2btu-1-0\">Trobareu m\u00e9s informaci\u00f3 a la imatge adjunta o al web <a href=\"http:\/\/www.llardinfantsloreneta.cat\" target=\"_blank\">www.llardinfantsloreneta.cat<\/a><\/span><\/div>\n<\/div>\n<div class=\"\" style=\"text-align: justify;\" data-block=\"true\" data-editor=\"7med5\" data-offset-key=\"9lte2-0-0\">\n<div class=\"_1mf _1mj\" data-offset-key=\"9lte2-0-0\">\n<hr \/>\n<\/div>\n<\/div>\n<div class=\"\" style=\"text-align: justify;\" data-block=\"true\" data-editor=\"7med5\" data-offset-key=\"ci0il-0-0\">\n<div class=\"_1mf _1mj\" data-offset-key=\"ci0il-0-0\"><span style=\"color: #000000;\">El mi\u00e9rcoles 17 de junio se abre el periodo de matriculaciones para la Llar d&#8217;infants municipal l&#8217;Oreneta.<\/span><\/div>\n<\/div>\n<div class=\"\" data-block=\"true\" data-editor=\"7med5\" data-offset-key=\"c81em-0-0\">\n<div class=\"_1mf _1mj\" style=\"text-align: justify;\" data-offset-key=\"c81em-0-0\"><span style=\"color: #000000;\" data-offset-key=\"c81em-1-0\">Encontrar\u00e9is m\u00e1s informaci\u00f3n en la imagen adjunta o en la web <a href=\"http:\/\/www.llardinfantsloreneta.cat\" target=\"_blank\">www.llardinfantsloreneta.cat<\/a><\/span><\/div>\n<div class=\"_1mf _1mj\" style=\"text-align: justify;\" data-offset-key=\"c81em-0-0\"><\/div>\n<div class=\"_1mf _1mj\" style=\"text-align: justify;\" data-offset-key=\"c81em-0-0\"><a href=\"http:\/\/bisbalpenedes.com\/web\/wp-content\/uploads\/2020\/06\/llar_infants_flyer_2020_matricula_def.jpg\"><img loading=\"lazy\" class=\"aligncenter size-large wp-image-13825\" src=\"http:\/\/bisbalpenedes.com\/web\/wp-content\/uploads\/2020\/06\/llar_infants_flyer_2020_matricula_def-1024x1021.jpg\" alt=\"llar_infants_flyer_2020_matricula_def\" width=\"630\" height=\"628\" srcset=\"https:\/\/bisbalpenedes.com\/web\/wp-content\/uploads\/2020\/06\/llar_infants_flyer_2020_matricula_def-1024x1021.jpg 1024w, https:\/\/bisbalpenedes.com\/web\/wp-content\/uploads\/2020\/06\/llar_infants_flyer_2020_matricula_def-300x300.jpg 300w, https:\/\/bisbalpenedes.com\/web\/wp-content\/uploads\/2020\/06\/llar_infants_flyer_2020_matricula_def-100x100.jpg 100w, https:\/\/bisbalpenedes.com\/web\/wp-content\/uploads\/2020\/06\/llar_infants_flyer_2020_matricula_def-600x598.jpg 600w, https:\/\/bisbalpenedes.com\/web\/wp-content\/uploads\/2020\/06\/llar_infants_flyer_2020_matricula_def-150x150.jpg 150w, https:\/\/bisbalpenedes.com\/web\/wp-content\/uploads\/2020\/06\/llar_infants_flyer_2020_matricula_def-768x766.jpg 768w, https:\/\/bisbalpenedes.com\/web\/wp-content\/uploads\/2020\/06\/llar_infants_flyer_2020_matricula_def.jpg 1889w\" sizes=\"(max-width: 630px) 100vw, 630px\" \/><\/a><\/div>\n<\/div>\n","protected":false},"excerpt":{"rendered":"<p>El dimecres 17 de juny s&#8217;obre el per\u00edode de matriculacions per a la Llar d&#8217;infants municipal l&#8217;Oreneta Trobareu m\u00e9s informaci\u00f3 a la imatge adjunta o al web www.llardinfantsloreneta.cat El mi\u00e9rcoles &hellip; <a href=\"https:\/\/bisbalpenedes.com\/web\/2020\/06\/15\/el-dimecres-17-de-juny-sobre-el-periode-de-matriculacions-per-a-la-llar-dinfants-municipal-loreneta\/\" class=\"more-link\">Read More<\/a><\/p>\n","protected":false},"author":4,"featured_media":13825,"comment_status":"closed","ping_status":"closed","sticky":false,"template":"","format":"standard","meta":[],"categories":[3456],"tags":[181,272,1703,183,3889,3890],"_links":{"self":[{"href":"https:\/\/bisbalpenedes.com\/web\/wp-json\/wp\/v2\/posts\/13824"}],"collection":[{"href":"https:\/\/bisbalpenedes.com\/web\/wp-json\/wp\/v2\/posts"}],"about":[{"href":"https:\/\/bisbalpenedes.com\/web\/wp-json\/wp\/v2\/types\/post"}],"author":[{"embeddable":true,"href":"https:\/\/bisbalpenedes.com\/web\/wp-json\/wp\/v2\/users\/4"}],"replies":[{"embeddable":true,"href":"https:\/\/bisbalpenedes.com\/web\/wp-json\/wp\/v2\/comments?post=13824"}],"version-history":[{"count":2,"href":"https:\/\/bisbalpenedes.com\/web\/wp-json\/wp\/v2\/posts\/13824\/revisions"}],"predecessor-version":[{"id":13827,"href":"https:\/\/bisbalpenedes.com\/web\/wp-json\/wp\/v2\/posts\/13824\/revisions\/13827"}],"wp:featuredmedia":[{"embeddable":true,"href":"https:\/\/bisbalpenedes.com\/web\/wp-json\/wp\/v2\/media\/13825"}],"wp:attachment":[{"href":"https:\/\/bisbalpenedes.com\/web\/wp-json\/wp\/v2\/media?parent=13824"}],"wp:term":[{"taxonomy":"category","embeddable":true,"href":"https:\/\/bisbalpenedes.com\/web\/wp-json\/wp\/v2\/categories?post=13824"},{"taxonomy":"post_tag","embeddable":true,"href":"https:\/\/bisbalpenedes.com\/web\/wp-json\/wp\/v2\/tags?post=13824"}],"curies":[{"name":"wp","href":"https:\/\/api.w.org\/{rel}","templated":true}]}}