{"id":13816,"date":"2020-06-11T19:10:19","date_gmt":"2020-06-11T18:10:19","guid":{"rendered":"http:\/\/bisbalpenedes.com\/web\/?p=13816"},"modified":"2020-06-11T19:10:19","modified_gmt":"2020-06-11T18:10:19","slug":"saprova-una-subvencio-perque-els-alumnes-mes-vulnerables-de-lescola-ull-de-vent-puguin-formar-se-telematicament","status":"publish","type":"post","link":"https:\/\/bisbalpenedes.com\/web\/2020\/06\/11\/saprova-una-subvencio-perque-els-alumnes-mes-vulnerables-de-lescola-ull-de-vent-puguin-formar-se-telematicament\/","title":{"rendered":"S\u2019aprova una subvenci\u00f3 perqu\u00e8 els alumnes m\u00e9s vulnerables de l\u2019Escola Ull de Vent puguin formar-se telem\u00e0ticament"},"content":{"rendered":"<p style=\"text-align: justify;\"><span style=\"color: #000000;\">La Junta de govern del 8 de juny ha aprovat la concessi\u00f3 d\u2019una subvenci\u00f3 directa de 12.617,99\u20ac a l\u2019Escola Ull de Vent amb l\u2019objectiu que el centre educatiu pugui adquirir eines digitals i equips inform\u00e0tics per a aquelles fam\u00edlies que no disposen dels recursos necessaris per seguir el curs de forma telem\u00e0tica.<\/span><\/p>\n<p style=\"text-align: justify;\"><span style=\"color: #000000;\">L\u2019Ajuntament de la Bisbal, a trav\u00e9s de la Regidoria d\u2019Ensenyament, col\u00b7labora en el funcionament de l\u2019Escola Ull de Vent i, cada any, destina una partida del pressupost municipal a l\u2019adquisici\u00f3 de material escolar i a altres despeses del centre educatiu. Enguany, la direcci\u00f3 de l\u2019Escola Ull de Vent ha sol\u00b7licitat que la subvenci\u00f3 anual que li atorga l\u2019Ajuntament es pugui destinar a la compra de material i a l\u2019adquisici\u00f3 d\u2019equips inform\u00e0tics per cedir-los als alumnes que no disposen d\u2019equips inform\u00e0tics per seguir el curs de forma telem\u00e0tica, tenint en compte el context que ha generat l\u2019epid\u00e8mia de coronavirus SARS-CoV-2. Aix\u00ed, per tal de garantir la igualtat i l\u2019acc\u00e9s de tots els alumnes a l\u2019educaci\u00f3, especialment els nens i les nenes dels col\u00b7lectius m\u00e9s vulnerables de la comunitat educativa, l\u2019Ajuntament de la Bisbal del Pened\u00e8s ha aprovat la concessi\u00f3 de forma directa de la subvenci\u00f3 a l\u2019Escola Ull de Vent perqu\u00e8, aquesta, pugui dotar els alumnes m\u00e9s vulnerables d\u2019eines digitals i dels recursos necessaris per poder donar continu\u00eftat al proc\u00e9s d\u2019aprenentatge de tot l\u2019alumnat. Aquests equips serviran perqu\u00e8 els alumnes puguin seguir el curs telem\u00e0ticament i, tenint en compte que el curs actual est\u00e0 finalitzant, s\u2019adquireixen amb previsi\u00f3, davant la incertesa dels contextos o situacions que es puguin donar durant el proper curs 2020\/2021.<\/span><\/p>\n<p style=\"text-align: justify;\"><span style=\"color: #000000;\">L\u2019import de la subvenci\u00f3 que s\u2019atorga a l\u2019Escola Ull de Vent varia cada any en funci\u00f3 dels alumnes empadronats. L\u2019Escola Ull de Vent rebr\u00e0 l\u2019import de la subvenci\u00f3 en dos pagaments: un primer pagament del 50% es realitzar\u00e0 durant aquesta setmana i el 50% restant s\u2019abonar\u00e0 durant el mes de juliol, quan l\u2019Escola hagi presentat la justificaci\u00f3 econ\u00f2mica de les compres realitzades amb el primer abonament.<\/span><\/p>\n<hr \/>\n<p style=\"text-align: justify;\"><span style=\"color: #000000;\"><strong>CASTELLANO |\u00a0<\/strong>La Junta de gobierno del 8 de junio ha aprobado la concesi\u00f3n de una subvenci\u00f3n directa de 12.617,99\u20ac a la Escola Ull de Vent con el objetivo de que el centro educativo pueda adquirir herramientas digitales y equipos inform\u00e1ticos para aquellas familias que no disponen de los recursos necesarios para seguir el curso de forma telem\u00e1tica.<\/span><\/p>\n<p style=\"text-align: justify;\"><span style=\"color: #000000;\">El Ayuntamiento de la Bisbal, a trav\u00e9s de la Concejal\u00eda de Educaci\u00f3n, colabora en el funcionamiento de la Escola Ull de Vent y, cada a\u00f1o, destina una partida del presupuesto municipal a la adquisici\u00f3n de material escolar y a otros gastos del centro educativo. Este a\u00f1o, la direcci\u00f3n de la Escola Ull de Vent ha solicitado que la subvenci\u00f3n anual que le otorga el Ayuntamiento se pueda destinar a la compra de material y a la adquisici\u00f3n de equipos inform\u00e1ticos para cederlos a los alumnos que no disponen de equipos inform\u00e1ticos para seguir el curso de forma telem\u00e1tica, teniendo en cuenta el contexto que ha generado la epidemia del coronavirus SARS-CoV-2. As\u00ed, con tal de garantizar la igualdad y el acceso de todos los alumnos a la educaci\u00f3n, especialmente los ni\u00f1os y las ni\u00f1as de los colectivos m\u00e1s vulnerables de la comunidad educativa, el Ayuntamiento de la Bisbal del Pened\u00e8s ha aprobado la concesi\u00f3n de forma directa de la subvenci\u00f3n a la Escola Ull de Vent para que, esta, pueda dotar a los alumnos m\u00e1s vulnerables de herramientas digitales y de los recursos necesarios para poder dar continuidad al proceso de aprendizaje de todo el alumnado. Estos equipos servir\u00e1n para que los alumnos puedan seguir el curso telem\u00e1ticamente y, teniendo en cuenta que el curso actual est\u00e1 finalizando, se adquieren con previsi\u00f3n, ante la incertidumbre de los contextos o situaciones que se puedan dar durante el pr\u00f3ximo curso 2020\/2021.<\/span><\/p>\n<p style=\"text-align: justify;\"><span style=\"color: #000000;\">El importe de la subvenci\u00f3n que se otorga a la Escola Ull de Vent var\u00eda cada a\u00f1o en funci\u00f3n de los alumnos empadronados. La Escuela Ull de Vent recibir\u00e1 el importe de la subvenci\u00f3n en dos pagos: un primer pago del 50% se realizar\u00e1 durante esta semana y el 50% restante se abonar\u00e1 durante el mes de julio, cuando la Escuela haya presentado la justificaci\u00f3n econ\u00f3mica de las compras realizadas con el primer abono.<\/span><\/p>\n<p>&nbsp;<\/p>\n<p>&nbsp;<\/p>\n","protected":false},"excerpt":{"rendered":"<p>La Junta de govern del 8 de juny ha aprovat la concessi\u00f3 d\u2019una subvenci\u00f3 directa de 12.617,99\u20ac a l\u2019Escola Ull de Vent amb l\u2019objectiu que el centre educatiu pugui adquirir &hellip; <a href=\"https:\/\/bisbalpenedes.com\/web\/2020\/06\/11\/saprova-una-subvencio-perque-els-alumnes-mes-vulnerables-de-lescola-ull-de-vent-puguin-formar-se-telematicament\/\" class=\"more-link\">Read More<\/a><\/p>\n","protected":false},"author":4,"featured_media":12684,"comment_status":"closed","ping_status":"closed","sticky":false,"template":"","format":"standard","meta":[],"categories":[3456],"tags":[3888,862,65,337,3887,99,3793],"_links":{"self":[{"href":"https:\/\/bisbalpenedes.com\/web\/wp-json\/wp\/v2\/posts\/13816"}],"collection":[{"href":"https:\/\/bisbalpenedes.com\/web\/wp-json\/wp\/v2\/posts"}],"about":[{"href":"https:\/\/bisbalpenedes.com\/web\/wp-json\/wp\/v2\/types\/post"}],"author":[{"embeddable":true,"href":"https:\/\/bisbalpenedes.com\/web\/wp-json\/wp\/v2\/users\/4"}],"replies":[{"embeddable":true,"href":"https:\/\/bisbalpenedes.com\/web\/wp-json\/wp\/v2\/comments?post=13816"}],"version-history":[{"count":1,"href":"https:\/\/bisbalpenedes.com\/web\/wp-json\/wp\/v2\/posts\/13816\/revisions"}],"predecessor-version":[{"id":13817,"href":"https:\/\/bisbalpenedes.com\/web\/wp-json\/wp\/v2\/posts\/13816\/revisions\/13817"}],"wp:featuredmedia":[{"embeddable":true,"href":"https:\/\/bisbalpenedes.com\/web\/wp-json\/wp\/v2\/media\/12684"}],"wp:attachment":[{"href":"https:\/\/bisbalpenedes.com\/web\/wp-json\/wp\/v2\/media?parent=13816"}],"wp:term":[{"taxonomy":"category","embeddable":true,"href":"https:\/\/bisbalpenedes.com\/web\/wp-json\/wp\/v2\/categories?post=13816"},{"taxonomy":"post_tag","embeddable":true,"href":"https:\/\/bisbalpenedes.com\/web\/wp-json\/wp\/v2\/tags?post=13816"}],"curies":[{"name":"wp","href":"https:\/\/api.w.org\/{rel}","templated":true}]}}