{"id":13812,"date":"2020-06-11T13:10:12","date_gmt":"2020-06-11T12:10:12","guid":{"rendered":"http:\/\/bisbalpenedes.com\/web\/?p=13812"},"modified":"2020-06-11T13:10:12","modified_gmt":"2020-06-11T12:10:12","slug":"la-recollida-de-residus-de-fora-dels-contenidors-la-paguem-entre-tots","status":"publish","type":"post","link":"https:\/\/bisbalpenedes.com\/web\/2020\/06\/11\/la-recollida-de-residus-de-fora-dels-contenidors-la-paguem-entre-tots\/","title":{"rendered":"La recollida de residus de fora dels contenidors la paguem entre tots"},"content":{"rendered":"<div class=\"\" data-block=\"true\" data-editor=\"3c745\" data-offset-key=\"8aaud-0-0\">\n<div class=\"_1mf _1mj\" style=\"text-align: center;\" data-offset-key=\"8aaud-0-0\"><a href=\"http:\/\/bisbalpenedes.com\/web\/wp-content\/uploads\/2020\/06\/200611-CONTENIDOR-ESPLAI-DEIXALLES-1.jpg\"><img loading=\"lazy\" class=\"alignnone size-medium wp-image-13814\" src=\"http:\/\/bisbalpenedes.com\/web\/wp-content\/uploads\/2020\/06\/200611-CONTENIDOR-ESPLAI-DEIXALLES-1-300x225.jpg\" alt=\"200611 CONTENIDOR ESPLAI DEIXALLES 1\" width=\"300\" height=\"225\" srcset=\"https:\/\/bisbalpenedes.com\/web\/wp-content\/uploads\/2020\/06\/200611-CONTENIDOR-ESPLAI-DEIXALLES-1-300x225.jpg 300w, https:\/\/bisbalpenedes.com\/web\/wp-content\/uploads\/2020\/06\/200611-CONTENIDOR-ESPLAI-DEIXALLES-1-600x449.jpg 600w, https:\/\/bisbalpenedes.com\/web\/wp-content\/uploads\/2020\/06\/200611-CONTENIDOR-ESPLAI-DEIXALLES-1-768x575.jpg 768w, https:\/\/bisbalpenedes.com\/web\/wp-content\/uploads\/2020\/06\/200611-CONTENIDOR-ESPLAI-DEIXALLES-1-1024x766.jpg 1024w, https:\/\/bisbalpenedes.com\/web\/wp-content\/uploads\/2020\/06\/200611-CONTENIDOR-ESPLAI-DEIXALLES-1.jpg 1296w\" sizes=\"(max-width: 300px) 100vw, 300px\" \/><\/a>\u00a0 \u00a0<a href=\"http:\/\/bisbalpenedes.com\/web\/wp-content\/uploads\/2020\/06\/200611-CONTENIDOR-ESPLAI-DEIXALLES-2.jpg\"><img loading=\"lazy\" class=\"alignnone size-medium wp-image-13813\" src=\"http:\/\/bisbalpenedes.com\/web\/wp-content\/uploads\/2020\/06\/200611-CONTENIDOR-ESPLAI-DEIXALLES-2-300x225.jpg\" alt=\"200611 CONTENIDOR ESPLAI DEIXALLES 2\" width=\"300\" height=\"225\" srcset=\"https:\/\/bisbalpenedes.com\/web\/wp-content\/uploads\/2020\/06\/200611-CONTENIDOR-ESPLAI-DEIXALLES-2-300x225.jpg 300w, https:\/\/bisbalpenedes.com\/web\/wp-content\/uploads\/2020\/06\/200611-CONTENIDOR-ESPLAI-DEIXALLES-2-600x449.jpg 600w, https:\/\/bisbalpenedes.com\/web\/wp-content\/uploads\/2020\/06\/200611-CONTENIDOR-ESPLAI-DEIXALLES-2-768x575.jpg 768w, https:\/\/bisbalpenedes.com\/web\/wp-content\/uploads\/2020\/06\/200611-CONTENIDOR-ESPLAI-DEIXALLES-2-1024x766.jpg 1024w, https:\/\/bisbalpenedes.com\/web\/wp-content\/uploads\/2020\/06\/200611-CONTENIDOR-ESPLAI-DEIXALLES-2.jpg 1296w\" sizes=\"(max-width: 300px) 100vw, 300px\" \/><\/a><\/div>\n<div class=\"_1mf _1mj\" style=\"text-align: center;\" data-offset-key=\"8aaud-0-0\"><\/div>\n<div class=\"_1mf _1mj\" style=\"text-align: justify;\" data-offset-key=\"8aaud-0-0\"><span style=\"color: #000000;\" data-offset-key=\"8aaud-0-0\">Aquestes fotografies s\u00f3n d\u2019avui. Aix\u00ed \u00e9s com estan els contenidors del carrer Pablo Ruiz Picasso de l\u2019Esplai despr\u00e9s que, aquesta setmana, s\u2019hagi procedit a fer la neteja del voltant de les illes de contenidors, una neteja mensual que l\u2019Ajuntament de la Bisbal del Pened\u00e8s es veu amb l\u2019obligaci\u00f3 de tenir contractada a causa de l\u2019incivisme d\u2019algunes persones. No han passat ni dos dies i alg\u00fa ha decidit deixar all\u00e0 una gran quantitat de voluminosos i deixalles.<\/span><\/div>\n<\/div>\n<div class=\"\" style=\"text-align: justify;\" data-block=\"true\" data-editor=\"3c745\" data-offset-key=\"asqsa-0-0\">\n<div class=\"_1mf _1mj\" data-offset-key=\"asqsa-0-0\"><span style=\"color: #000000;\" data-offset-key=\"asqsa-0-0\">\u00a0<\/span><\/div>\n<\/div>\n<div class=\"\" style=\"text-align: justify;\" data-block=\"true\" data-editor=\"3c745\" data-offset-key=\"d6kjt-0-0\">\n<div class=\"_1mf _1mj\" data-offset-key=\"d6kjt-0-0\"><span style=\"color: #000000;\" data-offset-key=\"d6kjt-0-0\">L\u2019Ajuntament haur\u00e0 de contractar un servei extraordinari per poder procedir a fer la neteja d\u2019aquesta illa de contenidors, una despesa que haurem d\u2019assumir tots els bisbalencs a causa de l\u2019incivisme d\u2019alguna o algunes persones. <\/span><\/div>\n<\/div>\n<div class=\"\" style=\"text-align: justify;\" data-block=\"true\" data-editor=\"3c745\" data-offset-key=\"crl4e-0-0\">\n<div class=\"_1mf _1mj\" data-offset-key=\"crl4e-0-0\"><span style=\"color: #000000;\" data-offset-key=\"crl4e-0-0\">\u00a0<\/span><\/div>\n<\/div>\n<div class=\"\" style=\"text-align: justify;\" data-block=\"true\" data-editor=\"3c745\" data-offset-key=\"aj99f-0-0\">\n<div class=\"_1mf _1mj\" data-offset-key=\"aj99f-0-0\"><span style=\"color: #000000;\" data-offset-key=\"aj99f-0-0\">Us informem que s\u2019ha procedit a la inspecci\u00f3 dels residus que s\u2019han deixat al voltant dels contenidors a fi i efecte d\u2019obtenir pistes sobre qui ha pogut deixar tots aquests mobles, matalassos i residus al voltant dels contenidors.<\/span><\/div>\n<\/div>\n<div class=\"\" style=\"text-align: justify;\" data-block=\"true\" data-editor=\"3c745\" data-offset-key=\"8fefq-0-0\">\n<div class=\"_1mf _1mj\" data-offset-key=\"8fefq-0-0\"><span style=\"color: #000000;\" data-offset-key=\"8fefq-0-0\">\u00a0<\/span><\/div>\n<\/div>\n<div class=\"\" style=\"text-align: justify;\" data-block=\"true\" data-editor=\"3c745\" data-offset-key=\"biubh-0-0\">\n<div class=\"_1mf _1mj\" data-offset-key=\"biubh-0-0\"><span style=\"color: #000000;\" data-offset-key=\"biubh-0-0\">Des de l\u2019Ajuntament de la Bisbal del Pened\u00e8s demanem la vostra col\u00b7laboraci\u00f3 ciutadana. Si heu vist o veieu conductes inc\u00edviques, truqueu al tel\u00e8fon del Servei d\u2019Informaci\u00f3 i Inspecci\u00f3 municipal 678 59 59 59. Gr\u00e0cies per la vostra col\u00b7laboraci\u00f3.<\/span><\/div>\n<\/div>\n<div class=\"\" style=\"text-align: justify;\" data-block=\"true\" data-editor=\"3c745\" data-offset-key=\"2hn7-0-0\">\n<div class=\"_1mf _1mj\" data-offset-key=\"2hn7-0-0\"><span style=\"color: #000000;\" data-offset-key=\"2hn7-0-0\">\u00a0<\/span><\/div>\n<\/div>\n<div class=\"\" style=\"text-align: justify;\" data-block=\"true\" data-editor=\"3c745\" data-offset-key=\"39mqs-0-0\">\n<div class=\"_1mf _1mj\" data-offset-key=\"39mqs-0-0\">\n<hr \/>\n<p><span style=\"color: #000000;\" data-offset-key=\"39mqs-0-0\"><b><br \/>\n<\/b><\/span><\/div>\n<\/div>\n<div class=\"\" style=\"text-align: justify;\" data-block=\"true\" data-editor=\"3c745\" data-offset-key=\"dqe8g-0-0\">\n<div class=\"_1mf _1mj\" data-offset-key=\"dqe8g-0-0\"><span style=\"color: #000000;\"><b>CASTELLANO |<\/b> Estas fotograf\u00edas son de hoy. As\u00ed es como est\u00e1n los contenedores de la calle Pablo Ruiz Picasso de l\u2019Esplai despu\u00e9s de que, esta semana, se haya procedido a hacer la limpieza alrededor de las islas de contenedores, una limpieza mensual que el Ayuntamiento de la Bisbal del Pened\u00e8s se ve con la obligaci\u00f3n de tener contratada a causa del incivismo de algunas personas. No han pasado ni dos d\u00edas y alguien ha decidido dejar all\u00ed una gran cantidad de voluminosos y desechos.<\/span><\/div>\n<\/div>\n<div class=\"\" style=\"text-align: justify;\" data-block=\"true\" data-editor=\"3c745\" data-offset-key=\"2cgok-0-0\">\n<div class=\"_1mf _1mj\" data-offset-key=\"2cgok-0-0\"><span style=\"color: #000000;\" data-offset-key=\"2cgok-0-0\">\u00a0<\/span><\/div>\n<\/div>\n<div class=\"\" style=\"text-align: justify;\" data-block=\"true\" data-editor=\"3c745\" data-offset-key=\"m42o-0-0\">\n<div class=\"_1mf _1mj\" data-offset-key=\"m42o-0-0\"><span style=\"color: #000000;\" data-offset-key=\"m42o-0-0\">El Ayuntamiento tendr\u00e1 que contratar un servicio extraordinario para poder proceder a hacer la limpieza de esta isla de contenedores, un gasto que tendremos que asumir todos los bisbalenses a causa del incivismo de alguna o algunas personas.<\/span><\/div>\n<\/div>\n<div class=\"\" style=\"text-align: justify;\" data-block=\"true\" data-editor=\"3c745\" data-offset-key=\"58mev-0-0\">\n<div class=\"_1mf _1mj\" data-offset-key=\"58mev-0-0\"><span style=\"color: #000000;\" data-offset-key=\"58mev-0-0\">\u00a0<\/span><\/div>\n<\/div>\n<div class=\"\" style=\"text-align: justify;\" data-block=\"true\" data-editor=\"3c745\" data-offset-key=\"f4tco-0-0\">\n<div class=\"_1mf _1mj\" data-offset-key=\"f4tco-0-0\"><span style=\"color: #000000;\" data-offset-key=\"f4tco-0-0\">Os informamos de que se ha procedido a la inspecci\u00f3n de los residuos que se han dejado alrededor de los contenedores con el objetivo de obtener pistas sobre qui\u00e9n ha podido dejar todos estos muebles, colchones y residuos alrededor de los contendores.<\/span><\/div>\n<\/div>\n<div class=\"\" style=\"text-align: justify;\" data-block=\"true\" data-editor=\"3c745\" data-offset-key=\"6036p-0-0\">\n<div class=\"_1mf _1mj\" data-offset-key=\"6036p-0-0\"><span style=\"color: #000000;\" data-offset-key=\"6036p-0-0\">\u00a0<\/span><\/div>\n<\/div>\n<div class=\"\" style=\"text-align: justify;\" data-block=\"true\" data-editor=\"3c745\" data-offset-key=\"cvhso-0-0\">\n<div class=\"_1mf _1mj\" data-offset-key=\"cvhso-0-0\"><span style=\"color: #000000;\" data-offset-key=\"cvhso-0-0\">Desde el Ayuntamiento de la Bisbal del Pened\u00e8s pedimos vuestra colaboraci\u00f3n ciudadana. Si hab\u00e9is visto o veis conductas inc\u00edvicas, llamad al tel\u00e9fono del Servicio de Informaci\u00f3n e Inspecci\u00f3n municipal 678 59 59 59. Gracias por vuestra colaboraci\u00f3n. <\/span><\/div>\n<\/div>\n<div class=\"\" style=\"text-align: justify;\" data-block=\"true\" data-editor=\"3c745\" data-offset-key=\"7hcia-0-0\">\n<div class=\"_1mf _1mj\" data-offset-key=\"7hcia-0-0\"><span style=\"color: #000000;\" data-offset-key=\"7hcia-0-0\">\u00a0<\/span><\/div>\n<\/div>\n<div class=\"\" style=\"text-align: justify;\" data-block=\"true\" data-editor=\"3c745\" data-offset-key=\"f5plh-0-0\"><span style=\"color: #000000;\">\u00a0<\/span><\/div>\n<div class=\"\" data-block=\"true\" data-editor=\"3c745\" data-offset-key=\"e9ilv-0-0\"><\/div>\n","protected":false},"excerpt":{"rendered":"<p>\u00a0 \u00a0 Aquestes fotografies s\u00f3n d\u2019avui. Aix\u00ed \u00e9s com estan els contenidors del carrer Pablo Ruiz Picasso de l\u2019Esplai despr\u00e9s que, aquesta setmana, s\u2019hagi procedit a fer la neteja del &hellip; <a href=\"https:\/\/bisbalpenedes.com\/web\/2020\/06\/11\/la-recollida-de-residus-de-fora-dels-contenidors-la-paguem-entre-tots\/\" class=\"more-link\">Read More<\/a><\/p>\n","protected":false},"author":4,"featured_media":13813,"comment_status":"closed","ping_status":"closed","sticky":false,"template":"","format":"standard","meta":[],"categories":[3215],"tags":[625,1479,626,361,1183],"_links":{"self":[{"href":"https:\/\/bisbalpenedes.com\/web\/wp-json\/wp\/v2\/posts\/13812"}],"collection":[{"href":"https:\/\/bisbalpenedes.com\/web\/wp-json\/wp\/v2\/posts"}],"about":[{"href":"https:\/\/bisbalpenedes.com\/web\/wp-json\/wp\/v2\/types\/post"}],"author":[{"embeddable":true,"href":"https:\/\/bisbalpenedes.com\/web\/wp-json\/wp\/v2\/users\/4"}],"replies":[{"embeddable":true,"href":"https:\/\/bisbalpenedes.com\/web\/wp-json\/wp\/v2\/comments?post=13812"}],"version-history":[{"count":1,"href":"https:\/\/bisbalpenedes.com\/web\/wp-json\/wp\/v2\/posts\/13812\/revisions"}],"predecessor-version":[{"id":13815,"href":"https:\/\/bisbalpenedes.com\/web\/wp-json\/wp\/v2\/posts\/13812\/revisions\/13815"}],"wp:featuredmedia":[{"embeddable":true,"href":"https:\/\/bisbalpenedes.com\/web\/wp-json\/wp\/v2\/media\/13813"}],"wp:attachment":[{"href":"https:\/\/bisbalpenedes.com\/web\/wp-json\/wp\/v2\/media?parent=13812"}],"wp:term":[{"taxonomy":"category","embeddable":true,"href":"https:\/\/bisbalpenedes.com\/web\/wp-json\/wp\/v2\/categories?post=13812"},{"taxonomy":"post_tag","embeddable":true,"href":"https:\/\/bisbalpenedes.com\/web\/wp-json\/wp\/v2\/tags?post=13812"}],"curies":[{"name":"wp","href":"https:\/\/api.w.org\/{rel}","templated":true}]}}