{"id":13810,"date":"2020-06-11T10:10:52","date_gmt":"2020-06-11T09:10:52","guid":{"rendered":"http:\/\/bisbalpenedes.com\/web\/?p=13810"},"modified":"2020-06-11T10:10:52","modified_gmt":"2020-06-11T09:10:52","slug":"la-junta-de-govern-ha-aprovat-la-liquidacio-del-2n-trimestre-del-conveni-de-collaboracio-amb-el-ccpp-en-materia-docupacio","status":"publish","type":"post","link":"https:\/\/bisbalpenedes.com\/web\/2020\/06\/11\/la-junta-de-govern-ha-aprovat-la-liquidacio-del-2n-trimestre-del-conveni-de-collaboracio-amb-el-ccpp-en-materia-docupacio\/","title":{"rendered":"La Junta de govern ha aprovat la liquidaci\u00f3 del 2n trimestre del conveni de col\u00b7laboraci\u00f3 amb el CCPP en mat\u00e8ria d\u2019ocupaci\u00f3"},"content":{"rendered":"<p style=\"text-align: justify;\"><span style=\"color: #000000;\">La Junta de govern del dilluns 8 de juny ha aprovat la liquidaci\u00f3 del conveni de col\u00b7laboraci\u00f3 amb el Consell Comarcal del Baix Pened\u00e8s (CCBP) en mat\u00e8ria d\u2019ocupaci\u00f3, corresponent al segon trimestre de 2020, per un import total de 5.902,11\u20ac.<\/span><\/p>\n<p style=\"text-align: justify;\"><span style=\"color: #000000;\">Aquest conveni s\u2019emmarca dins de l\u2019Acord estrat\u00e8gic per al desenvolupament i l\u2019ocupaci\u00f3 del Baix Pened\u00e8s 2020, que es va aprovar al Consell d\u2019Alcaldes del Baix Pened\u00e8s el setembre de 2019. Aquest acord instava a sol\u00b7licitar diferents subvencions al Servei P\u00fablic d\u2019Ocupaci\u00f3 de Catalunya (SOC) amb l\u2019objectiu de millorar el desenvolupament econ\u00f2mic i l\u2019ocupaci\u00f3 al Baix Pened\u00e8s. Posteriorment, el 13 de gener de 2020, la Junta de Govern local va aprovar el conveni interadministratiu de col\u00b7laboraci\u00f3 amb el Consell Comarcal del Baix Pened\u00e8s i la resta d\u2019ajuntaments de la comarca per a l\u2019execuci\u00f3 dels programes d\u2019ocupaci\u00f3 que formen part de l\u2019esmentat acord estrat\u00e8gic per un import de 23.608,45\u20ac.<\/span><\/p>\n<hr \/>\n<p style=\"text-align: justify;\"><span style=\"color: #000000;\">CASTELLANO | La Junta de gobierno del lunes 8 de junio ha aprobado la liquidaci\u00f3n del convenio de colaboraci\u00f3n con el Consell Comarcal del Baix Pened\u00e8s (CCBP) en materia de ocupaci\u00f3n, correspondiente al segundo trimestre del 2020, por un importe total de 5.902,11\u20ac.<\/span><\/p>\n<p style=\"text-align: justify;\"><span style=\"color: #000000;\">Este convenio se enmarca dentro del Acuerdo estrat\u00e9gico para el desarrollo y la ocupaci\u00f3n del Baix Pened\u00e8s 2020, que se aprob\u00f3 en el Consell d\u2019Alcaldes del Baix Pened\u00e8s en septiembre del 2019. Este acuerdo instaba a solicitar distintas subvenciones al Servicio P\u00fablico de Ocupaci\u00f3n de Catalunya (SOC) con el objetivo de mejorar el desarrollo econ\u00f3mico y la ocupaci\u00f3n en el Baix Pened\u00e8s. Posteriormente, el 13 de enero de 2020, la Junta de Gobierno local aprob\u00f3 el convenio interadministrativo de colaboraci\u00f3n con el Consell Comarcal del Baix Pened\u00e8s y el resto de ayuntamientos de la comarca para la ejecuci\u00f3n de los programas de ocupaci\u00f3n que forman parte del citado acuerdo estrat\u00e9gico por un importe de 23.608,45\u20ac.<\/span><\/p>\n<p style=\"text-align: justify;\">\n<p style=\"text-align: justify;\"><span style=\"color: #000000;\"><strong>\u00a0<\/strong><\/span><\/p>\n<p>&nbsp;<\/p>\n","protected":false},"excerpt":{"rendered":"<p>La Junta de govern del dilluns 8 de juny ha aprovat la liquidaci\u00f3 del conveni de col\u00b7laboraci\u00f3 amb el Consell Comarcal del Baix Pened\u00e8s (CCBP) en mat\u00e8ria d\u2019ocupaci\u00f3, corresponent al &hellip; <a href=\"https:\/\/bisbalpenedes.com\/web\/2020\/06\/11\/la-junta-de-govern-ha-aprovat-la-liquidacio-del-2n-trimestre-del-conveni-de-collaboracio-amb-el-ccpp-en-materia-docupacio\/\" class=\"more-link\">Read More<\/a><\/p>\n","protected":false},"author":4,"featured_media":2304,"comment_status":"closed","ping_status":"closed","sticky":false,"template":"","format":"standard","meta":[],"categories":[9],"tags":[1056,686,10],"_links":{"self":[{"href":"https:\/\/bisbalpenedes.com\/web\/wp-json\/wp\/v2\/posts\/13810"}],"collection":[{"href":"https:\/\/bisbalpenedes.com\/web\/wp-json\/wp\/v2\/posts"}],"about":[{"href":"https:\/\/bisbalpenedes.com\/web\/wp-json\/wp\/v2\/types\/post"}],"author":[{"embeddable":true,"href":"https:\/\/bisbalpenedes.com\/web\/wp-json\/wp\/v2\/users\/4"}],"replies":[{"embeddable":true,"href":"https:\/\/bisbalpenedes.com\/web\/wp-json\/wp\/v2\/comments?post=13810"}],"version-history":[{"count":1,"href":"https:\/\/bisbalpenedes.com\/web\/wp-json\/wp\/v2\/posts\/13810\/revisions"}],"predecessor-version":[{"id":13811,"href":"https:\/\/bisbalpenedes.com\/web\/wp-json\/wp\/v2\/posts\/13810\/revisions\/13811"}],"wp:featuredmedia":[{"embeddable":true,"href":"https:\/\/bisbalpenedes.com\/web\/wp-json\/wp\/v2\/media\/2304"}],"wp:attachment":[{"href":"https:\/\/bisbalpenedes.com\/web\/wp-json\/wp\/v2\/media?parent=13810"}],"wp:term":[{"taxonomy":"category","embeddable":true,"href":"https:\/\/bisbalpenedes.com\/web\/wp-json\/wp\/v2\/categories?post=13810"},{"taxonomy":"post_tag","embeddable":true,"href":"https:\/\/bisbalpenedes.com\/web\/wp-json\/wp\/v2\/tags?post=13810"}],"curies":[{"name":"wp","href":"https:\/\/api.w.org\/{rel}","templated":true}]}}