{"id":13805,"date":"2020-06-10T15:08:49","date_gmt":"2020-06-10T14:08:49","guid":{"rendered":"http:\/\/bisbalpenedes.com\/web\/?p=13805"},"modified":"2020-06-15T17:16:03","modified_gmt":"2020-06-15T15:16:03","slug":"el-proper-dilluns-15-de-juny-a-les-19h-se-celebrara-el-ple-ordinari-de-lajuntament-de-la-bisbal-del-penedes","status":"publish","type":"post","link":"https:\/\/bisbalpenedes.com\/web\/2020\/06\/10\/el-proper-dilluns-15-de-juny-a-les-19h-se-celebrara-el-ple-ordinari-de-lajuntament-de-la-bisbal-del-penedes\/","title":{"rendered":"El proper dilluns 15 de juny a les 19h se celebrar\u00e0 el Ple ordinari de l\u2019Ajuntament de la Bisbal del Pened\u00e8s"},"content":{"rendered":"<p style=\"text-align: justify;\"><span style=\"color: #000000;\">El proper\u00a0<strong>dilluns 15 de juny, a les 19h,<\/strong>\u00a0se celebrar\u00e0 el Ple ordinari de l\u2019Ajuntament de la Bisbal del Pened\u00e8s corresponent a aquest trimestre de forma telem\u00e0tica. S&#8217;emetr\u00e0, en directe, a trav\u00e9s de Youtube:\u00a0<a href=\"https:\/\/youtu.be\/U5NdW0-3cOw\" target=\"_blank\">https:\/\/youtu.be\/U5NdW0-3cOw<\/a><\/span><\/p>\n<p style=\"text-align: justify;\"><span style=\"color: #000000;\"><strong>PART\u00a0RESOLUTIVA<\/strong><\/span><\/p>\n<p><span style=\"color: #000000;\"> Punt 1. Proposta\u00a0d&#8217;aprovaci\u00f3\u00a0de\u00a0l&#8217;acta\u00a0del\u00a0Ple\u00a0ordinari\u00a0del\u00a016\/03\/2020<\/span><\/p>\n<p style=\"text-align: justify;\"><span style=\"color: #000000;\">Punt 2. Proposta\u00a0d&#8217;aprovaci\u00f3\u00a0de\u00a0l&#8217;acta\u00a0del\u00a0Ple\u00a0extraordinari\u00a0de\u00a0l&#8217;11\/05\/2020.<\/span><\/p>\n<p><span style=\"color: #000000;\"> Punt 3. Modificaci\u00f3\u00a0del\u00a0calendari\u00a0fiscal\u00a02020<\/span><\/p>\n<p><span style=\"color: #000000;\"> Punt 4. Moci\u00f3 d&#8217;Alcaldia sobre el Manifest d&#8217;Alcaldes i Alcaldesses del Baix Pened\u00e8s per a una estrat\u00e8gia comuna per tal d\u2019impulsar socioecon\u00f2micament la comarca<\/span><\/p>\n<p><span style=\"color: #000000;\"> Punt 5. Moci\u00f3 d&#8217;Alcaldia per a unes escoles i una educaci\u00f3 amb seguretat al Baix Pened\u00e8s<\/span><\/p>\n<p><span style=\"color: #000000;\"> <strong>PART\u00a0DE\u00a0CONTROL<\/strong><\/span><\/p>\n<p><span style=\"color: #000000;\"> Punt 6. Donar compte de la Resoluci\u00f3 de la Comissi\u00f3 de preus de Catalunya sobre la modificaci\u00f3 de les tarifes del servei de subministrament d\u2019aigua<\/span><\/p>\n<p><span style=\"color: #000000;\"> Punt 7. Donar compte del Decret d\u2019Alcaldia d\u2019aprovaci\u00f3 de la liquidaci\u00f3 del pressupost de l\u2019exercici 2019<\/span><\/p>\n<p><span style=\"color: #000000;\"> Punt 8. Donar compte de l\u2019informe d\u2019Intervenci\u00f3 d\u2019avaluaci\u00f3 de les regles fiscals de la liquidaci\u00f3 del pressupost de l\u2019exercici 2019<\/span><\/p>\n<p><span style=\"color: #000000;\"> Punt 9. Donar compte del Decret d\u2019Alcaldia d\u2019aprovaci\u00f3 del pla pressupostari a mig termini<\/span><\/p>\n<p><span style=\"color: #000000;\"> Punt 10. Donar compte de l\u2019informe d\u2019Intervenci\u00f3 d\u2019avaluaci\u00f3 de les regles fiscals de la modificaci\u00f3 de cr\u00e8dit 1ALC\/2020 en la modalitat de generaci\u00f3 de cr\u00e8dits per ingressos<\/span><\/p>\n<p><span style=\"color: #000000;\"> Punt 11. Donar compte de l\u2019informe d\u2019Intervenci\u00f3 d\u2019avaluaci\u00f3 de les regles fiscals de la modificaci\u00f3 de cr\u00e8dit 2ALC\/2020 en la modalitat d\u2019incorporaci\u00f3 de romanents de cr\u00e8dit<\/span><\/p>\n<p><span style=\"color: #000000;\"> Punt 12. Donar compte de l\u2019execuci\u00f3 del pressupost del primer trimestre de 2020<\/span><\/p>\n<p><span style=\"color: #000000;\"> Punt 13. Donar compte del per\u00edode mitj\u00e0 de pagament del primer trimestre de 2020<\/span><\/p>\n<p><span style=\"color: #000000;\"> Punt 14. Donar\u00a0compte\u00a0dels\u00a0Decrets\u00a0d&#8217;Alcaldia<\/span><\/p>\n<p><span style=\"color: #000000;\"> Punt 15. Donar\u00a0compte\u00a0dels\u00a0acords\u00a0de\u00a0la\u00a0Junta\u00a0de\u00a0Govern\u00a0Local<\/span><\/p>\n<p><span style=\"color: #000000;\"> Punt 16. Informe\u00a0d&#8217;Alcaldia<\/span><\/p>\n<p><span style=\"color: #000000;\"> Punt 17. Precs\u00a0i\u00a0preguntes<\/span><\/p>\n<p style=\"text-align: justify;\"><span style=\"color: #000000;\">Segons el\u00a0<a style=\"color: #000000;\" href=\"https:\/\/bisbalpenedes.com\/web\/2017\/06\/22\/el-ple-ordinari-del-passat-19-de-juny-va-aprovar-el-primer-rom-de-lajuntament-de-la-bisbal-del-penedes\/\">ROM<\/a>\u00a0aprovat al Ple de l\u2019Ajuntament de la Bisbal el passat 19 de juny de 2017, la ciutadania pot participar en els Plens Ordinaris. Tot seguit us detallem el funcionament d\u2019aquest sup\u00f2sit:<\/span><\/p>\n<p style=\"text-align: justify;\"><span style=\"color: #000000;\">Totes les persones tenen dret a intervenir en les sessions ordin\u00e0ries del Ple en el punt de l\u2019ordre del dia de \u2018Precs i preguntes\u2019, d\u2019acord amb les prescripcions seg\u00fcents:<\/span><\/p>\n<ul style=\"text-align: justify;\">\n<li><span style=\"color: #000000;\">El prec o pregunta s\u2019haur\u00e0 de sol\u00b7licitar a l\u2019Alcaldia:<\/span>\n<ul>\n<li><span style=\"color: #000000;\">per escrit i entrar-lo\/a al Registre General com a m\u00e0xim 24 hores abans del Ple Ordinari<\/span><\/li>\n<li><span style=\"color: #000000;\">Per Twitter a @BisbalPenedes com a m\u00e0xim 24h abans del Ple Ordinari, complint el protocol d\u2019\u00fas de les xarxes socials i emprant l\u2019etiqueta #PleBisbalPened\u00e8s, seguit del prec o pregunta<\/span><\/li>\n<\/ul>\n<\/li>\n<li><span style=\"color: #000000;\">L\u2019assumpte objecte del prec o pregunta haur\u00e0 de ser de compet\u00e8ncia municipal sobre l\u2019acci\u00f3 de govern o estar directament relacionat amb els punts inclosos a l\u2019ordre del dia<\/span><\/li>\n<li><span style=\"color: #000000;\">Cada ciutad\u00e0\/ana\u00a0 pot formular un\u00a0 prec i una pregunta en un mateix Ple. La longitud m\u00e0xima de cada piulada \u00e9s de 140 car\u00e0cters i no es pot continuar la pregunta en un segon \u2018tweet\u2019.<\/span><\/li>\n<li><span style=\"color: #000000;\">L\u2019alcaldia podr\u00e0 no respondre si \u00e9s un assumpte sobre el qual l\u2019Ajuntament no t\u00e9 compet\u00e8ncies o si ja s\u2019ha presentat la mateixa pregunta en una altra sessi\u00f3 plen\u00e0ria en els \u00faltims 6 mesos.<\/span><\/li>\n<li><span style=\"color: #000000;\">L\u2019alcaldia comunicar\u00e0, acabat el termini m\u00e0xim de presentaci\u00f3 de preguntes, a qui vagin dirigides les preguntes o peticions sol\u00b7licitades perqu\u00e8 les pugui respondre<\/span><\/li>\n<li><span style=\"color: #000000;\">L\u2019Alcaldia llegir\u00e0 la pregunta en veu alta<\/span><\/li>\n<li><span style=\"color: #000000;\">L\u2019alcaldia o a qui va adre\u00e7ada la pregunta, la respondr\u00e0 en la mateixa sessi\u00f3 del Ple<\/span><\/li>\n<li><span style=\"color: #000000;\">El p\u00fablic assistent a les sessions no podr\u00e0 efectuar manifestacions de grat o desgrat. Tampoc es podran proferir comentaris que afectin el normal desenvolupament de la sessi\u00f3.<\/span><\/li>\n<\/ul>\n<hr \/>\n<p style=\"text-align: justify;\"><span style=\"color: #000000;\"><strong>CASTELLANO | <\/strong>El pr\u00f3ximo\u00a0<strong>lunes 15 de junio, a las 19h,<\/strong>\u00a0se celebrar\u00e1 el pleno ordinario del Ayuntamiento de la Bisbal correspondiente a este trimestre de forma telem\u00e1tica. Se emitir\u00e1, en directo, a trav\u00e9s de Youtube:\u00a0<a href=\"https:\/\/youtu.be\/U5NdW0-3cOw\" target=\"_blank\">https:\/\/youtu.be\/U5NdW0-3cOw<\/a><\/span><\/p>\n<p style=\"text-align: justify;\"><span style=\"color: #000000;\"><strong>PARTE RESOLUTIVA<\/strong><\/span><\/p>\n<p style=\"text-align: justify;\"><span style=\"color: #000000;\">Punto 1. Propuesta de aprobaci\u00f3n del acta del Pleno ordinario del 16\/03\/2020.<\/span><\/p>\n<p style=\"text-align: justify;\"><span style=\"color: #000000;\">Punto 2. Propuesta de aprobaci\u00f3n del acta del Pleno extraordinario del 11\/05\/20.<\/span><\/p>\n<p style=\"text-align: justify;\"><span style=\"color: #000000;\">Punto 3. Modificaci\u00f3n del calendario fiscal 2020.<\/span><\/p>\n<p style=\"text-align: justify;\"><span style=\"color: #000000;\">Punto 4. Moci\u00f3n de Alcald\u00eda sobre el Manifiesto de Alcaldes y Alcaldesas del Baix Pened\u00e8s por una estrategia com\u00fan con tal de impulsar socioecon\u00f3micamente la comarca.<\/span><\/p>\n<p style=\"text-align: justify;\"><span style=\"color: #000000;\">Punto 5. Moci\u00f3n de Alcald\u00eda por unas escuelas y una educaci\u00f3n con seguridad en el Baix Pened\u00e8s.<\/span><\/p>\n<p style=\"text-align: justify;\"><span style=\"color: #000000;\"><strong>PARTE DE CONTROL<\/strong><\/span><\/p>\n<p style=\"text-align: justify;\"><span style=\"color: #000000;\">Punto 6. Dar cuenta de la Resoluci\u00f3n de la Comisi\u00f3n de precios de Catalunya sobre la modificaci\u00f3n de las tarifas del servicio de suministro de agua.<\/span><\/p>\n<p style=\"text-align: justify;\"><span style=\"color: #000000;\">Punto 7. Dar cuenta del Decreto de Alcald\u00eda de aprobaci\u00f3n de la liquidaci\u00f3n del presupuesto del ejercicio 2019.<\/span><\/p>\n<p style=\"text-align: justify;\"><span style=\"color: #000000;\">Punto 8. Dar cuenta del informe de Intervenci\u00f3n de evaluaci\u00f3n de las reglas fiscales de la liquidaci\u00f3n del presupuesto del ejercicio 2019.<\/span><\/p>\n<p style=\"text-align: justify;\"><span style=\"color: #000000;\">Punto 9. Dar cuenta del Decreto de Alcald\u00eda de aprobaci\u00f3n del plan presupuestario a medio plazo.<\/span><\/p>\n<p style=\"text-align: justify;\"><span style=\"color: #000000;\">Punto 10. Dar cuenta del informe de Intervenci\u00f3n de evaluaci\u00f3n de las reglas fiscales de la modificaci\u00f3n de cr\u00e9dito 1ALC\/2020 en la modalidad de generaci\u00f3n de cr\u00e9ditos para ingresos.<\/span><\/p>\n<p style=\"text-align: justify;\"><span style=\"color: #000000;\">Punto 11. Dar cuenta del informe de Intervenci\u00f3n de evaluaci\u00f3n de las reglas fiscales de la modificaci\u00f3n de cr\u00e9dito 2ALC\/2020 en la modalidad de incorporaci\u00f3n de remanentes de cr\u00e9dito.<\/span><\/p>\n<p style=\"text-align: justify;\"><span style=\"color: #000000;\">Punto 12. Dar cuenta de la ejecuci\u00f3n del presupuesto del primer trimestre de 2020.<\/span><\/p>\n<p style=\"text-align: justify;\"><span style=\"color: #000000;\">Punto 13. Dar cuenta del periodo medio de pago del primer trimestre de 2020.<\/span><\/p>\n<p style=\"text-align: justify;\"><span style=\"color: #000000;\">Punto 14. Dar cuenta de los Decretos de Alcald\u00eda.<\/span><\/p>\n<p style=\"text-align: justify;\"><span style=\"color: #000000;\">Punto 15. Dar cuenta de los acuerdos de la Junta de Gobierno Local.<\/span><\/p>\n<p style=\"text-align: justify;\"><span style=\"color: #000000;\">Punto 16. Informe de Alcald\u00eda.<\/span><\/p>\n<p style=\"text-align: justify;\"><span style=\"color: #000000;\">Punto 17. Ruegos y preguntas.<\/span><\/p>\n<p style=\"text-align: justify;\"><span style=\"color: #000000;\">Seg\u00fan el\u00a0<a style=\"color: #000000;\" href=\"https:\/\/bisbalpenedes.com\/web\/2017\/06\/22\/el-ple-ordinari-del-passat-19-de-juny-va-aprovar-el-primer-rom-de-lajuntament-de-la-bisbal-del-penedes\/\">ROM<\/a>\u00a0aprobado en el Pleno del Ayuntamiento de la Bisbal del Pened\u00e8s el pasado 19 de junio del 2017, la ciudadan\u00eda puede participar en los Plenos Ordinarios. A continuaci\u00f3n os detallamos el funcionamiento de este supuesto:<\/span><\/p>\n<p style=\"text-align: justify;\"><span style=\"color: #000000;\">Todas las personas tienen derecho a intervenir en las sesiones ordinarias del Pleno en el punto de la orden del d\u00eda de \u2018Ruegos y preguntas\u2019, de acuerdo con las prescripciones siguientes:<\/span><\/p>\n<ul>\n<li style=\"text-align: justify;\"><span style=\"color: #000000;\">El ruego o pregunta deber\u00e1 solicitarse a Alcald\u00eda:<\/span>\n<ul style=\"text-align: justify;\">\n<li><span style=\"color: #000000;\">Por escrito y entrarlo\/la por escrito como m\u00e1ximo 24 horas antes del Pleno Ordinario<\/span><\/li>\n<li><span style=\"color: #000000;\">Por Twitter en @BisbalPenedes como m\u00e1ximo 24h antes del Pleno Ordinario, cumpliendo el protocolo de uso de las redes sociales con el formato #PleBisbalPened\u00e8s, seguido del ruego o pregunta.<\/span><\/li>\n<\/ul>\n<\/li>\n<li style=\"text-align: justify;\"><span style=\"color: #000000;\">El asunto objeto del ruego o pregunta deber\u00e1 ser de competencia municipal sobre la acci\u00f3n de gobierno o estar directamente relacionado con los puntos incluidos en el orden del d\u00eda<\/span><\/li>\n<li style=\"text-align: justify;\"><span style=\"color: #000000;\">Cada ciudadano\/na puede formular un ruego y una pregunta en un mismo Pleno. La longitud m\u00e1xima de cada tweet es de 140 caracteres y no se puede continuar la pregunta con un segundo \u2018tweet.<\/span><\/li>\n<li style=\"text-align: justify;\"><span style=\"color: #000000;\">Alcald\u00eda podr\u00e1 no responder si es un asunto sobre el cual el Ayuntamiento no tiene competencias o si ya se ha presentado la misma pregunta en otra sesi\u00f3n plenaria de los \u00faltimos 6 meses.<\/span><\/li>\n<li style=\"text-align: justify;\"><span style=\"color: #000000;\">Alcald\u00eda comunicar\u00e1, terminado el plazo m\u00e1ximo de presentaci\u00f3n de preguntas, a quien vayan dirigidas las preguntas o peticiones solicitadas para que las pueda responder<\/span><\/li>\n<li style=\"text-align: justify;\"><span style=\"color: #000000;\">Alcald\u00eda leer\u00e1 la pregunta en voz alta<\/span><\/li>\n<li style=\"text-align: justify;\"><span style=\"color: #000000;\">Alcald\u00eda o a quien vaya dirigida la pregunta, la responder\u00e1 en la misma sesi\u00f3n del Pleno<\/span><\/li>\n<li style=\"text-align: justify;\"><span style=\"color: #000000;\">El p\u00fablico asistente a las sesiones no podr\u00e1 efectuar manifestaciones de agrado o desagrado. Tampoco se podr\u00e1n proferir comentarios que afecten el normal desarrollo de la sesi\u00f3n.<\/span><\/li>\n<\/ul>\n<p>&nbsp;<\/p>\n","protected":false},"excerpt":{"rendered":"<p>El proper\u00a0dilluns 15 de juny, a les 19h,\u00a0se celebrar\u00e0 el Ple ordinari de l\u2019Ajuntament de la Bisbal del Pened\u00e8s corresponent a aquest trimestre de forma telem\u00e0tica. S&#8217;emetr\u00e0, en directe, a &hellip; <a href=\"https:\/\/bisbalpenedes.com\/web\/2020\/06\/10\/el-proper-dilluns-15-de-juny-a-les-19h-se-celebrara-el-ple-ordinari-de-lajuntament-de-la-bisbal-del-penedes\/\" class=\"more-link\">Read More<\/a><\/p>\n","protected":false},"author":4,"featured_media":8717,"comment_status":"closed","ping_status":"closed","sticky":false,"template":"","format":"standard","meta":[],"categories":[8,2250],"tags":[2866,139,249],"_links":{"self":[{"href":"https:\/\/bisbalpenedes.com\/web\/wp-json\/wp\/v2\/posts\/13805"}],"collection":[{"href":"https:\/\/bisbalpenedes.com\/web\/wp-json\/wp\/v2\/posts"}],"about":[{"href":"https:\/\/bisbalpenedes.com\/web\/wp-json\/wp\/v2\/types\/post"}],"author":[{"embeddable":true,"href":"https:\/\/bisbalpenedes.com\/web\/wp-json\/wp\/v2\/users\/4"}],"replies":[{"embeddable":true,"href":"https:\/\/bisbalpenedes.com\/web\/wp-json\/wp\/v2\/comments?post=13805"}],"version-history":[{"count":5,"href":"https:\/\/bisbalpenedes.com\/web\/wp-json\/wp\/v2\/posts\/13805\/revisions"}],"predecessor-version":[{"id":13844,"href":"https:\/\/bisbalpenedes.com\/web\/wp-json\/wp\/v2\/posts\/13805\/revisions\/13844"}],"wp:featuredmedia":[{"embeddable":true,"href":"https:\/\/bisbalpenedes.com\/web\/wp-json\/wp\/v2\/media\/8717"}],"wp:attachment":[{"href":"https:\/\/bisbalpenedes.com\/web\/wp-json\/wp\/v2\/media?parent=13805"}],"wp:term":[{"taxonomy":"category","embeddable":true,"href":"https:\/\/bisbalpenedes.com\/web\/wp-json\/wp\/v2\/categories?post=13805"},{"taxonomy":"post_tag","embeddable":true,"href":"https:\/\/bisbalpenedes.com\/web\/wp-json\/wp\/v2\/tags?post=13805"}],"curies":[{"name":"wp","href":"https:\/\/api.w.org\/{rel}","templated":true}]}}