{"id":13801,"date":"2020-06-10T09:33:44","date_gmt":"2020-06-10T08:33:44","guid":{"rendered":"http:\/\/bisbalpenedes.com\/web\/?p=13801"},"modified":"2020-06-10T09:33:44","modified_gmt":"2020-06-10T08:33:44","slug":"del-15-al-21-de-juny-es-produiran-canvins-en-la-frequencia-de-tv-i-caldra-dur-a-terme-una-resintonitzacio","status":"publish","type":"post","link":"https:\/\/bisbalpenedes.com\/web\/2020\/06\/10\/del-15-al-21-de-juny-es-produiran-canvins-en-la-frequencia-de-tv-i-caldra-dur-a-terme-una-resintonitzacio\/","title":{"rendered":"Del 15 al 21 de juny es produiran canvins en la freq\u00fc\u00e8ncia de TV i caldr\u00e0 dur a terme una resintonitzaci\u00f3"},"content":{"rendered":"<p><span style=\"color: #000000;\">El Ministeri d\u2019Assumptes Econ\u00f2mics i Transformaci\u00f3 Digital de la Secretaria d\u2019Estat de Telecomunicacions i Infraestructures Digitals ha informat aquest ajuntament que, del 15 al 21 de juny, es produiran canvis en la freq\u00fc\u00e8ncia per la qual s\u2019emeten determinats canals de TV i, per tant, ser\u00e0 necessari dur a terme les seg\u00fcents accions:<\/span><\/p>\n<ul>\n<li><span style=\"color: #000000;\">Als habitatges unifamiliars, caldr\u00e0 resintonitzar el televisor amb el comandament a dist\u00e0ncia. D\u2019aquesta manera es podran veure els canals en la nova freq\u00fc\u00e8ncia.<\/span><\/li>\n<li><span style=\"color: #000000;\">En algunes comunitats de ve\u00efns ser\u00e0 necess\u00e0ria la intervenci\u00f3 d\u2019un antenista:<\/span>\n<ul>\n<li><span style=\"color: #000000;\">En edificis petits no caldr\u00e0 l\u2019adaptaci\u00f3, nom\u00e9s la resintonitzaci\u00f3 dels canals mitjan\u00e7ant el comandament a dist\u00e0ncia.<\/span><\/li>\n<li><span style=\"color: #000000;\">En edificis de mida mitjana o gran que estiguin equipats amb sistemes d\u2019antena col\u00b7lectiva, basada en monocanals o centraleta programables, que no s\u2019haguessin adaptat a una antena col\u00b7lectiva anteriorment, ser\u00e0 necessari contactar amb una empresa instal\u00b7ladora per adaptar la seva instal\u00b7laci\u00f3 de recepci\u00f3 de televisi\u00f3. Des del Ministeri han obert una <a style=\"color: #000000;\" href=\"https:\/\/www.televisiondigital.gob.es\/2DD-5G\/Paginas\/ayudas-segundo-dividendo-digital.aspx\">l\u00ednia d\u2019ajuts<\/a> per cobrir part d\u2019aquests costos. Cal sol\u00b7licitar-la a trav\u00e9s de <a style=\"color: #000000;\" href=\"http:\/\/www.televisiondigital.es\">televisiondigital.es<\/a> una vegada s\u2019hagi fet l\u2019adaptaci\u00f3.<\/span><\/li>\n<\/ul>\n<\/li>\n<\/ul>\n<p><span style=\"color: #000000;\">Segons la informaci\u00f3 rebuda per part del Ministeri d\u2019Assumptes Econ\u00f2mics i Transformaci\u00f3 Digital, la reubicaci\u00f3 de les freq\u00fc\u00e8ncies de la televisi\u00f3 digital \u00e9s un mandat europeu per harmonitzar la banda de freq\u00fc\u00e8ncia de 700MHz, actualment emprada per a la televisi\u00f3, ja que a partir del pr\u00f2xim 30 de juny aquesta banda de freq\u00fc\u00e8ncia tamb\u00e9 ser\u00e0 utilitzada per les noves xarxes de telefonia m\u00f2bil d\u2019alta velocitat 5G a tota Europa. D\u2019aquesta manera es permetr\u00e0 ampliar la cobertura geogr\u00e0fica de la tecnologia 5G, especialment a les zones rurals, i millorar la cobertura d\u2019aquesta modalitat de navegaci\u00f3 per internet a alta velocitat a l\u2019interior dels edificis.<\/span><\/p>\n<p><span style=\"color: #000000;\">Per a m\u00e9s informaci\u00f3 sobre aquest proc\u00e9s cal que truqueu al 901 20 10 04 o al 910 88 98 79. Tamb\u00e9 podeu entrar al web <a style=\"color: #000000;\" href=\"http:\/\/www.televisiondigital.es\">www.televisiondigital.es<\/a><\/span><\/p>\n<hr \/>\n<p><span style=\"color: #000000;\"><strong>CASTELLANO |<\/strong> El Ministerio de Asuntos Econ\u00f3micos y Transformaci\u00f3n Digital de la Secretar\u00eda de Telecomunicaciones e Infraestructuras Digitales ha informado a este ayuntamiento de que, del 15 al 21 de junio, se producir\u00e1n cambios en la frecuencia por la que se emiten determinados canales de TV y, por tanto, ser\u00e1 necesario llevar a cabo las siguientes acciones:<\/span><\/p>\n<ul>\n<li><span style=\"color: #000000;\">En las viviendas unifamiliares, ser\u00e1 necesario resintonizar el televisor con el mando a distancia. De esta manera se podr\u00e1n ver los canales en la nueva frecuencia.<\/span><\/li>\n<li><span style=\"color: #000000;\">En algunas comunidades de vecinos ser\u00e1 necesaria la intervenci\u00f3n de un antenista:<\/span>\n<ul>\n<li><span style=\"color: #000000;\">En edificios peque\u00f1os no ser\u00e1 necesaria la adaptaci\u00f3n, solo la resintonizaci\u00f3n del canal mediante el mando a distancia.<\/span><\/li>\n<li><span style=\"color: #000000;\">En edificios de medida mediana o grande que est\u00e9n equipados con sistemas de antena colectiva, basada en monocanales o centralita programables, que no se hubiesen adaptado a una antena colectiva anteriormente, ser\u00e1 necesario contactar con una empresa instaladora para adaptar su instalaci\u00f3n a la recepci\u00f3n de televisi\u00f3n. Desde el Ministerio han abierto una <a style=\"color: #000000;\" href=\"https:\/\/www.televisiondigital.gob.es\/2DD-5G\/Paginas\/ayudas-segundo-dividendo-digital.aspx\">l\u00ednea de ayudas<\/a> para cubrir parte de estos costes. Hay que solicitarla a trav\u00e9s de <a style=\"color: #000000;\" href=\"http:\/\/www.televisiondigital.es\">televisiondigital.es<\/a> una vez se haya efectuado la adaptaci\u00f3n.<\/span><\/li>\n<\/ul>\n<\/li>\n<\/ul>\n<p><span style=\"color: #000000;\">Seg\u00fan la informaci\u00f3n recibida por parte del Ministerio de Asuntos Econ\u00f3micos y Transformaci\u00f3n Digital, la reubicaci\u00f3n de las frecuencias de la televisi\u00f3n digital es un mandato europeo para harmonizar la banda de frecuencia de 700MHz, actualmente utilizada para la televisi\u00f3n, ya que a partir del pr\u00f3ximo 30 de junio esta banda de frecuencia tambi\u00e9n ser\u00e1 utilizada para las nuevas redes de telefon\u00eda m\u00f3vil de alta velocidad 5G en toda Europa. De esta manera se permitir\u00e1 ampliar la cobertura geogr\u00e1fica de la tecnolog\u00eda 5G, especialmente en las zonas rurales, y mejorar la cobertura de esta modalidad de navegaci\u00f3n por internet a alta velocidad en el interior de los edificios.<\/span><\/p>\n<p><span style=\"color: #000000;\">Para m\u00e1s informaci\u00f3n sobre este proceso pod\u00e9is llamar al 901 20 10 04 o al 910 88 98 79. Tambi\u00e9n pod\u00e9is entrar en la web <a style=\"color: #000000;\" href=\"http:\/\/www.televisiondigital.es\">www.televisiondigital.es<\/a><\/span><\/p>\n<p><a href=\"http:\/\/bisbalpenedes.com\/web\/wp-content\/uploads\/2020\/06\/2DD_Resintonizacion_page-0001.jpg\"><img loading=\"lazy\" class=\"aligncenter size-large wp-image-13802\" src=\"http:\/\/bisbalpenedes.com\/web\/wp-content\/uploads\/2020\/06\/2DD_Resintonizacion_page-0001-592x1024.jpg\" alt=\"2DD_Resintonizacion_page-0001\" width=\"592\" height=\"1024\" srcset=\"https:\/\/bisbalpenedes.com\/web\/wp-content\/uploads\/2020\/06\/2DD_Resintonizacion_page-0001-592x1024.jpg 592w, https:\/\/bisbalpenedes.com\/web\/wp-content\/uploads\/2020\/06\/2DD_Resintonizacion_page-0001-600x1038.jpg 600w, https:\/\/bisbalpenedes.com\/web\/wp-content\/uploads\/2020\/06\/2DD_Resintonizacion_page-0001-173x300.jpg 173w, https:\/\/bisbalpenedes.com\/web\/wp-content\/uploads\/2020\/06\/2DD_Resintonizacion_page-0001-768x1329.jpg 768w, https:\/\/bisbalpenedes.com\/web\/wp-content\/uploads\/2020\/06\/2DD_Resintonizacion_page-0001.jpg 1312w\" sizes=\"(max-width: 592px) 100vw, 592px\" \/><\/a><\/p>\n","protected":false},"excerpt":{"rendered":"<p>El Ministeri d\u2019Assumptes Econ\u00f2mics i Transformaci\u00f3 Digital de la Secretaria d\u2019Estat de Telecomunicacions i Infraestructures Digitals ha informat aquest ajuntament que, del 15 al 21 de juny, es produiran canvis &hellip; <a href=\"https:\/\/bisbalpenedes.com\/web\/2020\/06\/10\/del-15-al-21-de-juny-es-produiran-canvins-en-la-frequencia-de-tv-i-caldra-dur-a-terme-una-resintonitzacio\/\" class=\"more-link\">Read More<\/a><\/p>\n","protected":false},"author":4,"featured_media":13802,"comment_status":"closed","ping_status":"closed","sticky":false,"template":"","format":"standard","meta":[],"categories":[8],"tags":[293,3501,1100,3499],"_links":{"self":[{"href":"https:\/\/bisbalpenedes.com\/web\/wp-json\/wp\/v2\/posts\/13801"}],"collection":[{"href":"https:\/\/bisbalpenedes.com\/web\/wp-json\/wp\/v2\/posts"}],"about":[{"href":"https:\/\/bisbalpenedes.com\/web\/wp-json\/wp\/v2\/types\/post"}],"author":[{"embeddable":true,"href":"https:\/\/bisbalpenedes.com\/web\/wp-json\/wp\/v2\/users\/4"}],"replies":[{"embeddable":true,"href":"https:\/\/bisbalpenedes.com\/web\/wp-json\/wp\/v2\/comments?post=13801"}],"version-history":[{"count":1,"href":"https:\/\/bisbalpenedes.com\/web\/wp-json\/wp\/v2\/posts\/13801\/revisions"}],"predecessor-version":[{"id":13803,"href":"https:\/\/bisbalpenedes.com\/web\/wp-json\/wp\/v2\/posts\/13801\/revisions\/13803"}],"wp:featuredmedia":[{"embeddable":true,"href":"https:\/\/bisbalpenedes.com\/web\/wp-json\/wp\/v2\/media\/13802"}],"wp:attachment":[{"href":"https:\/\/bisbalpenedes.com\/web\/wp-json\/wp\/v2\/media?parent=13801"}],"wp:term":[{"taxonomy":"category","embeddable":true,"href":"https:\/\/bisbalpenedes.com\/web\/wp-json\/wp\/v2\/categories?post=13801"},{"taxonomy":"post_tag","embeddable":true,"href":"https:\/\/bisbalpenedes.com\/web\/wp-json\/wp\/v2\/tags?post=13801"}],"curies":[{"name":"wp","href":"https:\/\/api.w.org\/{rel}","templated":true}]}}