{"id":13798,"date":"2020-06-10T07:50:49","date_gmt":"2020-06-10T06:50:49","guid":{"rendered":"http:\/\/bisbalpenedes.com\/web\/?p=13798"},"modified":"2020-06-10T07:50:49","modified_gmt":"2020-06-10T06:50:49","slug":"el-consultori-medic-de-la-bisbal-reobrira-el-15-de-juny-i-oferira-atencio-nomes-amb-cita-previa","status":"publish","type":"post","link":"https:\/\/bisbalpenedes.com\/web\/2020\/06\/10\/el-consultori-medic-de-la-bisbal-reobrira-el-15-de-juny-i-oferira-atencio-nomes-amb-cita-previa\/","title":{"rendered":"El consultori m\u00e8dic de la Bisbal reobrir\u00e0 el 15 de juny i oferir\u00e0 atenci\u00f3 nom\u00e9s amb cita pr\u00e8via"},"content":{"rendered":"<p style=\"text-align: justify;\"><span style=\"color: #000000;\">El consultori m\u00e8dic de la Bisbal del Pened\u00e8s obrir\u00e0, a partir del dilluns 15 de juny, tres matins i dues tardes a la setmana. Hi haur\u00e0 atenci\u00f3 m\u00e8dica i d\u2019infermeria. Estar\u00e0 obert:<\/span><\/p>\n<p style=\"padding-left: 30px; text-align: justify;\"><span style=\"color: #000000;\">-De 08:00h a 14:00h els dilluns, dimecres i divendres.<\/span><\/p>\n<p style=\"padding-left: 30px; text-align: justify;\"><span style=\"color: #000000;\">-De 15:00h a 20:00h, els dimarts i els dijous.<\/span><\/p>\n<p style=\"text-align: justify;\"><span style=\"color: #000000;\">Amb l\u2019objectiu de disminuir el risc de transmissi\u00f3 i contagi, per ser visitat ser\u00e0 imprescindible demanar cita pr\u00e8via en tots els sup\u00f2sits (tamb\u00e9 per anar a buscar receptes). Per demanar consulta s\u2019haur\u00e0 de trucar al 977688724 o enviar un correu electr\u00f2nic a <a style=\"color: #000000;\" href=\"consultavendrell@xarxatecla.cat\">consultavendrell@xarxatecla.cat<\/a>.<\/span><\/p>\n<p style=\"text-align: justify;\"><span style=\"color: #000000;\">Quant als pacients de l\u2019\u00e0rea de pediatria, aquests s\u2019hauran d\u2019adre\u00e7ar al servei de Pediatria del centre assistencial El Botafoc del Vendrell, situat a l\u2019avda. Baix Pened\u00e8s, 94. Tel\u00e8fon 977 13 46 69.<\/span><\/p>\n<hr \/>\n<p style=\"text-align: justify;\"><span style=\"color: #000000;\"><strong>CASTELLANO |<\/strong> El consultorio m\u00e9dico de la Bisbal del Pened\u00e8s abrir\u00e1, a partir del lunes 15 de junio, tres ma\u00f1anas y dos tardes a la semana. Habr\u00e1 atenci\u00f3n m\u00e9dica y de enfermer\u00eda. Estar\u00e1 abierto:<\/span><\/p>\n<p style=\"padding-left: 30px; text-align: justify;\"><span style=\"color: #000000;\">-De 08:00h a 14:00h los lunes, los mi\u00e9rcoles y los viernes.<\/span><\/p>\n<p style=\"padding-left: 30px; text-align: justify;\"><span style=\"color: #000000;\">-De 15:00h a 20:00h, los martes y los jueves.<\/span><\/p>\n<p style=\"text-align: justify;\"><span style=\"color: #000000;\">Con el objetivo de disminuir el riesgo de transmisi\u00f3n y contagio, para ser visitado ser\u00e1 imprescindible pedir cita previa en todos los supuestos (tambi\u00e9n para ir a buscar recetas). Para pedir consulta habr\u00e1 que llamar al 977688724 o mandar un correo electr\u00f3nico a <a style=\"color: #000000;\" href=\"mailto:consultavendrell@xarxatecla.cat\">consultavendrell@xarxatecla.cat<\/a>.<\/span><\/p>\n<p style=\"text-align: justify;\"><span style=\"color: #000000;\">En cuanto a los pacientes del \u00e1rea de pediatr\u00eda, estos se deber\u00e1n dirigir al servicio de Pediatr\u00eda del centro asistencial El Botafoc del Vendrell, en la avda. ubicado en la avda. Baix Pened\u00e8s, 94. Tel\u00e9fono 977 13 46 69.<\/span><\/p>\n<p style=\"text-align: justify;\"><a href=\"http:\/\/bisbalpenedes.com\/web\/wp-content\/uploads\/2020\/06\/CASALESTIU20Apreu.jpg\"><img loading=\"lazy\" class=\"aligncenter size-large wp-image-13799\" src=\"http:\/\/bisbalpenedes.com\/web\/wp-content\/uploads\/2020\/06\/CASALESTIU20Apreu-725x1024.jpg\" alt=\"CASALESTIU20Apreu\" width=\"630\" height=\"890\" srcset=\"https:\/\/bisbalpenedes.com\/web\/wp-content\/uploads\/2020\/06\/CASALESTIU20Apreu-725x1024.jpg 725w, https:\/\/bisbalpenedes.com\/web\/wp-content\/uploads\/2020\/06\/CASALESTIU20Apreu-600x848.jpg 600w, https:\/\/bisbalpenedes.com\/web\/wp-content\/uploads\/2020\/06\/CASALESTIU20Apreu-212x300.jpg 212w, https:\/\/bisbalpenedes.com\/web\/wp-content\/uploads\/2020\/06\/CASALESTIU20Apreu-768x1085.jpg 768w, https:\/\/bisbalpenedes.com\/web\/wp-content\/uploads\/2020\/06\/CASALESTIU20Apreu.jpg 1241w\" sizes=\"(max-width: 630px) 100vw, 630px\" \/><\/a><\/p>\n","protected":false},"excerpt":{"rendered":"<p>El consultori m\u00e8dic de la Bisbal del Pened\u00e8s obrir\u00e0, a partir del dilluns 15 de juny, tres matins i dues tardes a la setmana. Hi haur\u00e0 atenci\u00f3 m\u00e8dica i d\u2019infermeria. &hellip; <a href=\"https:\/\/bisbalpenedes.com\/web\/2020\/06\/10\/el-consultori-medic-de-la-bisbal-reobrira-el-15-de-juny-i-oferira-atencio-nomes-amb-cita-previa\/\" class=\"more-link\">Read More<\/a><\/p>\n","protected":false},"author":4,"featured_media":13799,"comment_status":"closed","ping_status":"closed","sticky":false,"template":"","format":"standard","meta":[],"categories":[14],"tags":[866,2701,3886,3885,3591,28],"_links":{"self":[{"href":"https:\/\/bisbalpenedes.com\/web\/wp-json\/wp\/v2\/posts\/13798"}],"collection":[{"href":"https:\/\/bisbalpenedes.com\/web\/wp-json\/wp\/v2\/posts"}],"about":[{"href":"https:\/\/bisbalpenedes.com\/web\/wp-json\/wp\/v2\/types\/post"}],"author":[{"embeddable":true,"href":"https:\/\/bisbalpenedes.com\/web\/wp-json\/wp\/v2\/users\/4"}],"replies":[{"embeddable":true,"href":"https:\/\/bisbalpenedes.com\/web\/wp-json\/wp\/v2\/comments?post=13798"}],"version-history":[{"count":1,"href":"https:\/\/bisbalpenedes.com\/web\/wp-json\/wp\/v2\/posts\/13798\/revisions"}],"predecessor-version":[{"id":13800,"href":"https:\/\/bisbalpenedes.com\/web\/wp-json\/wp\/v2\/posts\/13798\/revisions\/13800"}],"wp:featuredmedia":[{"embeddable":true,"href":"https:\/\/bisbalpenedes.com\/web\/wp-json\/wp\/v2\/media\/13799"}],"wp:attachment":[{"href":"https:\/\/bisbalpenedes.com\/web\/wp-json\/wp\/v2\/media?parent=13798"}],"wp:term":[{"taxonomy":"category","embeddable":true,"href":"https:\/\/bisbalpenedes.com\/web\/wp-json\/wp\/v2\/categories?post=13798"},{"taxonomy":"post_tag","embeddable":true,"href":"https:\/\/bisbalpenedes.com\/web\/wp-json\/wp\/v2\/tags?post=13798"}],"curies":[{"name":"wp","href":"https:\/\/api.w.org\/{rel}","templated":true}]}}