{"id":13788,"date":"2020-06-09T11:53:57","date_gmt":"2020-06-09T10:53:57","guid":{"rendered":"http:\/\/bisbalpenedes.com\/web\/?p=13788"},"modified":"2020-06-09T11:57:14","modified_gmt":"2020-06-09T10:57:14","slug":"lajuntament-de-la-bisbal-del-penedes-fa-els-primers-passos-per-enderrocar-la-masia-de-la-miralba","status":"publish","type":"post","link":"https:\/\/bisbalpenedes.com\/web\/2020\/06\/09\/lajuntament-de-la-bisbal-del-penedes-fa-els-primers-passos-per-enderrocar-la-masia-de-la-miralba\/","title":{"rendered":"L\u2019Ajuntament de la Bisbal del Pened\u00e8s fa els primers passos per enderrocar la masia de la Miralba"},"content":{"rendered":"<p style=\"text-align: justify;\"><a href=\"http:\/\/bisbalpenedes.com\/web\/wp-content\/uploads\/2020\/06\/IMG_7763.jpg\"><img loading=\"lazy\" class=\"aligncenter wp-image-13789 size-large\" src=\"http:\/\/bisbalpenedes.com\/web\/wp-content\/uploads\/2020\/06\/IMG_7763-1024x768.jpg\" alt=\"MASIA LA MIRALBA\" width=\"630\" height=\"473\" srcset=\"https:\/\/bisbalpenedes.com\/web\/wp-content\/uploads\/2020\/06\/IMG_7763-1024x768.jpg 1024w, https:\/\/bisbalpenedes.com\/web\/wp-content\/uploads\/2020\/06\/IMG_7763-600x450.jpg 600w, https:\/\/bisbalpenedes.com\/web\/wp-content\/uploads\/2020\/06\/IMG_7763-300x225.jpg 300w, https:\/\/bisbalpenedes.com\/web\/wp-content\/uploads\/2020\/06\/IMG_7763-768x576.jpg 768w, https:\/\/bisbalpenedes.com\/web\/wp-content\/uploads\/2020\/06\/IMG_7763.jpg 2016w\" sizes=\"(max-width: 630px) 100vw, 630px\" \/><\/a><\/p>\n<p style=\"text-align: justify;\"><span style=\"color: #000000;\">L\u2019Ajuntament de la Bisbal del Pened\u00e8s est\u00e0 treballant en el futur enderroc de la masia del carrer Gladiol n\u00famero 8 de La Miralba.<\/span><\/p>\n<p style=\"text-align: justify;\"><span style=\"color: #000000;\">La Junta de govern del dilluns 8 de juny va aprovar contractar el servei de redacci\u00f3 del projecte t\u00e8cnic d\u2019enderroc, la direcci\u00f3 de l\u2019execuci\u00f3 de l\u2019obra i la coordinaci\u00f3 de seguretat i salut en la fase d\u2019execuci\u00f3 amb l\u2019empresa Disseny i Arquitectura Taller Pericial S.L. per un import de 5.826,15\u20ac (IVA incl\u00f2s).<\/span><\/p>\n<p style=\"text-align: justify;\"><span style=\"color: #000000;\">Segons ha explicat l\u2019alcaldessa i responsable de l\u2019\u00e0rea d\u2019Urbanisme, Agn\u00e8s Ferr\u00e9, \u201cla masia est\u00e0 en mal estat de conservaci\u00f3 i est\u00e0 ubicada en una parcel\u00b7la adjacent al local social de la Miralba. L\u2019aprovaci\u00f3 d\u2019aquest contracte \u00e9s un primer pas per dur a terme l\u2019enderroc i, posteriorment, instal\u00b7lar-hi els equipaments que es creguin convenients, sempre tenint en compte els suggeriments i les propostes que ens facin arribar des de l\u2019associaci\u00f3 de ve\u00efns del barri\u201d.<\/span><\/p>\n<p style=\"text-align: justify;\"><span style=\"color: #000000;\">La Junta de Govern del 9 de novembre de 2018 va adjudicar a l\u2019Ajuntament de la Bisbal del Pened\u00e8s la finca on hi ha la masia que s\u2019enderrocar\u00e0, despr\u00e9s que no es pogu\u00e9s adjudicar la venda de la finca per subhasta p\u00fablica.<\/span><\/p>\n<hr \/>\n<p style=\"text-align: justify;\"><span style=\"color: #000000;\"><strong>CASTELLANO |<\/strong> El Ayuntamiento de la Bisbal del Pened\u00e8s est\u00e1 trabajando en el futuro derribo de la masia de la calle Gladiol n\u00famero 8 de La Miralba.<\/span><\/p>\n<p style=\"text-align: justify;\"><span style=\"color: #000000;\">La Junta de gobierno del lunes 8 de junio aprob\u00f3 contratar el servicio de redacci\u00f3n del proyecto t\u00e9cnico de derribo, la direcci\u00f3n de la ejecuci\u00f3n de la obra y la coordinaci\u00f3n de seguridad y salud en la fase de ejecuci\u00f3n con la empresa Disseny i Arquitectura Taller Pericial S.L. por un importe de 5.826,15\u20ac (IVA incluido).<\/span><\/p>\n<p style=\"text-align: justify;\"><span style=\"color: #000000;\">Seg\u00fan ha explicado la alcaldesa y responsable del \u00e1rea de Urbanismo, Agn\u00e8s Ferr\u00e9, \u201cla mas\u00eda est\u00e1 en mal estado de conservaci\u00f3n y est\u00e1 ubicada en una parcela adyacente a la del local social de la Miralba. La aprobaci\u00f3n de este contrato es un primer paso para llevar a cabo el derribo y, posteriormente, instalar all\u00ed los equipamientos que se crean convenientes, siempre teniendo en cuenta las sugerencias y las propuestas que nos hagan llegar desde la asociaci\u00f3n de vecinos del barrio\u201d.<\/span><\/p>\n<p style=\"text-align: justify;\"><span style=\"color: #000000;\">La Junta de Gobierno del 9 de noviembre de 2018 adjudic\u00f3 al Ayuntamiento de la Bisbal del Pened\u00e8s la finca donde est\u00e1 la mas\u00eda que se derribar\u00e1 despu\u00e9s de que no se pudiese adjudicar la venta de la finca mediante subasta p\u00fablica.<\/span><\/p>\n<p>&nbsp;<\/p>\n<p>&nbsp;<\/p>\n","protected":false},"excerpt":{"rendered":"<p>L\u2019Ajuntament de la Bisbal del Pened\u00e8s est\u00e0 treballant en el futur enderroc de la masia del carrer Gladiol n\u00famero 8 de La Miralba. La Junta de govern del dilluns 8 &hellip; <a href=\"https:\/\/bisbalpenedes.com\/web\/2020\/06\/09\/lajuntament-de-la-bisbal-del-penedes-fa-els-primers-passos-per-enderrocar-la-masia-de-la-miralba\/\" class=\"more-link\">Read More<\/a><\/p>\n","protected":false},"author":4,"featured_media":13789,"comment_status":"closed","ping_status":"closed","sticky":false,"template":"","format":"standard","meta":[],"categories":[15],"tags":[3883,974,3318,3884,246,3882,484],"_links":{"self":[{"href":"https:\/\/bisbalpenedes.com\/web\/wp-json\/wp\/v2\/posts\/13788"}],"collection":[{"href":"https:\/\/bisbalpenedes.com\/web\/wp-json\/wp\/v2\/posts"}],"about":[{"href":"https:\/\/bisbalpenedes.com\/web\/wp-json\/wp\/v2\/types\/post"}],"author":[{"embeddable":true,"href":"https:\/\/bisbalpenedes.com\/web\/wp-json\/wp\/v2\/users\/4"}],"replies":[{"embeddable":true,"href":"https:\/\/bisbalpenedes.com\/web\/wp-json\/wp\/v2\/comments?post=13788"}],"version-history":[{"count":3,"href":"https:\/\/bisbalpenedes.com\/web\/wp-json\/wp\/v2\/posts\/13788\/revisions"}],"predecessor-version":[{"id":13793,"href":"https:\/\/bisbalpenedes.com\/web\/wp-json\/wp\/v2\/posts\/13788\/revisions\/13793"}],"wp:featuredmedia":[{"embeddable":true,"href":"https:\/\/bisbalpenedes.com\/web\/wp-json\/wp\/v2\/media\/13789"}],"wp:attachment":[{"href":"https:\/\/bisbalpenedes.com\/web\/wp-json\/wp\/v2\/media?parent=13788"}],"wp:term":[{"taxonomy":"category","embeddable":true,"href":"https:\/\/bisbalpenedes.com\/web\/wp-json\/wp\/v2\/categories?post=13788"},{"taxonomy":"post_tag","embeddable":true,"href":"https:\/\/bisbalpenedes.com\/web\/wp-json\/wp\/v2\/tags?post=13788"}],"curies":[{"name":"wp","href":"https:\/\/api.w.org\/{rel}","templated":true}]}}