{"id":13780,"date":"2020-06-09T09:39:40","date_gmt":"2020-06-09T08:39:40","guid":{"rendered":"http:\/\/bisbalpenedes.com\/web\/?p=13780"},"modified":"2020-06-09T09:52:46","modified_gmt":"2020-06-09T08:52:46","slug":"comunicat-de-lequip-de-govern-la-piscina-municipal-de-la-bisbal-del-penedes-no-obrira-aquest-estiu","status":"publish","type":"post","link":"https:\/\/bisbalpenedes.com\/web\/2020\/06\/09\/comunicat-de-lequip-de-govern-la-piscina-municipal-de-la-bisbal-del-penedes-no-obrira-aquest-estiu\/","title":{"rendered":"Comunicat de l&#8217;equip de govern: La piscina municipal de la Bisbal del Pened\u00e8s no obrir\u00e0 aquest estiu"},"content":{"rendered":"<p><span style=\"color: #000000;\">Tenint en compte la situaci\u00f3 generada per la Covid-19, l\u2019equip de govern de l\u2019Ajuntament de la Bisbal del Pened\u00e8s ha pres la decisi\u00f3 de no obrir la piscina municipal davant la impossibilitat d\u2019assumir, amb totes les garanties, les mesures que s\u2019han indicat des de les autoritats sanit\u00e0ries.<\/span><\/p>\n<p style=\"text-align: justify;\"><span style=\"color: #000000;\">Per a l\u2019equip de govern \u00e9s prioritari garantir la seguretat de la ciutadania i, des que va comen\u00e7ar la crisi sanit\u00e0ria, hem treballat per prevenir la propagaci\u00f3 de la Covid-19 al municipi amb diferents mesures i accions.<\/span><\/p>\n<p style=\"text-align: justify;\"><span style=\"color: #000000;\">Durant les darreres setmanes hem estat avaluant la possibilitat d\u2019obrir la piscina municipal de la Bisbal per\u00f2, finalment, hem decidit no fer-ho. Els membres de l\u2019equip de govern pensem que les mesures proposades per les autoritats sanit\u00e0ries poden ser les adequades per evitar els rebrots per\u00f2 considerem que portar-les a la pr\u00e0ctica \u00e9s summament complicat, ja que no podem controlar all\u00f2 que fa cada persona de forma individual. Aix\u00ed, davant l\u2019impossibilitat d\u2019establir uns mecanismes de control que assegurin el compliment de les mesures amb el rigor que caldria i tenint en compte el d\u00e8ficit econ\u00f2mic que causaria el fet d\u2019obrir implementant totes les mesures que s\u2019exigeixen des de les autoritats sanit\u00e0ries, hem decidit no obrir la piscina municipal aquesta temporada.<\/span><\/p>\n<p style=\"text-align: justify;\"><span style=\"color: #000000;\">Les mesures que s\u2019haurien d\u2019implementar inclouen un aforament limitat al 30%, l\u2019obertura a trav\u00e9s de cita pr\u00e8via per organitzar horaris per torns, controlar la temperatura de totes les persones a l\u2019acc\u00e9s, incorporar un sistema de neteja i desinfecci\u00f3 del cal\u00e7at dels usuaris, el manteniment de dos metres de dist\u00e0ncia entre els usuaris a dins i a fora de l\u2019aigua i la desinfecci\u00f3 continuada dels espais i zones de contacte habitual (com ara les escales de les piscines).<\/span><\/p>\n<p style=\"text-align: justify;\"><span style=\"color: #000000;\">\u00c9s un any excepcional i calen mesures excepcionals. Des de l\u2019Ajuntament de la Bisbal del Pened\u00e8s considerem que \u00e9s prioritari garantir la seguretat sanit\u00e0ria dels usuaris d\u2019aquestes instal\u00b7lacions i, davant del possible risc de contagi per Covid-19, hem pres la decisi\u00f3 de no obrir aquest equipament.<\/span><\/p>\n<p style=\"text-align: justify;\"><span style=\"color: #000000;\">Quant a les entrades dels talonaris que conserveu de l\u2019any passat, us informem que les podreu utilitzar l\u2019estiu de l\u2019any vinent.<\/span><\/p>\n<p style=\"text-align: justify;\"><span style=\"color: #000000;\">Des de l\u2019equip de govern us agra\u00efm la comprensi\u00f3.<\/span><\/p>\n<hr \/>\n<p style=\"text-align: justify;\"><span style=\"color: #000000;\"><strong>CASTELLANO |<\/strong> Teniendo en cuenta la situaci\u00f3n generada por la Covid-19, el equipo de gobierno del Ayuntamiento de la Bisbal del Pened\u00e8s ha tomado la decisi\u00f3n de no abrir la piscina municipal ante la imposibilidad de asumir, con todas las garant\u00edas, las\u00a0 medidas que se han indicado desde las autoridades sanitarias.<\/span><\/p>\n<p style=\"text-align: justify;\"><span style=\"color: #000000;\">Para el equipo de gobierno es prioritario garantizar la seguridad ciudadana y, desde que empez\u00f3 la crisis sanitaria, hemos trabajado para prevenir la propagaci\u00f3n de la Covid-19 en el municipio con varias medidas y acciones.<\/span><\/p>\n<p style=\"text-align: justify;\"><span style=\"color: #000000;\">Durante las \u00faltimas semanas hemos estado evaluando la posibilidad de abrir la piscina municipal de la Bisbal pero, finalmente, hemos decidido no hacerlo. Los miembros del equipo de gobierno pensamos que las medidas propuestas por las autoridades sanitarias pueden ser las adecuadas para evitar los rebrotes pero consideramos que llevarlas a la pr\u00e1ctica es sumamente complicado, ya que no podemos controlar aquello que hace cada persona de forma individual. As\u00ed, ante la imposibilidad de establecer unos mecanismos de control que aseguren el cumplimiento de las medidas con el rigor necesario y teniendo en cuenta el d\u00e9ficit econ\u00f3mico que causar\u00eda el hecho de abrir implementando todas las medidas que se exigen desde las autoridades sanitarias, hemos decidido no abrir la piscina municipal esta temporada.<\/span><\/p>\n<p style=\"text-align: justify;\"><span style=\"color: #000000;\">Las medidas que se tendr\u00edan que implementar incluyen un aforo limitado al 30%, la apertura a trav\u00e9s de cita previa para organizar horarios por turnos, controlar la temperatura de todas las personas en el acceso, incorporar un sistema de limpieza y desinfecci\u00f3n del calzado de los usuarios, el mantenimiento de dos metros de distancia entre los usuarios dentro y fuera del agua y la desinfecci\u00f3n continua de los espacios y zonas de contacto habitual (como por ejemplo las escaleras de las piscinas).<\/span><\/p>\n<p style=\"text-align: justify;\"><span style=\"color: #000000;\">\u00a0Es un a\u00f1o excepcional y son necesarias medidas excepcionales. Desde el Ayuntamiento de la Bisbal del Pened\u00e8s consideramos que es prioritario garantizar la seguridad sanitaria de los usuarios de estas instalaciones y, ante el posible riesgo de contagio por Covid-19, hemos tomado la decisi\u00f3n de no abrir este equipamiento.<\/span><\/p>\n<p style=\"text-align: justify;\"><span style=\"color: #000000;\">En cuanto a las entradas de los talonarios que conserv\u00e1is del a\u00f1o pasado, os informamos de que las podr\u00e9is utilizar el verano que viene.<\/span><\/p>\n<p style=\"text-align: justify;\"><span style=\"color: #000000;\">Desde el equipo de gobierno os agradecemos la comprensi\u00f3n.<\/span><\/p>\n<p>&nbsp;<\/p>\n<p>&nbsp;<\/p>\n","protected":false},"excerpt":{"rendered":"<p>Tenint en compte la situaci\u00f3 generada per la Covid-19, l\u2019equip de govern de l\u2019Ajuntament de la Bisbal del Pened\u00e8s ha pres la decisi\u00f3 de no obrir la piscina municipal davant &hellip; <a href=\"https:\/\/bisbalpenedes.com\/web\/2020\/06\/09\/comunicat-de-lequip-de-govern-la-piscina-municipal-de-la-bisbal-del-penedes-no-obrira-aquest-estiu\/\" class=\"more-link\">Read More<\/a><\/p>\n","protected":false},"author":4,"featured_media":2659,"comment_status":"closed","ping_status":"closed","sticky":false,"template":"","format":"standard","meta":[],"categories":[2377,8],"tags":[3559,74,266],"_links":{"self":[{"href":"https:\/\/bisbalpenedes.com\/web\/wp-json\/wp\/v2\/posts\/13780"}],"collection":[{"href":"https:\/\/bisbalpenedes.com\/web\/wp-json\/wp\/v2\/posts"}],"about":[{"href":"https:\/\/bisbalpenedes.com\/web\/wp-json\/wp\/v2\/types\/post"}],"author":[{"embeddable":true,"href":"https:\/\/bisbalpenedes.com\/web\/wp-json\/wp\/v2\/users\/4"}],"replies":[{"embeddable":true,"href":"https:\/\/bisbalpenedes.com\/web\/wp-json\/wp\/v2\/comments?post=13780"}],"version-history":[{"count":3,"href":"https:\/\/bisbalpenedes.com\/web\/wp-json\/wp\/v2\/posts\/13780\/revisions"}],"predecessor-version":[{"id":13783,"href":"https:\/\/bisbalpenedes.com\/web\/wp-json\/wp\/v2\/posts\/13780\/revisions\/13783"}],"wp:featuredmedia":[{"embeddable":true,"href":"https:\/\/bisbalpenedes.com\/web\/wp-json\/wp\/v2\/media\/2659"}],"wp:attachment":[{"href":"https:\/\/bisbalpenedes.com\/web\/wp-json\/wp\/v2\/media?parent=13780"}],"wp:term":[{"taxonomy":"category","embeddable":true,"href":"https:\/\/bisbalpenedes.com\/web\/wp-json\/wp\/v2\/categories?post=13780"},{"taxonomy":"post_tag","embeddable":true,"href":"https:\/\/bisbalpenedes.com\/web\/wp-json\/wp\/v2\/tags?post=13780"}],"curies":[{"name":"wp","href":"https:\/\/api.w.org\/{rel}","templated":true}]}}