{"id":13762,"date":"2020-06-08T13:05:18","date_gmt":"2020-06-08T12:05:18","guid":{"rendered":"http:\/\/bisbalpenedes.com\/web\/?p=13762"},"modified":"2020-06-15T09:36:00","modified_gmt":"2020-06-15T07:36:00","slug":"lincivisme-el-paguem-entre-tots-no-aboqueu-deixalles-a-lexterior-dels-contenidors-i-feu-us-del-punt-verd-i-del-servei-de-recollida-de-voluminosos","status":"publish","type":"post","link":"https:\/\/bisbalpenedes.com\/web\/2020\/06\/08\/lincivisme-el-paguem-entre-tots-no-aboqueu-deixalles-a-lexterior-dels-contenidors-i-feu-us-del-punt-verd-i-del-servei-de-recollida-de-voluminosos\/","title":{"rendered":"L&#8217;incivisme el paguem entre tots. No aboqueu deixalles a l&#8217;exterior dels contenidors i feu \u00fas del Punt Verd i del servei de recollida de voluminosos."},"content":{"rendered":"<div class=\"\" data-block=\"true\" data-editor=\"cd882\" data-offset-key=\"2vsau-0-0\">\n<div class=\"_1mf _1mj\" style=\"text-align: justify;\" data-offset-key=\"2vsau-0-0\"><span style=\"color: #000000;\"><span data-offset-key=\"2vsau-2-0\"><span data-text=\"true\">Des de l\u2019Ajuntament de la Bisbal del Pened\u00e8s lamentem, una vegada m\u00e9s, l\u2019incivisme d\u2019algunes persones, que embruten i deixen escombraries i runa fora dels contenidors. Aquesta situaci\u00f3 fa necessari que s\u2019hagi de fer una neteja -amb un vehicle espec\u00edfic- de forma mensual, amb el sobrecost que aix\u00f2 suposa per a la ciutadania. <\/span><\/span><\/span><\/div>\n<\/div>\n<div class=\"\" style=\"text-align: justify;\" data-block=\"true\" data-editor=\"cd882\" data-offset-key=\"d2jff-0-0\">\n<div class=\"_1mf _1mj\" data-offset-key=\"d2jff-0-0\"><span style=\"color: #000000;\" data-offset-key=\"d2jff-1-0\"><span data-text=\"true\">A la imatge podeu veure l\u2019estat que presentaven algunes de les illes de contenidors del municipi aquest cap de setmana i l\u2019estat que presenten despr\u00e9s de la neteja, que s\u2019ha comen\u00e7at a efectuar avui dilluns 8 de juny.<\/span><\/span><\/div>\n<\/div>\n<div class=\"\" style=\"text-align: justify;\" data-block=\"true\" data-editor=\"cd882\" data-offset-key=\"e4q39-0-0\">\n<div class=\"_1mf _1mj\" data-offset-key=\"e4q39-0-0\"><span style=\"color: #000000;\" data-offset-key=\"e4q39-1-0\"><span data-text=\"true\">Recordem a la ciutadania que, en l\u2019actualitat, el Punt Verd est\u00e0 obert de dilluns a divendres de 9 a 13h (amb les mesures de seguretat i prevenci\u00f3 corresponents per la Covid-19). A partir del dimecres 17 de juny, tamb\u00e9 obrir\u00e0 els dimecres de 17h a 20h.<\/span><\/span><\/div>\n<\/div>\n<div class=\"\" style=\"text-align: justify;\" data-block=\"true\" data-editor=\"cd882\" data-offset-key=\"1cme0-0-0\">\n<div class=\"_1mf _1mj\" data-offset-key=\"1cme0-0-0\"><span style=\"color: #000000;\" data-offset-key=\"1cme0-1-0\"><span data-text=\"true\">D\u2019altra banda, ja s\u2019ha restablert el servei de recollida de voluminosos a domicili. Es du a terme el primer dilluns de mes (no festiu) i cal que truqueu amb un m\u00ednim de 5 dies d\u2019antelaci\u00f3 a l\u2019Ajuntament (977688438) perqu\u00e8 passin per casa vostra.<\/span><\/span><\/div>\n<\/div>\n<div class=\"\" style=\"text-align: justify;\" data-block=\"true\" data-editor=\"cd882\" data-offset-key=\"es1qs-0-0\">\n<div class=\"_1mf _1mj\" data-offset-key=\"es1qs-0-0\"><span style=\"color: #000000;\" data-offset-key=\"es1qs-0-0\">\u00a0<\/span><\/div>\n<\/div>\n<div class=\"\" style=\"text-align: justify;\" data-block=\"true\" data-editor=\"cd882\" data-offset-key=\"8006i-0-0\">\n<div class=\"_1mf _1mj\" data-offset-key=\"8006i-0-0\">\n<hr \/>\n<p><span style=\"color: #000000;\"><strong>CASTELLANO |<\/strong> Desde el Ayuntamiento de la Bisbal del Pened\u00e8s lamentamos, una vez m\u00e1s, el incivismo de algunas personas, que ensucian y dejan basura y runa fuera de los contenedores. Esta situaci\u00f3n hace necesario que se tenga que hacer una limpieza -con un veh\u00edculo espec\u00edfico- de forma mensual, con el sobrecoste que esto supone para la ciudadan\u00eda.<\/span><\/p>\n<\/div>\n<\/div>\n<div class=\"\" style=\"text-align: justify;\" data-block=\"true\" data-editor=\"cd882\" data-offset-key=\"1ekcj-0-0\">\n<div class=\"_1mf _1mj\" data-offset-key=\"1ekcj-0-0\"><span style=\"color: #000000;\" data-offset-key=\"1ekcj-1-0\"><span data-text=\"true\">En la imagen pod\u00e9is ver el estado que present\u00e1ban algunas de las islas de contenedores del municipio este fin de semana y el estado que presentan despu\u00e9s de la limpieza, que se ha empezado a efectuar hoy lunes 8 de junio.<\/span><\/span><\/div>\n<\/div>\n<div class=\"\" style=\"text-align: justify;\" data-block=\"true\" data-editor=\"cd882\" data-offset-key=\"6nu64-0-0\">\n<div class=\"_1mf _1mj\" data-offset-key=\"6nu64-0-0\"><span style=\"color: #000000;\" data-offset-key=\"6nu64-1-0\"><span data-text=\"true\">Recordamos a la ciudadan\u00eda que, en la actualidad, el Punt Verd est\u00e1 abierto de lunes a viernes de 9 a 13h (con las medidas de seguridad y prevenci\u00f3n correspondientes para la Covid-19). A partir del mi\u00e9rcoles 17 de junio, tambi\u00e9n abrir\u00e1 los mi\u00e9rcoles de 17h a 20h.<\/span><\/span><\/div>\n<\/div>\n<div class=\"\" data-block=\"true\" data-editor=\"cd882\" data-offset-key=\"bp9f-0-0\">\n<div class=\"_1mf _1mj\" style=\"text-align: justify;\" data-offset-key=\"bp9f-0-0\"><span style=\"color: #000000;\" data-offset-key=\"bp9f-1-0\"><span data-text=\"true\">Por otro lado, ya se ha restablecido el servicio de recogida de voluminosos a domicilio. Se lleva a cabo el primer lunes de mes (no festivo) y ten\u00e9is que llamar con un m\u00ednimo de 5 d\u00edas de antelaci\u00f3n al Ayuntamiento (977688438) para que pasen por vuestra casa.<\/span><\/span><\/div>\n<\/div>\n<div class=\"_1mf _1mj\" data-offset-key=\"9qrc5-0-0\"><a href=\"http:\/\/bisbalpenedes.com\/web\/wp-content\/uploads\/2020\/06\/200608-NETEJA-MENSUAL-CONTENIDORS.jpg\"><img loading=\"lazy\" class=\"aligncenter size-large wp-image-13763\" src=\"http:\/\/bisbalpenedes.com\/web\/wp-content\/uploads\/2020\/06\/200608-NETEJA-MENSUAL-CONTENIDORS-1024x1024.jpg\" alt=\"200608 NETEJA MENSUAL CONTENIDORS\" width=\"630\" height=\"630\" srcset=\"https:\/\/bisbalpenedes.com\/web\/wp-content\/uploads\/2020\/06\/200608-NETEJA-MENSUAL-CONTENIDORS-1024x1024.jpg 1024w, https:\/\/bisbalpenedes.com\/web\/wp-content\/uploads\/2020\/06\/200608-NETEJA-MENSUAL-CONTENIDORS-300x300.jpg 300w, https:\/\/bisbalpenedes.com\/web\/wp-content\/uploads\/2020\/06\/200608-NETEJA-MENSUAL-CONTENIDORS-100x100.jpg 100w, https:\/\/bisbalpenedes.com\/web\/wp-content\/uploads\/2020\/06\/200608-NETEJA-MENSUAL-CONTENIDORS-600x600.jpg 600w, https:\/\/bisbalpenedes.com\/web\/wp-content\/uploads\/2020\/06\/200608-NETEJA-MENSUAL-CONTENIDORS-150x150.jpg 150w, https:\/\/bisbalpenedes.com\/web\/wp-content\/uploads\/2020\/06\/200608-NETEJA-MENSUAL-CONTENIDORS-768x768.jpg 768w, https:\/\/bisbalpenedes.com\/web\/wp-content\/uploads\/2020\/06\/200608-NETEJA-MENSUAL-CONTENIDORS.jpg 1600w\" sizes=\"(max-width: 630px) 100vw, 630px\" \/><\/a><\/div>\n","protected":false},"excerpt":{"rendered":"<p>Des de l\u2019Ajuntament de la Bisbal del Pened\u00e8s lamentem, una vegada m\u00e9s, l\u2019incivisme d\u2019algunes persones, que embruten i deixen escombraries i runa fora dels contenidors. Aquesta situaci\u00f3 fa necessari que &hellip; <a href=\"https:\/\/bisbalpenedes.com\/web\/2020\/06\/08\/lincivisme-el-paguem-entre-tots-no-aboqueu-deixalles-a-lexterior-dels-contenidors-i-feu-us-del-punt-verd-i-del-servei-de-recollida-de-voluminosos\/\" class=\"more-link\">Read More<\/a><\/p>\n","protected":false},"author":4,"featured_media":13763,"comment_status":"closed","ping_status":"closed","sticky":false,"template":"","format":"standard","meta":[],"categories":[3215,8],"tags":[625,2903,1131,92,207,1183],"_links":{"self":[{"href":"https:\/\/bisbalpenedes.com\/web\/wp-json\/wp\/v2\/posts\/13762"}],"collection":[{"href":"https:\/\/bisbalpenedes.com\/web\/wp-json\/wp\/v2\/posts"}],"about":[{"href":"https:\/\/bisbalpenedes.com\/web\/wp-json\/wp\/v2\/types\/post"}],"author":[{"embeddable":true,"href":"https:\/\/bisbalpenedes.com\/web\/wp-json\/wp\/v2\/users\/4"}],"replies":[{"embeddable":true,"href":"https:\/\/bisbalpenedes.com\/web\/wp-json\/wp\/v2\/comments?post=13762"}],"version-history":[{"count":4,"href":"https:\/\/bisbalpenedes.com\/web\/wp-json\/wp\/v2\/posts\/13762\/revisions"}],"predecessor-version":[{"id":13836,"href":"https:\/\/bisbalpenedes.com\/web\/wp-json\/wp\/v2\/posts\/13762\/revisions\/13836"}],"wp:featuredmedia":[{"embeddable":true,"href":"https:\/\/bisbalpenedes.com\/web\/wp-json\/wp\/v2\/media\/13763"}],"wp:attachment":[{"href":"https:\/\/bisbalpenedes.com\/web\/wp-json\/wp\/v2\/media?parent=13762"}],"wp:term":[{"taxonomy":"category","embeddable":true,"href":"https:\/\/bisbalpenedes.com\/web\/wp-json\/wp\/v2\/categories?post=13762"},{"taxonomy":"post_tag","embeddable":true,"href":"https:\/\/bisbalpenedes.com\/web\/wp-json\/wp\/v2\/tags?post=13762"}],"curies":[{"name":"wp","href":"https:\/\/api.w.org\/{rel}","templated":true}]}}