{"id":13760,"date":"2020-06-08T09:01:43","date_gmt":"2020-06-08T08:01:43","guid":{"rendered":"http:\/\/bisbalpenedes.com\/web\/?p=13760"},"modified":"2020-06-08T09:01:43","modified_gmt":"2020-06-08T08:01:43","slug":"el-padro-dhabitants-de-la-bisbal-del-penedes-a-data-d1-de-gener-de-2020-es-de-3-685-habitants","status":"publish","type":"post","link":"https:\/\/bisbalpenedes.com\/web\/2020\/06\/08\/el-padro-dhabitants-de-la-bisbal-del-penedes-a-data-d1-de-gener-de-2020-es-de-3-685-habitants\/","title":{"rendered":"El padr\u00f3 d\u2019habitants de la Bisbal del Pened\u00e8s a data d\u20191 de gener de 2020 \u00e9s de 3.685 habitants"},"content":{"rendered":"<p style=\"text-align: justify;\"><span style=\"color: #000000;\">L\u2019alcaldessa de la Bisbal del Pened\u00e8s, Agn\u00e8s Ferr\u00e9, va signar un Decret d\u2019alcaldia el passat 4 de juny per aprovar la revisi\u00f3 del padr\u00f3 municipal amb refer\u00e8ncia a l\u20191 de gener de 2020 amb les seg\u00fcents dades:<\/span><\/p>\n<p style=\"text-align: justify;\"><span style=\"color: #000000;\">Poblaci\u00f3: 3.685 habitants, dels quals 1.948 s\u00f3n homes i 1.737 s\u00f3n dones.<\/span><\/p>\n<p style=\"text-align: justify;\"><span style=\"color: #000000;\">Aquestes dades suposen un increment de 112 habitants respecte a l\u20191 de gener de 2019.<\/span><\/p>\n<hr \/>\n<p style=\"text-align: justify;\"><span style=\"color: #000000;\"><strong>CASTELLANO |<\/strong> La alcaldesa de la Bisbal del Pened\u00e8s, Agn\u00e8s Ferr\u00e9, firm\u00f3 un Decreto de alcald\u00eda el pasado 4 de junio para aprobar la revisi\u00f3n del padr\u00f3n municipal de referencia a 1 de enero de 2020 con los siguientes datos.<\/span><\/p>\n<p style=\"text-align: justify;\"><span style=\"color: #000000;\">Poblaci\u00f3n: 3.685 habitantes, de los cuales 1.948 son hombres y 1.737 son mujeres. <\/span><\/p>\n<p style=\"text-align: justify;\"><span style=\"color: #000000;\">Estos datos suponen un incremento de 112 habitantes respecto al 1 de enero de 2019.<\/span><\/p>\n","protected":false},"excerpt":{"rendered":"<p>L\u2019alcaldessa de la Bisbal del Pened\u00e8s, Agn\u00e8s Ferr\u00e9, va signar un Decret d\u2019alcaldia el passat 4 de juny per aprovar la revisi\u00f3 del padr\u00f3 municipal amb refer\u00e8ncia a l\u20191 de &hellip; <a href=\"https:\/\/bisbalpenedes.com\/web\/2020\/06\/08\/el-padro-dhabitants-de-la-bisbal-del-penedes-a-data-d1-de-gener-de-2020-es-de-3-685-habitants\/\" class=\"more-link\">Read More<\/a><\/p>\n","protected":false},"author":4,"featured_media":12681,"comment_status":"closed","ping_status":"closed","sticky":false,"template":"","format":"standard","meta":[],"categories":[2057],"tags":[1252,3881,3831],"_links":{"self":[{"href":"https:\/\/bisbalpenedes.com\/web\/wp-json\/wp\/v2\/posts\/13760"}],"collection":[{"href":"https:\/\/bisbalpenedes.com\/web\/wp-json\/wp\/v2\/posts"}],"about":[{"href":"https:\/\/bisbalpenedes.com\/web\/wp-json\/wp\/v2\/types\/post"}],"author":[{"embeddable":true,"href":"https:\/\/bisbalpenedes.com\/web\/wp-json\/wp\/v2\/users\/4"}],"replies":[{"embeddable":true,"href":"https:\/\/bisbalpenedes.com\/web\/wp-json\/wp\/v2\/comments?post=13760"}],"version-history":[{"count":1,"href":"https:\/\/bisbalpenedes.com\/web\/wp-json\/wp\/v2\/posts\/13760\/revisions"}],"predecessor-version":[{"id":13761,"href":"https:\/\/bisbalpenedes.com\/web\/wp-json\/wp\/v2\/posts\/13760\/revisions\/13761"}],"wp:featuredmedia":[{"embeddable":true,"href":"https:\/\/bisbalpenedes.com\/web\/wp-json\/wp\/v2\/media\/12681"}],"wp:attachment":[{"href":"https:\/\/bisbalpenedes.com\/web\/wp-json\/wp\/v2\/media?parent=13760"}],"wp:term":[{"taxonomy":"category","embeddable":true,"href":"https:\/\/bisbalpenedes.com\/web\/wp-json\/wp\/v2\/categories?post=13760"},{"taxonomy":"post_tag","embeddable":true,"href":"https:\/\/bisbalpenedes.com\/web\/wp-json\/wp\/v2\/tags?post=13760"}],"curies":[{"name":"wp","href":"https:\/\/api.w.org\/{rel}","templated":true}]}}