{"id":13753,"date":"2020-06-08T05:55:01","date_gmt":"2020-06-08T04:55:01","guid":{"rendered":"http:\/\/bisbalpenedes.com\/web\/?p=13753"},"modified":"2020-06-08T07:25:13","modified_gmt":"2020-06-08T06:25:13","slug":"avui-dilluns-8-de-juny-la-bisbal-del-penedes-ha-entrat-a-la-fase-3-de-confinament","status":"publish","type":"post","link":"https:\/\/bisbalpenedes.com\/web\/2020\/06\/08\/avui-dilluns-8-de-juny-la-bisbal-del-penedes-ha-entrat-a-la-fase-3-de-confinament\/","title":{"rendered":"Avui dilluns 8 de juny la Bisbal del Pened\u00e8s ha entrat a la Fase 3 de confinament"},"content":{"rendered":"<div class=\"\" data-block=\"true\" data-editor=\"3crg\" data-offset-key=\"fmhvb-0-0\">\n<div class=\"_1mf _1mj\" style=\"text-align: justify;\" data-offset-key=\"fmhvb-0-0\"><span style=\"color: #000000;\" data-offset-key=\"fmhvb-0-0\">Avui la Bisbal del Pened\u00e8s ha entrat a la Fase 3 de confinament. <\/span><\/div>\n<\/div>\n<div class=\"\" data-block=\"true\" data-editor=\"3crg\" data-offset-key=\"bet6g-0-0\">\n<div class=\"_1mf _1mj\" style=\"text-align: justify;\" data-offset-key=\"bet6g-0-0\"><span style=\"color: #000000;\">Trobareu tota la informaci\u00f3 i les preguntes freq\u00fcents sobre aquesta fase a l&#8217;enlla\u00e7:<\/span> <a href=\"https:\/\/interior.gencat.cat\/ca\/arees_dactuacio\/proteccio_civil\/consells_autoproteccio_emergencia\/malalties-transmissibles-emergents-amb-potencial-alt-risc-\/fase-3\/index.html\" target=\"_blank\">https:\/\/interior.gencat.cat\/ca\/arees_dactuacio\/proteccio_civil\/consells_autoproteccio_emergencia\/malalties-transmissibles-emergents-amb-potencial-alt-risc-\/fase-3\/index.html<\/a><\/div>\n<div class=\"_1mf _1mj\" style=\"text-align: justify;\" data-offset-key=\"bet6g-0-0\"><span style=\"color: #000000;\">Preguntes freq\u00fcents:<\/span>\u00a0<a href=\"http:\/\/bisbalpenedes.com\/web\/wp-content\/uploads\/2020\/06\/PREGUNTES-FREQUENTS-COVID-19-8-DE-JUNY-DE-2020.pdf\">PREGUNTES FREQUENTS -COVID-19- 8 DE JUNY DE 2020<\/a><\/div>\n<div class=\"_1mf _1mj\" data-offset-key=\"bet6g-0-0\">\n<hr \/>\n<\/div>\n<\/div>\n<div class=\"\" data-block=\"true\" data-editor=\"3crg\" data-offset-key=\"2h1ar-0-0\">\n<div class=\"_1mf _1mj\" data-offset-key=\"2h1ar-0-0\"><span style=\"color: #000000;\"><strong>CASTELLANO |<\/strong> Hoy la Bisbal del Pened\u00e8s ha entrado en la Fase 3 de confinamiento.<\/span><\/div>\n<\/div>\n<div class=\"\" data-block=\"true\" data-editor=\"3crg\" data-offset-key=\"87f9v-0-0\">\n<div class=\"_1mf _1mj\" style=\"text-align: justify;\" data-offset-key=\"87f9v-0-0\"><span style=\"color: #000000;\">Encontrar\u00e9is toda la informaci\u00f3n y las preguntas frecuentes sobre esta fase en el enlace:<\/span> <a href=\"https:\/\/interior.gencat.cat\/ca\/arees_dactuacio\/proteccio_civil\/consells_autoproteccio_emergencia\/malalties-transmissibles-emergents-amb-potencial-alt-risc-\/fase-3\/index.html\" target=\"_blank\">https:\/\/interior.gencat.cat\/ca\/arees_dactuacio\/proteccio_civil\/consells_autoproteccio_emergencia\/malalties-transmissibles-emergents-amb-potencial-alt-risc-\/fase-3\/index.html<\/a><\/div>\n<div class=\"_1mf _1mj\" style=\"text-align: justify;\" data-offset-key=\"87f9v-0-0\"><span style=\"color: #000000;\">Preguntes freq\u00fcents:\u00a0<\/span><a href=\"http:\/\/bisbalpenedes.com\/web\/wp-content\/uploads\/2020\/06\/PREGUNTES-FREQUENTS-COVID-19-8-DE-JUNY-DE-2020.pdf\">PREGUNTES FREQUENTS -COVID-19- 8 DE JUNY DE 2020<\/a><\/div>\n<div class=\"_1mf _1mj\" style=\"text-align: justify;\" data-offset-key=\"87f9v-0-0\"><\/div>\n<div class=\"_1mf _1mj\" style=\"text-align: justify;\" data-offset-key=\"87f9v-0-0\"><a href=\"http:\/\/bisbalpenedes.com\/web\/wp-content\/uploads\/2020\/06\/FAQS-FASE-3-1.jpg\"><img loading=\"lazy\" class=\"aligncenter size-large wp-image-13754\" src=\"http:\/\/bisbalpenedes.com\/web\/wp-content\/uploads\/2020\/06\/FAQS-FASE-3-1-724x1024.jpg\" alt=\"FAQS FASE 3-1\" width=\"630\" height=\"891\" srcset=\"https:\/\/bisbalpenedes.com\/web\/wp-content\/uploads\/2020\/06\/FAQS-FASE-3-1-724x1024.jpg 724w, https:\/\/bisbalpenedes.com\/web\/wp-content\/uploads\/2020\/06\/FAQS-FASE-3-1-600x849.jpg 600w, https:\/\/bisbalpenedes.com\/web\/wp-content\/uploads\/2020\/06\/FAQS-FASE-3-1-212x300.jpg 212w, https:\/\/bisbalpenedes.com\/web\/wp-content\/uploads\/2020\/06\/FAQS-FASE-3-1-768x1086.jpg 768w, https:\/\/bisbalpenedes.com\/web\/wp-content\/uploads\/2020\/06\/FAQS-FASE-3-1.jpg 1414w\" sizes=\"(max-width: 630px) 100vw, 630px\" \/><\/a> <a href=\"http:\/\/bisbalpenedes.com\/web\/wp-content\/uploads\/2020\/06\/FAQS-FASE-3-2.jpg\"><img loading=\"lazy\" class=\"aligncenter size-large wp-image-13755\" src=\"http:\/\/bisbalpenedes.com\/web\/wp-content\/uploads\/2020\/06\/FAQS-FASE-3-2-724x1024.jpg\" alt=\"FAQS FASE 3-2\" width=\"630\" height=\"891\" srcset=\"https:\/\/bisbalpenedes.com\/web\/wp-content\/uploads\/2020\/06\/FAQS-FASE-3-2-724x1024.jpg 724w, https:\/\/bisbalpenedes.com\/web\/wp-content\/uploads\/2020\/06\/FAQS-FASE-3-2-600x849.jpg 600w, https:\/\/bisbalpenedes.com\/web\/wp-content\/uploads\/2020\/06\/FAQS-FASE-3-2-212x300.jpg 212w, https:\/\/bisbalpenedes.com\/web\/wp-content\/uploads\/2020\/06\/FAQS-FASE-3-2-768x1086.jpg 768w, https:\/\/bisbalpenedes.com\/web\/wp-content\/uploads\/2020\/06\/FAQS-FASE-3-2.jpg 1414w\" sizes=\"(max-width: 630px) 100vw, 630px\" \/><\/a><\/div>\n<\/div>\n","protected":false},"excerpt":{"rendered":"<p>Avui la Bisbal del Pened\u00e8s ha entrat a la Fase 3 de confinament. Trobareu tota la informaci\u00f3 i les preguntes freq\u00fcents sobre aquesta fase a l&#8217;enlla\u00e7: https:\/\/interior.gencat.cat\/ca\/arees_dactuacio\/proteccio_civil\/consells_autoproteccio_emergencia\/malalties-transmissibles-emergents-amb-potencial-alt-risc-\/fase-3\/index.html Preguntes freq\u00fcents:\u00a0PREGUNTES FREQUENTS &hellip; <a href=\"https:\/\/bisbalpenedes.com\/web\/2020\/06\/08\/avui-dilluns-8-de-juny-la-bisbal-del-penedes-ha-entrat-a-la-fase-3-de-confinament\/\" class=\"more-link\">Read More<\/a><\/p>\n","protected":false},"author":4,"featured_media":13754,"comment_status":"closed","ping_status":"closed","sticky":false,"template":"","format":"standard","meta":[],"categories":[3636,14],"tags":[3586,3559,3880,3879],"_links":{"self":[{"href":"https:\/\/bisbalpenedes.com\/web\/wp-json\/wp\/v2\/posts\/13753"}],"collection":[{"href":"https:\/\/bisbalpenedes.com\/web\/wp-json\/wp\/v2\/posts"}],"about":[{"href":"https:\/\/bisbalpenedes.com\/web\/wp-json\/wp\/v2\/types\/post"}],"author":[{"embeddable":true,"href":"https:\/\/bisbalpenedes.com\/web\/wp-json\/wp\/v2\/users\/4"}],"replies":[{"embeddable":true,"href":"https:\/\/bisbalpenedes.com\/web\/wp-json\/wp\/v2\/comments?post=13753"}],"version-history":[{"count":2,"href":"https:\/\/bisbalpenedes.com\/web\/wp-json\/wp\/v2\/posts\/13753\/revisions"}],"predecessor-version":[{"id":13758,"href":"https:\/\/bisbalpenedes.com\/web\/wp-json\/wp\/v2\/posts\/13753\/revisions\/13758"}],"wp:featuredmedia":[{"embeddable":true,"href":"https:\/\/bisbalpenedes.com\/web\/wp-json\/wp\/v2\/media\/13754"}],"wp:attachment":[{"href":"https:\/\/bisbalpenedes.com\/web\/wp-json\/wp\/v2\/media?parent=13753"}],"wp:term":[{"taxonomy":"category","embeddable":true,"href":"https:\/\/bisbalpenedes.com\/web\/wp-json\/wp\/v2\/categories?post=13753"},{"taxonomy":"post_tag","embeddable":true,"href":"https:\/\/bisbalpenedes.com\/web\/wp-json\/wp\/v2\/tags?post=13753"}],"curies":[{"name":"wp","href":"https:\/\/api.w.org\/{rel}","templated":true}]}}