{"id":13730,"date":"2020-06-05T11:19:23","date_gmt":"2020-06-05T10:19:23","guid":{"rendered":"http:\/\/bisbalpenedes.com\/web\/?p=13730"},"modified":"2020-06-05T11:19:23","modified_gmt":"2020-06-05T10:19:23","slug":"convocatoria-dajuts-per-al-menjador-escolar-i-sollicitud-per-al-transport-escolar-del-consell-comarcal-del-baix-penedes","status":"publish","type":"post","link":"https:\/\/bisbalpenedes.com\/web\/2020\/06\/05\/convocatoria-dajuts-per-al-menjador-escolar-i-sollicitud-per-al-transport-escolar-del-consell-comarcal-del-baix-penedes\/","title":{"rendered":"Convocat\u00f2ria d\u2019ajuts per al menjador escolar i sol\u00b7licitud per al transport escolar del Consell Comarcal del Baix Pened\u00e8s"},"content":{"rendered":"<p style=\"text-align: justify;\"><span style=\"color: #000000;\"><strong>Convocat\u00f2ria d\u2019ajuts per al menjador escolar i sol\u00b7licitud per al transport escolar del Consell Comarcal del Baix Pened\u00e8s<\/strong><\/span><\/p>\n<p style=\"text-align: justify;\"><span style=\"color: #000000;\"><strong>AJUTS INDIVIDUALS PER AL MENJADOR ESCOLAR PER AL CURS 2020-2021<\/strong><\/span><\/p>\n<p style=\"text-align: justify;\"><span style=\"color: #000000;\">La Regidoria d\u2019Ensenyament us informa que, a partir del dia 8 de juny i durant tot el curs escolar 2020-2021 es poden sol\u00b7licitar els ajuts individuals per al menjador escolar del curs 2020-2021. Tenint en compte la situaci\u00f3 d\u2019excepcionalitat que vivim i, amb l\u2019objectiu de salvaguardar la salut de la ciutadania, les sol\u00b7licituds per aquesta convocat\u00f2ria s\u2019hauran de presentar telem\u00e0ticament, a trav\u00e9s de la Seu Electr\u00f2nica del Consell Comarcal del Baix Pened\u00e8s. Segons han informat des del Consell Comarcal del Baix Pened\u00e8s, en funci\u00f3 de com evolucioni la pand\u00e8mia, es podrien habilitar formes presencials de presentaci\u00f3 de sol\u00b7licituds.<\/span><\/p>\n<p style=\"text-align: justify;\"><span style=\"color: #000000;\">Per a\u00a0 m\u00e9s informaci\u00f3 podeu accedir a l\u2019enlla\u00e7: <a style=\"color: #000000;\" href=\"http:\/\/www.ccbp.cat\/index.php\/aim-2020-21\">http:\/\/www.ccbp.cat\/index.php\/aim-2020-21<\/a><\/span><\/p>\n<p style=\"text-align: justify;\"><span style=\"color: #000000;\"><strong>SOL\u00b7LICITUDS DE TRANSPORT ESCOLAR<\/strong><\/span><\/p>\n<p style=\"text-align: justify;\"><span style=\"color: #000000;\">Els alumnes que ja utilitzaven el servei de transport escolar del Consell Comarcal del Baix Pened\u00e8s van rebre una presol\u00b7licitud, a trav\u00e9s de la monitora del transport, qui tamb\u00e9 va recollir-la i la va portar directament al Consell Comarcal. Tamb\u00e9 es podien presentar sol\u00b7licituds directament al registre general del Consell Comarcal.<\/span><\/p>\n<p style=\"text-align: justify;\"><span style=\"color: #000000;\">Aquells alumnes que vulguin sol\u00b7licitar de nou el servei o que no van poder fer el tr\u00e0mit de les sol\u00b7licituds per causa de l\u2019estat d\u2019alarma i no han sol\u00b7licitat el servei per email o electr\u00f2nicament, poden fer-ho de les formes que s\u2019indiquen a l\u2019enlla\u00e7: <a style=\"color: #000000;\" href=\"http:\/\/www.ccbp.cat\/index.php\/transport-escolar-2020-21\">http:\/\/www.ccbp.cat\/index.php\/transport-escolar-2020-21<\/a><\/span><\/p>\n<hr \/>\n<p style=\"text-align: justify;\"><span style=\"color: #000000;\"><strong>CASTELLANO |\u00a0<\/strong>Convocatoria de ayudas para el comedor escolar y solicitud para el transporte escolar del Consell Comarcal del Baix Pened\u00e8s<\/span><\/p>\n<p style=\"text-align: justify;\"><span style=\"color: #000000;\"><strong>AYUDAS INDIVIDUALES PARA EL COMEDOR ESCOLAR PARA EL CURSO 2020-2021<\/strong><\/span><\/p>\n<p style=\"text-align: justify;\"><span style=\"color: #000000;\">La Concejal\u00eda de Educaci\u00f3n os informa de que, a partir del d\u00eda 8 de junio y durante todo el curso escolar 2020-2021 se podr\u00e1n solicitar las ayudas individuales para el comedor escolar del curso 2020-2021. Teniendo en cuenta la situaci\u00f3n de excepcionalidad que vivimos y, con el objetivo de salvaguardar la salud de la ciudadan\u00eda, las solicitudes para esta convocatoria se tendr\u00e1n que presentar telem\u00e1ticamente a trav\u00e9s de la Sede Electr\u00f3nica del Consell Comarcal del Baix Pened\u00e8s. Seg\u00fan han informado desde el Consell Comarcal del Baix Pened\u00e8s, en funci\u00f3n de c\u00f3mo evolucione la pandemia, se podr\u00edan habilitar formas presenciales de presentaci\u00f3n de solicitudes.<\/span><\/p>\n<p style=\"text-align: justify;\"><span style=\"color: #000000;\">Para m\u00e1s informaci\u00f3n pod\u00e9is acceder al enlace: <a style=\"color: #000000;\" href=\"http:\/\/www.ccbp.cat\/index.php\/aim-2020-21\">http:\/\/www.ccbp.cat\/index.php\/aim-2020-21<\/a><\/span><\/p>\n<p style=\"text-align: justify;\"><span style=\"color: #000000;\"><strong>SOLICITUDES DE TRANSPORTE ESCOLAR<\/strong><\/span><\/p>\n<p style=\"text-align: justify;\"><span style=\"color: #000000;\">Los alumnos que ya utilizaban el servicio de transporte escolar del Consell Comarcal del Baix Pened\u00e8s recibieron una pre solicitud, a trav\u00e9s de la monitora del transporte, qui\u00e9n tambi\u00e9n la recogi\u00f3 y la llev\u00f3 directamente al Consell Comarcal. Tambi\u00e9n se pod\u00edan presentar solicitudes directamente en el registro general del Consell Comarcal.<\/span><\/p>\n<p style=\"text-align: justify;\"><span style=\"color: #000000;\">Aquellos alumnos que quieran solicitar de nuevo el servicio o que no pudieron hacer el tr\u00e1mite de las solicitudes por causa del estado de alarma y no han solicitado el servicio por email o electr\u00f3nicamente, pueden hacerlo de las formas que se indican en el enlace:\u00a0 <a style=\"color: #000000;\" href=\"http:\/\/www.ccbp.cat\/index.php\/transport-escolar-2020-21\">http:\/\/www.ccbp.cat\/index.php\/transport-escolar-2020-21<\/a><\/span><\/p>\n<p>&nbsp;<\/p>\n<p>&nbsp;<\/p>\n","protected":false},"excerpt":{"rendered":"<p>Convocat\u00f2ria d\u2019ajuts per al menjador escolar i sol\u00b7licitud per al transport escolar del Consell Comarcal del Baix Pened\u00e8s AJUTS INDIVIDUALS PER AL MENJADOR ESCOLAR PER AL CURS 2020-2021 La Regidoria &hellip; <a href=\"https:\/\/bisbalpenedes.com\/web\/2020\/06\/05\/convocatoria-dajuts-per-al-menjador-escolar-i-sollicitud-per-al-transport-escolar-del-consell-comarcal-del-baix-penedes\/\" class=\"more-link\">Read More<\/a><\/p>\n","protected":false},"author":4,"featured_media":6391,"comment_status":"closed","ping_status":"closed","sticky":false,"template":"","format":"standard","meta":[],"categories":[3456],"tags":[259,1064,1056,113,356],"_links":{"self":[{"href":"https:\/\/bisbalpenedes.com\/web\/wp-json\/wp\/v2\/posts\/13730"}],"collection":[{"href":"https:\/\/bisbalpenedes.com\/web\/wp-json\/wp\/v2\/posts"}],"about":[{"href":"https:\/\/bisbalpenedes.com\/web\/wp-json\/wp\/v2\/types\/post"}],"author":[{"embeddable":true,"href":"https:\/\/bisbalpenedes.com\/web\/wp-json\/wp\/v2\/users\/4"}],"replies":[{"embeddable":true,"href":"https:\/\/bisbalpenedes.com\/web\/wp-json\/wp\/v2\/comments?post=13730"}],"version-history":[{"count":1,"href":"https:\/\/bisbalpenedes.com\/web\/wp-json\/wp\/v2\/posts\/13730\/revisions"}],"predecessor-version":[{"id":13731,"href":"https:\/\/bisbalpenedes.com\/web\/wp-json\/wp\/v2\/posts\/13730\/revisions\/13731"}],"wp:featuredmedia":[{"embeddable":true,"href":"https:\/\/bisbalpenedes.com\/web\/wp-json\/wp\/v2\/media\/6391"}],"wp:attachment":[{"href":"https:\/\/bisbalpenedes.com\/web\/wp-json\/wp\/v2\/media?parent=13730"}],"wp:term":[{"taxonomy":"category","embeddable":true,"href":"https:\/\/bisbalpenedes.com\/web\/wp-json\/wp\/v2\/categories?post=13730"},{"taxonomy":"post_tag","embeddable":true,"href":"https:\/\/bisbalpenedes.com\/web\/wp-json\/wp\/v2\/tags?post=13730"}],"curies":[{"name":"wp","href":"https:\/\/api.w.org\/{rel}","templated":true}]}}