{"id":13724,"date":"2020-06-05T08:48:24","date_gmt":"2020-06-05T07:48:24","guid":{"rendered":"http:\/\/bisbalpenedes.com\/web\/?p=13724"},"modified":"2020-06-05T15:09:48","modified_gmt":"2020-06-05T14:09:48","slug":"del-8-al-22-de-juny-es-podran-fer-les-preinscripcions-per-al-casal-destiu-2020","status":"publish","type":"post","link":"https:\/\/bisbalpenedes.com\/web\/2020\/06\/05\/del-8-al-22-de-juny-es-podran-fer-les-preinscripcions-per-al-casal-destiu-2020\/","title":{"rendered":"Del 8 al 22 de juny es podran fer les preinscripcions per al Casal d\u2019Estiu 2020"},"content":{"rendered":"<p style=\"text-align: justify;\"><span style=\"color: #000000;\">La Regidoria de Lleure us informa que del 8 al 22 de juny podeu fer les preinscripcions per al Casal d\u2019estiu 2020. El casal d\u2019estiu de la Bisbal del Pened\u00e8s s\u2019adre\u00e7a a infants de P2 fins a 6\u00e8 de prim\u00e0ria, es dur\u00e0 a terme del 29 de juny al 10 de setembre i el servei va a c\u00e0rrec de La Ballaruga (<a style=\"color: #000000;\" href=\"http:\/\/www.laballaruga.org\" target=\"_blank\">www.laballaruga.org<\/a>). <\/span><br \/>\n<span style=\"color: #000000;\">Donada la situaci\u00f3 generada per la Covid-19, el casal s\u2019ha adaptat a les mesures sanit\u00e0ries per la Covid-19 i no hi haur\u00e0 sortides a la piscina, ni excursions fora del municipi. Els nens i nenes es dividiran per grups de 10 i sempre estaran amb el mateix responsable. Aix\u00ed mateix, se\u2019ls prendr\u00e0 la temperatura quan arribin i si presenten qualsevol s\u00edmptoma, no podran quedar-se al casal. <\/span><br \/>\n<span style=\"color: #000000;\">L\u2019horari del Casal d\u2019Estiu ser\u00e0 de 8h a 13:30h, amb l\u2019entrada i la sortida esglaonada de 8 a 9h i de 13h a 13:30h. Es dur\u00e0 a terme, com \u00e9s habitual, a les instal\u00b7lacions de l\u2019Escola Ull de Vent (edifici nou), a l\u2019avda. Baix Pened\u00e8s.<\/span><\/p>\n<p style=\"text-align: justify;\"><span style=\"color: #000000;\">El preu del Casal d&#8217;estiu ser\u00e0 de 35\u20ac la setmana i 60\u20ac dues setmanes consecutives. La regidora de Lleure, Judith Vidal, ha explicat que &#8220;tot i els esfor\u00e7os que ha suposat l&#8217;edici\u00f3 d&#8217;enguany, tenint en compte el fet que haguem hagut d&#8217;adaptar el casal a la situaci\u00f3 generada per la Covid-19, hem volgut mantenir el preu de l&#8217;any passat, perqu\u00e8 les fam\u00edlies puguin seguir gaudint del casal sense que suposi m\u00e9s esfor\u00e7 econ\u00f2mic que altres anys&#8221;.<br \/>\n<\/span><br \/>\n<span style=\"color: #000000;\">Les preinscripcions es faran en l\u00ednia mitjan\u00e7ant el correu electr\u00f2nic. Haureu d\u2019escriure un correu electr\u00f2nic a <a style=\"color: #000000;\" href=\"mailto:sandra@bisbalpenedes.com\" target=\"_blank\">sandra@bisbalpenedes.com<\/a> detallant els noms, el tel\u00e8fon i les dades dels nens (curs, edat, informaci\u00f3 espec\u00edfica sobre l\u2019infant, etc.). Les places s\u00f3n limitades i s\u2019adjudicaran per ordre d\u2019arribada de les preinscripcions.<\/span><br \/>\n<span style=\"color: #000000;\">El 16 de juny, a les 19:30h, tindr\u00e0 lloc una reuni\u00f3 telem\u00e0tica. Quan feu la preinscripci\u00f3 rebreu tota la informaci\u00f3 sobre com accedir a la reuni\u00f3. <\/span><br \/>\n<span style=\"color: #000000;\">Per a m\u00e9s informaci\u00f3 podeu entrar al web de La Ballaruga (<a style=\"color: #000000;\" href=\"http:\/\/www.laballaruga.org\" target=\"_blank\">www.laballaruga.org<\/a>) o us podeu adre\u00e7ar al correu electr\u00f2nic <a style=\"color: #000000;\" href=\"mailto:sandra@bisbalpenedes.com\" target=\"_blank\">sandra@bisbalpenedes.com<\/a>. <\/span><\/p>\n<hr \/>\n<p style=\"text-align: justify;\"><span style=\"color: #000000;\"><strong>CASTELLANO |<\/strong> La Concejal\u00eda de Ocio os informa que del 8 al 22 de junio pod\u00e9is realizar las preinscripciones para el Casal d\u2019estiu 2020. El casal d\u2019estiu de la Bisbal del Pened\u00e8s se dirige a ni\u00f1os y ni\u00f1as de P2 hasta 6\u00ba de primaria, se llevar\u00e1 a cabo del 29 de junio al 10 de septiembre y el servicio va a cargo de La Ballaruga (<a style=\"color: #000000;\" href=\"http:\/\/www.laballaruga.org\" target=\"_blank\">www.laballaruga.org<\/a>).<\/span><br \/>\n<span style=\"color: #000000;\">Dada la situaci\u00f3n generada por la Covid-19, el casal se ha adaptado a las medidas sanitarias para la Covid-19 y no habr\u00e1 salidas a la piscina, ni excursiones fuera del municipio. Los ni\u00f1os y ni\u00f1as se dividir\u00e1n en grupos de 10 y siempre estar\u00e1n con el mismo responsable. As\u00ed mismo, se les tomar\u00e1 la temperatura cuando lleguen y si presentan cualquier s\u00edntoma, no podr\u00e1n quedarse en el casal.<\/span><br \/>\n<span style=\"color: #000000;\">El horario del Casal d\u2019Estiu ser\u00e1 de 8h a 13:30h, con salida y entrada escalonada de 8 a 9h y de 13h a 13:30h. Se realizar\u00e1, como es habitual, en las instalaciones de la Escola Ull de Vent (edificio nuevo), en la avda. Baix Pened\u00e8s.<\/span><\/p>\n<p style=\"text-align: justify;\"><span style=\"color: #000000;\">El precio del Casal d&#8217;estiu ser\u00e0 de 35\u20ac la semana y 60\u20ac dos semanas consecutivas. La concejala de Ocio, Judith Vidal, ha explicado que &#8220;aunque la edici\u00f3n de este a\u00f1o ha supuesto m\u00e1s esfuerzos, teniendo en cuenta el hecho de que lo hemos tenido que adaptar a la situaci\u00f3n generada por la Covid-19, hemos querido mantener el precio del a\u00f1o pasado, para que las familias puedan seguir disfrutando del casal sin que suponga m\u00e1s esfuerzo econ\u00f3mico que otros a\u00f1os&#8221;.<br \/>\n<\/span><br \/>\n<span style=\"color: #000000;\">Las preinscripciones se har\u00e1n en l\u00ednea mediante el correo electr\u00f3nico. Tendr\u00e9is que escribir un correo electr\u00f3nico a <a style=\"color: #000000;\" href=\"mailto:sandra@bisbalpenedes.com\" target=\"_blank\">sandra@bisbalpenedes.com<\/a> detallando los nombres, el tel\u00e9fono y los datos de los ni\u00f1os (curso, edad, informaci\u00f3n especifica sobre el ni\u00f1o\/a, etc.). Las plazas son limitadas y se adjudicar\u00e1n por orden de llegada de las preinscripciones.<\/span><br \/>\n<span style=\"color: #000000;\">El 16 de junio, a las 19:30h, tendr\u00e1 lugar una reuni\u00f3n telem\u00e1tica. Cuando hag\u00e1is la preinscripci\u00f3n recibir\u00e9is toda la informaci\u00f3n sobre c\u00f3mo acceder a la reuni\u00f3n.<\/span><br \/>\n<span style=\"color: #000000;\">Para m\u00e1s informaci\u00f3n pod\u00e9is entrar en la web de La Ballaruga (<a style=\"color: #000000;\" href=\"http:\/\/www.laballaruga.org\" target=\"_blank\">www.laballaruga.org<\/a>) u os pod\u00e9is dirigir al correo electr\u00f3nico <a style=\"color: #000000;\" href=\"mailto:sandra@bisbalpenedes.com\" target=\"_blank\">sandra@bisbalpenedes.com<\/a>.<\/span><\/p>\n<p style=\"text-align: justify;\"><a href=\"http:\/\/bisbalpenedes.com\/web\/wp-content\/uploads\/2020\/06\/B178E9E3-64EB-4765-86D6-9D573E0328E4.jpeg\"><img loading=\"lazy\" class=\"aligncenter size-large wp-image-13735\" src=\"http:\/\/bisbalpenedes.com\/web\/wp-content\/uploads\/2020\/06\/B178E9E3-64EB-4765-86D6-9D573E0328E4-724x1024.jpeg\" alt=\"B178E9E3-64EB-4765-86D6-9D573E0328E4\" width=\"630\" height=\"891\" srcset=\"https:\/\/bisbalpenedes.com\/web\/wp-content\/uploads\/2020\/06\/B178E9E3-64EB-4765-86D6-9D573E0328E4-724x1024.jpeg 724w, https:\/\/bisbalpenedes.com\/web\/wp-content\/uploads\/2020\/06\/B178E9E3-64EB-4765-86D6-9D573E0328E4-600x849.jpeg 600w, https:\/\/bisbalpenedes.com\/web\/wp-content\/uploads\/2020\/06\/B178E9E3-64EB-4765-86D6-9D573E0328E4-212x300.jpeg 212w, https:\/\/bisbalpenedes.com\/web\/wp-content\/uploads\/2020\/06\/B178E9E3-64EB-4765-86D6-9D573E0328E4-768x1087.jpeg 768w, https:\/\/bisbalpenedes.com\/web\/wp-content\/uploads\/2020\/06\/B178E9E3-64EB-4765-86D6-9D573E0328E4.jpeg 1169w\" sizes=\"(max-width: 630px) 100vw, 630px\" \/><\/a><\/p>\n<p style=\"text-align: justify;\">\n","protected":false},"excerpt":{"rendered":"<p>La Regidoria de Lleure us informa que del 8 al 22 de juny podeu fer les preinscripcions per al Casal d\u2019estiu 2020. El casal d\u2019estiu de la Bisbal del Pened\u00e8s &hellip; <a href=\"https:\/\/bisbalpenedes.com\/web\/2020\/06\/05\/del-8-al-22-de-juny-es-podran-fer-les-preinscripcions-per-al-casal-destiu-2020\/\" class=\"more-link\">Read More<\/a><\/p>\n","protected":false},"author":4,"featured_media":13735,"comment_status":"closed","ping_status":"closed","sticky":false,"template":"","format":"standard","meta":[],"categories":[398,8],"tags":[244,3878,245],"_links":{"self":[{"href":"https:\/\/bisbalpenedes.com\/web\/wp-json\/wp\/v2\/posts\/13724"}],"collection":[{"href":"https:\/\/bisbalpenedes.com\/web\/wp-json\/wp\/v2\/posts"}],"about":[{"href":"https:\/\/bisbalpenedes.com\/web\/wp-json\/wp\/v2\/types\/post"}],"author":[{"embeddable":true,"href":"https:\/\/bisbalpenedes.com\/web\/wp-json\/wp\/v2\/users\/4"}],"replies":[{"embeddable":true,"href":"https:\/\/bisbalpenedes.com\/web\/wp-json\/wp\/v2\/comments?post=13724"}],"version-history":[{"count":5,"href":"https:\/\/bisbalpenedes.com\/web\/wp-json\/wp\/v2\/posts\/13724\/revisions"}],"predecessor-version":[{"id":13736,"href":"https:\/\/bisbalpenedes.com\/web\/wp-json\/wp\/v2\/posts\/13724\/revisions\/13736"}],"wp:featuredmedia":[{"embeddable":true,"href":"https:\/\/bisbalpenedes.com\/web\/wp-json\/wp\/v2\/media\/13735"}],"wp:attachment":[{"href":"https:\/\/bisbalpenedes.com\/web\/wp-json\/wp\/v2\/media?parent=13724"}],"wp:term":[{"taxonomy":"category","embeddable":true,"href":"https:\/\/bisbalpenedes.com\/web\/wp-json\/wp\/v2\/categories?post=13724"},{"taxonomy":"post_tag","embeddable":true,"href":"https:\/\/bisbalpenedes.com\/web\/wp-json\/wp\/v2\/tags?post=13724"}],"curies":[{"name":"wp","href":"https:\/\/api.w.org\/{rel}","templated":true}]}}