{"id":13716,"date":"2020-06-04T11:27:21","date_gmt":"2020-06-04T10:27:21","guid":{"rendered":"http:\/\/bisbalpenedes.com\/web\/?p=13716"},"modified":"2020-06-04T11:33:13","modified_gmt":"2020-06-04T10:33:13","slug":"el-festival-eva-es-reformula-i-comenca-amb-un-debat-a-zoom-i-els-tastetseva-a-les-xarxes-i-a-la-televisio","status":"publish","type":"post","link":"https:\/\/bisbalpenedes.com\/web\/2020\/06\/04\/el-festival-eva-es-reformula-i-comenca-amb-un-debat-a-zoom-i-els-tastetseva-a-les-xarxes-i-a-la-televisio\/","title":{"rendered":"El Festival EVA es reformula i comen\u00e7a amb un debat a Zoom i amb els #TastetsEVA a les xarxes i a la televisi\u00f3"},"content":{"rendered":"<p style=\"text-align: center;\"><iframe loading=\"lazy\" src=\"https:\/\/www.youtube.com\/embed\/pRpU_c-oXDI\" width=\"560\" height=\"315\" frameborder=\"0\" allowfullscreen=\"allowfullscreen\"><\/iframe><\/p>\n<p style=\"text-align: justify;\"><span style=\"color: #000000;\">El Festival En Veu Alta [EVA] tira endavant a trav\u00e9s d\u2019internet i est\u00e0 treballant en la reprogramaci\u00f3 dels espectacles presencials que estaven previstos a partir d\u2019aquest divendres 5 de juny.<\/span><\/p>\n<p style=\"text-align: justify;\"><span style=\"color: #000000;\">La Bisbal del Pened\u00e8s ja ha participat en dues edicions del festival i est\u00e0 previst que les actuacions a la nostra vila tinguin lloc al setembre. La regidora de Cultura, Judith Vidal, ha explicat que \u201csi tot va b\u00e9, la Bisbal del Pened\u00e8s acollir\u00e0 dos espectacles presencials, del festival, al setembre\u201d. S\u00f3n els seg\u00fcents:<\/span><\/p>\n<p style=\"padding-left: 30px; text-align: justify;\"><span style=\"color: #000000;\"><strong>Divendres 4 de setembre, a les 21h, a les casetes del Torrent:<\/strong> \u201cNua\u201d de Sherezade Bardag\u00ed, cinc hist\u00f2ries construeixen aquest espectacle de naturalesa descarada, po\u00e8tica, molt humana, una mica divertida i un xic trista.<\/span><\/p>\n<p style=\"padding-left: 30px; text-align: justify;\"><span style=\"color: #000000;\"><strong>Diumenge 6 de setembre, a les 13h, a l\u2019Auditori Salb\u00e0 del CMC:<\/strong> \u201cCurts crus\u201d, un seguit de contes, acudits, aforismes, sent\u00e8ncies i poemes extraordin\u00e0riament breus i sint\u00e8tics d\u2019autors com Jordi Mas\u00f3, Jes\u00fas M. Tibau, David Vila, Elisenda Solsona, Pere Calders, Jaume Cabr\u00e9, Perejaume o Joan Brossa, entre d\u2019altres.<\/span><\/p>\n<p style=\"text-align: justify;\"><span style=\"color: #000000;\">De moment, podeu gaudir dels #TastetsEVA a la xarxa. Des del festival han explicat que \u00e9s \u201cuna aposta per mantenir viu el sector cultural remunerant als artistes programats al festival v\u00eddeos fets des del confinament, en els quals mostren un petit fragment dels seus espectacles. Seran c\u00e0psules d\u2019entre un i quatre minuts que es penjaran a les xarxes socials del festival a partir del 5 de juny, quan estava previst que comenc\u00e9s l\u2019edici\u00f3 penedesenca 2020. Aquests tastets s\u2019emetran tamb\u00e9 a trav\u00e9s de Pened\u00e8s Televisi\u00f3 i Televisi\u00f3 El Vendrell gr\u00e0cies a la col\u00b7laboraci\u00f3 amb els mitjans p\u00fablics locals\u201d. Tamb\u00e9 els podreu recuperar a Youtube: <a style=\"color: #000000;\" href=\"https:\/\/www.youtube.com\/channel\/UCuYOAEdpVrYNU_eO0OZk34g\/videos\">https:\/\/www.youtube.com\/channel\/UCuYOAEdpVrYNU_eO0OZk34g\/videos<\/a><\/span><\/p>\n<p style=\"text-align: justify;\"><span style=\"color: #000000;\">A m\u00e9s, avui dijous 4 de juny, a les 19h, podreu gaudir del debat \u201cLes hist\u00f2ries, explicades\u201d a trav\u00e9s de la plataforma Zoom, amb Martha Escudero, Assumpta Mercader, Yosh Hira Yoki i Jordina Biosca. Per accedir a la trobada cal que accediu a l\u2019aplicatiu <a style=\"color: #000000;\" href=\"http:\/\/www.zoom.us\">www.zoom.us<\/a> i que hi introdu\u00efu les seg\u00fcents dades:<\/span><\/p>\n<p style=\"padding-left: 30px; text-align: justify;\"><span style=\"color: #000000;\">Meeting ID: 94166040093<\/span><\/p>\n<p style=\"padding-left: 30px; text-align: justify;\"><span style=\"color: #000000;\">Password: 503339<\/span><\/p>\n<p style=\"text-align: justify;\"><span style=\"color: #000000;\">Trobareu m\u00e9s informaci\u00f3 sobre els artistes que hi participen, aqu\u00ed: <a style=\"color: #000000;\" href=\"https:\/\/enveualta.com\/wp-content\/uploads\/2020\/05\/NP-Festival-EVA2020-Pened%C3%A8s_15abril.pdf\">https:\/\/enveualta.com\/wp-content\/uploads\/2020\/05\/NP-Festival-EVA2020-Pened%C3%A8s_15abril.pdf<\/a><\/span><\/p>\n<p style=\"text-align: justify;\"><span style=\"color: #000000;\"><a style=\"color: #000000;\" href=\"http:\/\/bisbalpenedes.com\/web\/wp-content\/uploads\/2020\/06\/flyer-EVA20-xerrada-01.jpg\"><img loading=\"lazy\" class=\"aligncenter size-large wp-image-13717\" src=\"http:\/\/bisbalpenedes.com\/web\/wp-content\/uploads\/2020\/06\/flyer-EVA20-xerrada-01-1024x768.jpg\" alt=\"flyer-EVA20-xerrada-01\" width=\"630\" height=\"473\" srcset=\"https:\/\/bisbalpenedes.com\/web\/wp-content\/uploads\/2020\/06\/flyer-EVA20-xerrada-01-1024x768.jpg 1024w, https:\/\/bisbalpenedes.com\/web\/wp-content\/uploads\/2020\/06\/flyer-EVA20-xerrada-01-600x450.jpg 600w, https:\/\/bisbalpenedes.com\/web\/wp-content\/uploads\/2020\/06\/flyer-EVA20-xerrada-01-300x225.jpg 300w, https:\/\/bisbalpenedes.com\/web\/wp-content\/uploads\/2020\/06\/flyer-EVA20-xerrada-01-768x576.jpg 768w\" sizes=\"(max-width: 630px) 100vw, 630px\" \/><\/a><\/span><\/p>\n<hr \/>\n<p style=\"text-align: justify;\"><span style=\"color: #000000;\"><strong>CASTELLANO |\u00a0<\/strong>El Festival En Veu Alta [EVA] sigue adelante a trav\u00e9s de internet y est\u00e1 trabajando en la reprogramaci\u00f3n de los espect\u00e1culos presenciales que estaban previstos a partir de este viernes 5 de junio.<\/span><\/p>\n<p style=\"text-align: justify;\"><span style=\"color: #000000;\">La Bisbal del Pened\u00e8s ya ha participado en dos ediciones en el festival y est\u00e1 previsto que las actuaciones programadas en nuestro municipio se lleven a cabo en septiembre. La regidora de Cultura, Judith Vidal, ha explicado que \u201csi todo va bien, la Bisbal del Pened\u00e8s acoger\u00e1\u00a0 dos espect\u00e1culos presenciales, del festival, en septiembre\u201d. Son los siguientes:<\/span><\/p>\n<p style=\"padding-left: 30px; text-align: justify;\"><span style=\"color: #000000;\"><strong>Viernes 4 de septiembre, a las 21h, en les casetes del Torrent:<\/strong> \u201cNua\u201d de Sherezade Bardag\u00ed, cinco historias construyen este espect\u00e1culo de naturaleza descarada, po\u00e9tica, muy humana, un poco divertida y un poco triste.<\/span><\/p>\n<p style=\"padding-left: 30px; text-align: justify;\"><span style=\"color: #000000;\"><strong>Domingo 6 de septiembre, a las 13h,<\/strong> <strong>en el Auditorio Salb\u00e0 del CMC:<\/strong> \u201cCurts crus\u201d, una serie de cuentos, chistes, aforismos, sentencias y poemas extraordinariamente breves y sint\u00e9ticos de autores como Jordi Mas\u00f3, Jes\u00fas M. Tibau, David Vila, Elisenda Solsona, Pere Calders, Jaume Cabr\u00e9, Perejaume o Joan Brossa, entre otros.<\/span><\/p>\n<p style=\"text-align: justify;\"><span style=\"color: #000000;\">De momento, podr\u00e9is disfrutar de los #TastetsEVA en la red. Desde el festival han explicado que es \u201cuna apuesta por mantener vivo el sector cultural remunerando a los artistas programados en el festival v\u00eddeos hechos desde el confinamiento, en los cuales muestran un peque\u00f1o fragmento de sus espect\u00e1culos. Ser\u00e1n c\u00e1psulas de entre uno y cuatro minutos que se colgar\u00e1n en las redes sociales del festival a partir del 5 de junio, cuando estaba previsto que empezase la edici\u00f3n penedesenca 2020. Estos \u2018tastets\u2019 se emitir\u00e1n tambi\u00e9n a trav\u00e9s de Pened\u00e8s Televisi\u00f3 y Televisi\u00f3 El Vendrell gracias a la colaboraci\u00f3n con los medios p\u00fablicos locales\u201d. Tambi\u00e9n los pod\u00e9is recuperar en Youtube:<\/span><\/p>\n<p style=\"text-align: justify;\"><span style=\"color: #000000;\"><a style=\"color: #000000;\" href=\"https:\/\/www.youtube.com\/channel\/UCuYOAEdpVrYNU_eO0OZk34g\/videos\">https:\/\/www.youtube.com\/channel\/UCuYOAEdpVrYNU_eO0OZk34g\/videos<\/a><\/span><\/p>\n<p style=\"text-align: justify;\"><span style=\"color: #000000;\">Adem\u00e1s, hoy jueves 4 de junio, a las 19h, podr\u00e9is disfrutar del debate \u201cLas historias, explicadas\u201d a trav\u00e9s de la plataforma Zoom, con Martha Escudero, Assumpta Mercader, Yosh Hira Yoki y Jordina Biosca. Para acceder al encuentro ten\u00e9is que entrar en la aplicaci\u00f3n <a style=\"color: #000000;\" href=\"http:\/\/www.zoom.us\">www.zoom.us<\/a> e introducir los siguientes datos:<\/span><\/p>\n<p style=\"padding-left: 30px; text-align: justify;\"><span style=\"color: #000000;\">Meeting ID: 94166040093<\/span><\/p>\n<p style=\"padding-left: 30px; text-align: justify;\"><span style=\"color: #000000;\">Password: 503339<\/span><\/p>\n<p style=\"text-align: justify;\"><span style=\"color: #000000;\">Encontrar\u00e9is m\u00e1s informaci\u00f3n sobre los artistas que participan en el Festival EVA, aqu\u00ed:<\/span><\/p>\n<p style=\"text-align: justify;\"><span style=\"color: #000000;\"><a style=\"color: #000000;\" href=\"https:\/\/enveualta.com\/wp-content\/uploads\/2020\/05\/NP-Festival-EVA2020-Pened%C3%A8s_15abril.pdf\">https:\/\/enveualta.com\/wp-content\/uploads\/2020\/05\/NP-Festival-EVA2020-Pened%C3%A8s_15abril.pdf<\/a><\/span><\/p>\n<p>&nbsp;<\/p>\n<p>&nbsp;<\/p>\n<p>&nbsp;<\/p>\n","protected":false},"excerpt":{"rendered":"<p>El Festival En Veu Alta [EVA] tira endavant a trav\u00e9s d\u2019internet i est\u00e0 treballant en la reprogramaci\u00f3 dels espectacles presencials que estaven previstos a partir d\u2019aquest divendres 5 de juny. &hellip; <a href=\"https:\/\/bisbalpenedes.com\/web\/2020\/06\/04\/el-festival-eva-es-reformula-i-comenca-amb-un-debat-a-zoom-i-els-tastetseva-a-les-xarxes-i-a-la-televisio\/\" class=\"more-link\">Read More<\/a><\/p>\n","protected":false},"author":4,"featured_media":13717,"comment_status":"closed","ping_status":"closed","sticky":false,"template":"","format":"standard","meta":[],"categories":[13],"tags":[459,225,3654,1808,3877,1807,3005,1098,393,828,3876,3875],"_links":{"self":[{"href":"https:\/\/bisbalpenedes.com\/web\/wp-json\/wp\/v2\/posts\/13716"}],"collection":[{"href":"https:\/\/bisbalpenedes.com\/web\/wp-json\/wp\/v2\/posts"}],"about":[{"href":"https:\/\/bisbalpenedes.com\/web\/wp-json\/wp\/v2\/types\/post"}],"author":[{"embeddable":true,"href":"https:\/\/bisbalpenedes.com\/web\/wp-json\/wp\/v2\/users\/4"}],"replies":[{"embeddable":true,"href":"https:\/\/bisbalpenedes.com\/web\/wp-json\/wp\/v2\/comments?post=13716"}],"version-history":[{"count":6,"href":"https:\/\/bisbalpenedes.com\/web\/wp-json\/wp\/v2\/posts\/13716\/revisions"}],"predecessor-version":[{"id":13723,"href":"https:\/\/bisbalpenedes.com\/web\/wp-json\/wp\/v2\/posts\/13716\/revisions\/13723"}],"wp:featuredmedia":[{"embeddable":true,"href":"https:\/\/bisbalpenedes.com\/web\/wp-json\/wp\/v2\/media\/13717"}],"wp:attachment":[{"href":"https:\/\/bisbalpenedes.com\/web\/wp-json\/wp\/v2\/media?parent=13716"}],"wp:term":[{"taxonomy":"category","embeddable":true,"href":"https:\/\/bisbalpenedes.com\/web\/wp-json\/wp\/v2\/categories?post=13716"},{"taxonomy":"post_tag","embeddable":true,"href":"https:\/\/bisbalpenedes.com\/web\/wp-json\/wp\/v2\/tags?post=13716"}],"curies":[{"name":"wp","href":"https:\/\/api.w.org\/{rel}","templated":true}]}}