{"id":13711,"date":"2020-06-04T10:23:53","date_gmt":"2020-06-04T09:23:53","guid":{"rendered":"http:\/\/bisbalpenedes.com\/web\/?p=13711"},"modified":"2020-06-04T10:23:53","modified_gmt":"2020-06-04T09:23:53","slug":"base-reobre-les-seves-oficines-amb-cita-previa-i-amplia-els-serveis-a-la-ciutadania-per-vies-telematiques","status":"publish","type":"post","link":"https:\/\/bisbalpenedes.com\/web\/2020\/06\/04\/base-reobre-les-seves-oficines-amb-cita-previa-i-amplia-els-serveis-a-la-ciutadania-per-vies-telematiques\/","title":{"rendered":"BASE reobre les seves oficines amb cita pr\u00e8via i amplia els serveis a la ciutadania per vies telem\u00e0tiques"},"content":{"rendered":"<p style=\"text-align: justify;\"><span style=\"color: #000000;\">Les oficines de BASE-Gesti\u00f3 d\u2019Ingressos del Vendrell reobriran el dilluns 8 de juny i el punt d\u2019atenci\u00f3 de la Bisbal del Pened\u00e8s ho far\u00e0 el dilluns 15 de juny. Si heu de realitzar algun tr\u00e0mit a l\u2019oficina, \u00e9s imprescindible que demaneu cita pr\u00e8via trucant al tel\u00e8fon 977660129 o b\u00e9 entreu al web <a style=\"color: #000000;\" href=\"http:\/\/www.base.cat\">www.base.cat<\/a>.<\/span><\/p>\n<p style=\"text-align: justify;\"><span style=\"color: #000000;\">Tenint en compte la situaci\u00f3 excepcional que estem vivint, s\u2019han introdu\u00eft millores i serveis telem\u00e0tics per facilitar els tr\u00e0mits a la ciutadania i les empreses. S\u00f3n els seg\u00fcents:<\/span><\/p>\n<ul style=\"text-align: justify;\">\n<li><span style=\"color: #000000;\">Enviament de cartes de pagament per correu electr\u00f2nic o mitjan\u00e7ant SMS a les persones que han acceptat relacionar-se electr\u00f2nicament amb BASE.<\/span><\/li>\n<li><span style=\"color: #000000;\">Desc\u00e0rrega de cartes de pagament a <a style=\"color: #000000;\" href=\"http:\/\/www.base.cat\">base.cat<\/a> sense certificat digital.<\/span><\/li>\n<li><span style=\"color: #000000;\">Fraccionaments, ajornaments i ampliaci\u00f3 del termini per sol\u00b7licitar el Pagament Personalitzat dels tributs per al 2020.<\/span><\/li>\n<li><span style=\"color: #000000;\">Domiciliaci\u00f3 dels tributs amb efectes de 2020 fins a l\u2019\u00faltim moment:<\/span>\n<ul>\n<li><span style=\"color: #000000;\">A la seu electr\u00f2nica de BASE<\/span><\/li>\n<li><span style=\"color: #000000;\">Assist\u00e8ncia telef\u00f2nica de les oficines de BASE<\/span><\/li>\n<\/ul>\n<\/li>\n<li><span style=\"color: #000000;\">Pagament amb targeta trucant als tel\u00e8fons de les oficines de BASE (s\u2019enviar\u00e0 un enlla\u00e7 al m\u00f2bil o al correu electr\u00f2nic del contribuent)<\/span><\/li>\n<li><span style=\"color: #000000;\">Nous formularis per a la presentaci\u00f3 de tr\u00e0mits a la seu electr\u00f2nica de BASE<\/span><\/li>\n<li><span style=\"color: #000000;\">Refor\u00e7 de l\u2019atenci\u00f3 telef\u00f2nica<\/span><\/li>\n<\/ul>\n<hr \/>\n<p style=\"text-align: justify;\"><span style=\"color: #000000;\"><strong>CASTELLANO |<\/strong> Las oficinas de BASE-Gesti\u00f3n de Ingresos del Vendrell reabrir\u00e1n el lunes 8 de junio y el punto de atenci\u00f3n de la Bisbal del Pened\u00e8s lo har\u00e1 el lunes 15 de junio. Si ten\u00e9is que realizar alg\u00fan tr\u00e1mite en la oficina es imprescindible que solicit\u00e9is cita previa llamando al tel\u00e9fono 977660129 o bien entr\u00e9is a la web <a style=\"color: #000000;\" href=\"http:\/\/www.base.cat\">www.base.cat<\/a>.<\/span><\/p>\n<p style=\"text-align: justify;\"><span style=\"color: #000000;\">Teniendo en cuenta la situaci\u00f3n excepcional que estamos viviendo, se han introducido mejoras y servicios telem\u00e1ticos para facilitar los tr\u00e1mites de la ciudadan\u00eda y las empresas. Son los siguientes:<\/span><\/p>\n<ul style=\"text-align: justify;\">\n<li><span style=\"color: #000000;\">Env\u00edo de cartas de pago por correo electr\u00f3nico o mediante SMS a las personas que han aceptado relacionarse electr\u00f3nicamente con BASE.<\/span><\/li>\n<li><span style=\"color: #000000;\">Descarga de cartas de pago en <a style=\"color: #000000;\" href=\"http:\/\/www.base.cat\">base.cat<\/a> sin certificado digital.<\/span><\/li>\n<li><span style=\"color: #000000;\">Fraccionamientos, aplazamientos y ampliaci\u00f3n del plazo para solicitar el Pago personalizado de los tributos para el 2020.<\/span><\/li>\n<li><span style=\"color: #000000;\">Domiciliaci\u00f3n de los tributos con efectos de 2020 hasta el \u00faltimo momento:<\/span>\n<ul>\n<li><span style=\"color: #000000;\">En la sede electr\u00f3nica de BASE<\/span><\/li>\n<li><span style=\"color: #000000;\">Asistencia telef\u00f3nica de las oficinas de BASE<\/span><\/li>\n<\/ul>\n<\/li>\n<li><span style=\"color: #000000;\">Pago con tarjeta llamando a los tel\u00e9fonos de las oficinas de BASE (se enviar\u00e1 un enlace al m\u00f3vil o al correo electr\u00f3nico del contribuyente).<\/span><\/li>\n<li><span style=\"color: #000000;\">Nuevos formularios para la presentaci\u00f3n de tr\u00e1mites en la sede electr\u00f3nica de BASE.<\/span><\/li>\n<li><span style=\"color: #000000;\">Refuerzo de la atenci\u00f3n telef\u00f3nica.<\/span><\/li>\n<\/ul>\n<p style=\"text-align: justify;\">\n<p>&nbsp;<\/p>\n<p>&nbsp;<\/p>\n","protected":false},"excerpt":{"rendered":"<p>Les oficines de BASE-Gesti\u00f3 d\u2019Ingressos del Vendrell reobriran el dilluns 8 de juny i el punt d\u2019atenci\u00f3 de la Bisbal del Pened\u00e8s ho far\u00e0 el dilluns 15 de juny. Si &hellip; <a href=\"https:\/\/bisbalpenedes.com\/web\/2020\/06\/04\/base-reobre-les-seves-oficines-amb-cita-previa-i-amplia-els-serveis-a-la-ciutadania-per-vies-telematiques\/\" class=\"more-link\">Read More<\/a><\/p>\n","protected":false},"author":4,"featured_media":6188,"comment_status":"closed","ping_status":"closed","sticky":false,"template":"","format":"standard","meta":[],"categories":[8],"tags":[977,2012,3873,3872,976],"_links":{"self":[{"href":"https:\/\/bisbalpenedes.com\/web\/wp-json\/wp\/v2\/posts\/13711"}],"collection":[{"href":"https:\/\/bisbalpenedes.com\/web\/wp-json\/wp\/v2\/posts"}],"about":[{"href":"https:\/\/bisbalpenedes.com\/web\/wp-json\/wp\/v2\/types\/post"}],"author":[{"embeddable":true,"href":"https:\/\/bisbalpenedes.com\/web\/wp-json\/wp\/v2\/users\/4"}],"replies":[{"embeddable":true,"href":"https:\/\/bisbalpenedes.com\/web\/wp-json\/wp\/v2\/comments?post=13711"}],"version-history":[{"count":1,"href":"https:\/\/bisbalpenedes.com\/web\/wp-json\/wp\/v2\/posts\/13711\/revisions"}],"predecessor-version":[{"id":13712,"href":"https:\/\/bisbalpenedes.com\/web\/wp-json\/wp\/v2\/posts\/13711\/revisions\/13712"}],"wp:featuredmedia":[{"embeddable":true,"href":"https:\/\/bisbalpenedes.com\/web\/wp-json\/wp\/v2\/media\/6188"}],"wp:attachment":[{"href":"https:\/\/bisbalpenedes.com\/web\/wp-json\/wp\/v2\/media?parent=13711"}],"wp:term":[{"taxonomy":"category","embeddable":true,"href":"https:\/\/bisbalpenedes.com\/web\/wp-json\/wp\/v2\/categories?post=13711"},{"taxonomy":"post_tag","embeddable":true,"href":"https:\/\/bisbalpenedes.com\/web\/wp-json\/wp\/v2\/tags?post=13711"}],"curies":[{"name":"wp","href":"https:\/\/api.w.org\/{rel}","templated":true}]}}