{"id":13706,"date":"2020-06-02T17:14:24","date_gmt":"2020-06-02T16:14:24","guid":{"rendered":"http:\/\/bisbalpenedes.com\/web\/?p=13706"},"modified":"2020-06-02T17:14:24","modified_gmt":"2020-06-02T16:14:24","slug":"lajuntament-de-la-bisbal-del-penedes-fa-un-pas-mes-per-facilitar-la-socialitzacio-dels-llibres-escolars-de-lescola-ull-de-vent","status":"publish","type":"post","link":"https:\/\/bisbalpenedes.com\/web\/2020\/06\/02\/lajuntament-de-la-bisbal-del-penedes-fa-un-pas-mes-per-facilitar-la-socialitzacio-dels-llibres-escolars-de-lescola-ull-de-vent\/","title":{"rendered":"L\u2019Ajuntament de la Bisbal del Pened\u00e8s fa un pas m\u00e9s per facilitar la socialitzaci\u00f3 dels llibres escolars de l\u2019Escola Ull de Vent"},"content":{"rendered":"<p style=\"text-align: justify;\"><span style=\"color: #000000;\">L\u2019Ajuntament de la Bisbal del Pened\u00e8s, mitjan\u00e7ant la Regidoria d\u2019Ensenyament, fa un pas m\u00e9s en la socialitzaci\u00f3 dels llibres escolars de l\u2019Escola Ull de Vent: se signar\u00e0 un conveni perqu\u00e8, a partir del pr\u00f2xim curs 2020\/2021, l\u2019Ajuntament pugui abonar l\u2019import dels llibres directament a l\u2019AMPA i, d\u2019aquesta manera, les fam\u00edlies empadronades no hagin d\u2019avan\u00e7ar els diners dels llibres ni demanar cap subvenci\u00f3.<\/span><\/p>\n<p style=\"text-align: justify;\"><span style=\"color: #000000;\">Fins ara, les fam\u00edlies adquirien els llibres socialitzats -a trav\u00e9s de l\u2019AMPA de l\u2019escola- fent el corresponent pagament i, posteriorment, sol\u00b7licitaven les subvencions per a llibres escolars a l\u2019Ajuntament de la Bisbal del Pened\u00e8s. En cas de ser benefici\u00e0ries de la subvenci\u00f3, rebien el cost dels llibres socialitzats uns mesos despr\u00e9s de fer el pagament. Amb aquest nou conveni se simplifica l\u2019adquisici\u00f3 de llibres i, a m\u00e9s, les fam\u00edlies no hauran d\u2019avan\u00e7ar els diners ni tramitar cap subvenci\u00f3, nom\u00e9s caldr\u00e0 que estiguin empadronades i siguin s\u00f2cies de l\u2019AMPA per poder demanar els llibres sense haver de fer el pagament.<\/span><\/p>\n<p style=\"text-align: justify;\"><span style=\"color: #000000;\">L\u2019AMPA de L\u2019Escola Ull de Vent ja fa anys que va iniciar la socialitzaci\u00f3 dels llibres escolars amb el suport de l\u2019Ajuntament. Any rere any prepara els llibres i els distribueix entre els seus associats i, d\u2019aquesta manera, s\u2019aconsegueix que la majoria de fam\u00edlies paguin un percentatge m\u00ednim pel cost dels llibres. La regidora d\u2019Ensenyament, Leo Uceda, ha explicat que \u201cel fenomen de socialitzaci\u00f3 o reutilitzaci\u00f3 de llibres \u00e9s bastant antic, de fet molts hem utilitzat llibres de germans, ve\u00efns o amics quan \u00e9rem petits. L\u2019Escola Ull de Vent ja fa molts anys que va iniciar la socialitzaci\u00f3 a trav\u00e9s de l\u2019AMPA, amb el suport de l\u2019Ajuntament, i fa molt bona feina gestionant aquesta forma d\u2019adquisici\u00f3 de llibres. Aix\u00ed aconseguim disminuir el cost econ\u00f2mic que suposa la compra de llibres per a les fam\u00edlies, es facilita l\u2019acc\u00e9s als llibres a tot l\u2019alumnat del centre, es redueixen els residus generats i, a m\u00e9s, es fomenta el respecte vers al material comunitari, ja que els llibres s\u2019han de cuidar perqu\u00e8 siguin reutilitzats\u201d. La regidora pensa que \u201camb aquest nou conveni pensem que podem facilitar molt l\u2019adquisici\u00f3 de llibres de les fam\u00edlies, sense que hagin d\u2019avan\u00e7ar pagaments ni fer cap tr\u00e0mit per demanar una subvenci\u00f3 per als llibres\u201d. \u00a0<\/span><\/p>\n<p style=\"text-align: justify;\"><span style=\"color: #000000;\">El conveni entrar\u00e0 en funcionament de cara a l\u2019adquisici\u00f3 de llibres per al pr\u00f2xim curs. Per a m\u00e9s informaci\u00f3 us podeu adre\u00e7ar a l\u2019AMPA de l\u2019Escola Ull de Vent.<\/span><\/p>\n<hr \/>\n<p style=\"text-align: justify;\"><span style=\"color: #000000;\"><strong>CASTELLANO |<\/strong> El Ayuntamiento de la Bisbal del Pened\u00e8s, mediante la Concejal\u00eda de Educaci\u00f3n, hace un paso m\u00e1s en la socializaci\u00f3n de los libros escolares de la Escola Ull de Vent: se firmar\u00e1 un convenio para que, a partir del pr\u00f3ximo curso 2020\/2021, el Ayuntamiento pueda abonar el importe de los libros directamente al AMPA y, de esta manera, las familias empadronadas no tengan que adelantar el dinero de los libros ni pedir ninguna subvenci\u00f3n.<\/span><\/p>\n<p style=\"text-align: justify;\"><span style=\"color: #000000;\">Hasta ahora, las familias adquir\u00edan los libros socializados -a trav\u00e9s del AMPA de la escuela- haciendo el correspondiente pago y, posteriormente, solicitaban las subvenciones para libros escolares al Ayuntamiento de la Bisbal del Pened\u00e8s. En caso de ser beneficiarias de la subvenci\u00f3n, recib\u00edan el coste de los libros socializados unos meses despu\u00e9s de hacer el pago. Con este nuevo convenio se simplifica la adquisici\u00f3n de libros y, adem\u00e1s, las familias no deber\u00e1n avanzar el dinero ni tramitar ninguna subvenci\u00f3n, solo ser\u00e1 necesario que est\u00e9n empadronadas y sean socias del AMPA para poder pedir los libros sin tener que hacer el pago.<\/span><\/p>\n<p style=\"text-align: justify;\"><span style=\"color: #000000;\">El AMPA de la Escola Ull de Vent ya hace a\u00f1os que inici\u00f3 la socializaci\u00f3n de los libros escolares con el apoyo del Ayuntamiento. A\u00f1o tras a\u00f1o prepara los libros y los distribuye entre sus asociados y, de esta forma, consigue que la mayor\u00eda de las familias paguen un porcentaje m\u00ednimo por el coste de los libros. La concejal\u00eda de Educaci\u00f3n, Leo Uceda, ha explicado que \u201cel fen\u00f3meno de socializaci\u00f3n o reutilizaci\u00f3n de libros es bastante antiguo, de hecho muchos hemos utilizado libros de hermanos, vecinos o amigos cuando \u00e9ramos peque\u00f1os. La Escola Ull de Vent ya hace muchos a\u00f1os que inici\u00f3 la socializaci\u00f3n a trav\u00e9s del AMPA, con el soporte del Ayuntamiento, y hace muy buen trabajo gestionando esta manera de adquisici\u00f3n de libros. As\u00ed conseguimos disminuir el coste econ\u00f3mico que supone la compra de libros para las familias, se facilita el acceso a los libros a todo el alumnado del centro, se reducen los residuos generados y, adem\u00e1s, se fomenta el respeto hacia el material comunitario, ya que los libros deben cuidarse para que sean reutilizados\u201d. La concejala piensa que \u201ccon este nuevo convenio piensa que podemos facilitar mucho la adquisici\u00f3n de libros de familias, sin que tengan que avanzar pagos ni hacer ning\u00fan tr\u00e1mite para pedir una subvenci\u00f3n para los libros\u201d.<\/span><\/p>\n<p style=\"text-align: justify;\"><span style=\"color: #000000;\">El convenio entrar\u00e1 en funcionamiento de cara a la adquisici\u00f3n de libros para el pr\u00f3ximo curso. Para m\u00e1s informaci\u00f3n os pod\u00e9is dirigir al AMPA de la Escola Ull de Vent.<\/span><\/p>\n<p>&nbsp;<\/p>\n","protected":false},"excerpt":{"rendered":"<p>L\u2019Ajuntament de la Bisbal del Pened\u00e8s, mitjan\u00e7ant la Regidoria d\u2019Ensenyament, fa un pas m\u00e9s en la socialitzaci\u00f3 dels llibres escolars de l\u2019Escola Ull de Vent: se signar\u00e0 un conveni perqu\u00e8, &hellip; <a href=\"https:\/\/bisbalpenedes.com\/web\/2020\/06\/02\/lajuntament-de-la-bisbal-del-penedes-fa-un-pas-mes-per-facilitar-la-socialitzacio-dels-llibres-escolars-de-lescola-ull-de-vent\/\" class=\"more-link\">Read More<\/a><\/p>\n","protected":false},"author":4,"featured_media":6354,"comment_status":"closed","ping_status":"closed","sticky":false,"template":"","format":"standard","meta":[],"categories":[2397],"tags":[287,148,3871,3870,102],"_links":{"self":[{"href":"https:\/\/bisbalpenedes.com\/web\/wp-json\/wp\/v2\/posts\/13706"}],"collection":[{"href":"https:\/\/bisbalpenedes.com\/web\/wp-json\/wp\/v2\/posts"}],"about":[{"href":"https:\/\/bisbalpenedes.com\/web\/wp-json\/wp\/v2\/types\/post"}],"author":[{"embeddable":true,"href":"https:\/\/bisbalpenedes.com\/web\/wp-json\/wp\/v2\/users\/4"}],"replies":[{"embeddable":true,"href":"https:\/\/bisbalpenedes.com\/web\/wp-json\/wp\/v2\/comments?post=13706"}],"version-history":[{"count":1,"href":"https:\/\/bisbalpenedes.com\/web\/wp-json\/wp\/v2\/posts\/13706\/revisions"}],"predecessor-version":[{"id":13707,"href":"https:\/\/bisbalpenedes.com\/web\/wp-json\/wp\/v2\/posts\/13706\/revisions\/13707"}],"wp:featuredmedia":[{"embeddable":true,"href":"https:\/\/bisbalpenedes.com\/web\/wp-json\/wp\/v2\/media\/6354"}],"wp:attachment":[{"href":"https:\/\/bisbalpenedes.com\/web\/wp-json\/wp\/v2\/media?parent=13706"}],"wp:term":[{"taxonomy":"category","embeddable":true,"href":"https:\/\/bisbalpenedes.com\/web\/wp-json\/wp\/v2\/categories?post=13706"},{"taxonomy":"post_tag","embeddable":true,"href":"https:\/\/bisbalpenedes.com\/web\/wp-json\/wp\/v2\/tags?post=13706"}],"curies":[{"name":"wp","href":"https:\/\/api.w.org\/{rel}","templated":true}]}}