{"id":13701,"date":"2020-06-02T16:52:42","date_gmt":"2020-06-02T15:52:42","guid":{"rendered":"http:\/\/bisbalpenedes.com\/web\/?p=13701"},"modified":"2020-06-02T16:53:02","modified_gmt":"2020-06-02T15:53:02","slug":"han-comencat-els-treballs-de-primavera-de-la-prova-pilot-per-avaluar-les-necessitats-de-neteja-i-desbrossament-dels-carrers-del-municipi","status":"publish","type":"post","link":"https:\/\/bisbalpenedes.com\/web\/2020\/06\/02\/han-comencat-els-treballs-de-primavera-de-la-prova-pilot-per-avaluar-les-necessitats-de-neteja-i-desbrossament-dels-carrers-del-municipi\/","title":{"rendered":"Han comen\u00e7at els treballs de primavera de la prova pilot per avaluar les necessitats de neteja i desbrossament dels carrers del municipi"},"content":{"rendered":"<div id='gallery-1' class='gallery galleryid-13701 gallery-columns-3 gallery-size-thumbnail'><figure class='gallery-item'>\n\t\t\t<div class='gallery-icon landscape'>\n\t\t\t\t<a href='https:\/\/bisbalpenedes.com\/web\/2020\/06\/02\/han-comencat-els-treballs-de-primavera-de-la-prova-pilot-per-avaluar-les-necessitats-de-neteja-i-desbrossament-dels-carrers-del-municipi\/prova-pilot-desbrossament-santa-teresa-2\/'><img width=\"150\" height=\"150\" src=\"https:\/\/bisbalpenedes.com\/web\/wp-content\/uploads\/2020\/06\/PROVA-PILOT-DESBROSSAMENT-SANTA-TERESA-2-150x150.jpg\" class=\"attachment-thumbnail size-thumbnail\" alt=\"\" loading=\"lazy\" srcset=\"https:\/\/bisbalpenedes.com\/web\/wp-content\/uploads\/2020\/06\/PROVA-PILOT-DESBROSSAMENT-SANTA-TERESA-2-150x150.jpg 150w, https:\/\/bisbalpenedes.com\/web\/wp-content\/uploads\/2020\/06\/PROVA-PILOT-DESBROSSAMENT-SANTA-TERESA-2-300x300.jpg 300w, https:\/\/bisbalpenedes.com\/web\/wp-content\/uploads\/2020\/06\/PROVA-PILOT-DESBROSSAMENT-SANTA-TERESA-2-100x100.jpg 100w\" sizes=\"(max-width: 150px) 100vw, 150px\" \/><\/a>\n\t\t\t<\/div><\/figure><figure class='gallery-item'>\n\t\t\t<div class='gallery-icon landscape'>\n\t\t\t\t<a href='https:\/\/bisbalpenedes.com\/web\/2020\/06\/02\/han-comencat-els-treballs-de-primavera-de-la-prova-pilot-per-avaluar-les-necessitats-de-neteja-i-desbrossament-dels-carrers-del-municipi\/prova-pilot-desbrossament-santa-teresa-3\/'><img width=\"150\" height=\"150\" src=\"https:\/\/bisbalpenedes.com\/web\/wp-content\/uploads\/2020\/06\/PROVA-PILOT-DESBROSSAMENT-SANTA-TERESA-3-150x150.jpg\" class=\"attachment-thumbnail size-thumbnail\" alt=\"\" loading=\"lazy\" srcset=\"https:\/\/bisbalpenedes.com\/web\/wp-content\/uploads\/2020\/06\/PROVA-PILOT-DESBROSSAMENT-SANTA-TERESA-3-150x150.jpg 150w, https:\/\/bisbalpenedes.com\/web\/wp-content\/uploads\/2020\/06\/PROVA-PILOT-DESBROSSAMENT-SANTA-TERESA-3-300x300.jpg 300w, https:\/\/bisbalpenedes.com\/web\/wp-content\/uploads\/2020\/06\/PROVA-PILOT-DESBROSSAMENT-SANTA-TERESA-3-100x100.jpg 100w\" sizes=\"(max-width: 150px) 100vw, 150px\" \/><\/a>\n\t\t\t<\/div><\/figure><figure class='gallery-item'>\n\t\t\t<div class='gallery-icon landscape'>\n\t\t\t\t<a href='https:\/\/bisbalpenedes.com\/web\/2020\/06\/02\/han-comencat-els-treballs-de-primavera-de-la-prova-pilot-per-avaluar-les-necessitats-de-neteja-i-desbrossament-dels-carrers-del-municipi\/prova-pilot-desbrossament-santa-teresa-1\/'><img width=\"150\" height=\"150\" src=\"https:\/\/bisbalpenedes.com\/web\/wp-content\/uploads\/2020\/06\/PROVA-PILOT-DESBROSSAMENT-SANTA-TERESA-1-150x150.jpeg\" class=\"attachment-thumbnail size-thumbnail\" alt=\"\" loading=\"lazy\" srcset=\"https:\/\/bisbalpenedes.com\/web\/wp-content\/uploads\/2020\/06\/PROVA-PILOT-DESBROSSAMENT-SANTA-TERESA-1-150x150.jpeg 150w, https:\/\/bisbalpenedes.com\/web\/wp-content\/uploads\/2020\/06\/PROVA-PILOT-DESBROSSAMENT-SANTA-TERESA-1-300x300.jpeg 300w, https:\/\/bisbalpenedes.com\/web\/wp-content\/uploads\/2020\/06\/PROVA-PILOT-DESBROSSAMENT-SANTA-TERESA-1-100x100.jpeg 100w\" sizes=\"(max-width: 150px) 100vw, 150px\" \/><\/a>\n\t\t\t<\/div><\/figure>\n\t\t<\/div>\n\n<p style=\"text-align: justify;\"><span style=\"color: #000000;\">La setmana passada van comen\u00e7ar els treballs de primavera de la prova pilot per avaluar les necessitats de neteja i desbrossament dels carrers en diversos punts del municipi, amb l\u2019objectiu d\u2019estudiar quines s\u00f3n les necessitats reals que t\u00e9 la localitat quant a la neteja i desbrossament de les vies de cara a la propera licitaci\u00f3 del servei. L\u2019estudi va a c\u00e0rrec de la Fundaci\u00f3 Santa Teresa i consisteix en realitzar treballs de neteja vi\u00e0ria i desbrossament en diversos punts del municipi i en diferents moments de l\u2019any per avaluar quin tipus de servei necessita el municipi de la Bisbal del Pened\u00e8s, tenint en compte que est\u00e0 format per vuit nuclis de poblaci\u00f3 amb caracter\u00edstiques diferents i que, a m\u00e9s, les necessitats d\u2019aquests serveis poden variar en funci\u00f3 del mes o l\u2019estaci\u00f3 de l\u2019any en qu\u00e8 ens trobem.<\/span><\/p>\n<hr \/>\n<p style=\"text-align: justify;\"><span style=\"color: #000000;\"><strong>CASTELLANO |<\/strong> La semana pasada empezaron los trabajos de primavera\u00a0de la prueba piloto para evaluar las necesidades de limpieza y desbrozamiento de las calles en varios puntos del municipio, con el objetivo de estudiar cu\u00e1les son las necesidades reales que tiene la localidad en cuanto a la limpieza de las v\u00edas y desbrozamiento de cara a la pr\u00f3xima licitaci\u00f3n del servicio. El estudio va a cargo de la Fundaci\u00f3 Santa Teresa y consiste en realizar trabajos de limpieza vial y desbrozamiento en varios puntos del municipio y en distintos momentos del a\u00f1o para evaluar qu\u00e9 tipo de servicio necesita el municipio de la Bisbal del Pened\u00e8s, teniendo en cuenta que est\u00e1 formado por ocho n\u00facleos de poblaci\u00f3n con caracter\u00edsticas distintas y que, adem\u00e1s, las necesidades de estos servicios pueden variar en funci\u00f3n del mes o de la estaci\u00f3n del a\u00f1o en la que nos encontremos.<\/span><\/p>\n","protected":false},"excerpt":{"rendered":"<p>La setmana passada van comen\u00e7ar els treballs de primavera de la prova pilot per avaluar les necessitats de neteja i desbrossament dels carrers en diversos punts del municipi, amb l\u2019objectiu &hellip; <a href=\"https:\/\/bisbalpenedes.com\/web\/2020\/06\/02\/han-comencat-els-treballs-de-primavera-de-la-prova-pilot-per-avaluar-les-necessitats-de-neteja-i-desbrossament-dels-carrers-del-municipi\/\" class=\"more-link\">Read More<\/a><\/p>\n","protected":false},"author":4,"featured_media":13702,"comment_status":"closed","ping_status":"closed","sticky":false,"template":"","format":"standard","meta":[],"categories":[32,3482,8],"tags":[1571,739,1861,2215],"_links":{"self":[{"href":"https:\/\/bisbalpenedes.com\/web\/wp-json\/wp\/v2\/posts\/13701"}],"collection":[{"href":"https:\/\/bisbalpenedes.com\/web\/wp-json\/wp\/v2\/posts"}],"about":[{"href":"https:\/\/bisbalpenedes.com\/web\/wp-json\/wp\/v2\/types\/post"}],"author":[{"embeddable":true,"href":"https:\/\/bisbalpenedes.com\/web\/wp-json\/wp\/v2\/users\/4"}],"replies":[{"embeddable":true,"href":"https:\/\/bisbalpenedes.com\/web\/wp-json\/wp\/v2\/comments?post=13701"}],"version-history":[{"count":1,"href":"https:\/\/bisbalpenedes.com\/web\/wp-json\/wp\/v2\/posts\/13701\/revisions"}],"predecessor-version":[{"id":13705,"href":"https:\/\/bisbalpenedes.com\/web\/wp-json\/wp\/v2\/posts\/13701\/revisions\/13705"}],"wp:featuredmedia":[{"embeddable":true,"href":"https:\/\/bisbalpenedes.com\/web\/wp-json\/wp\/v2\/media\/13702"}],"wp:attachment":[{"href":"https:\/\/bisbalpenedes.com\/web\/wp-json\/wp\/v2\/media?parent=13701"}],"wp:term":[{"taxonomy":"category","embeddable":true,"href":"https:\/\/bisbalpenedes.com\/web\/wp-json\/wp\/v2\/categories?post=13701"},{"taxonomy":"post_tag","embeddable":true,"href":"https:\/\/bisbalpenedes.com\/web\/wp-json\/wp\/v2\/tags?post=13701"}],"curies":[{"name":"wp","href":"https:\/\/api.w.org\/{rel}","templated":true}]}}