{"id":13694,"date":"2020-06-01T11:21:22","date_gmt":"2020-06-01T10:21:22","guid":{"rendered":"http:\/\/bisbalpenedes.com\/web\/?p=13694"},"modified":"2020-06-18T13:38:10","modified_gmt":"2020-06-18T11:38:10","slug":"es-reprenen-els-terminis-per-a-la-tramitacio-dels-procediments-administratius","status":"publish","type":"post","link":"https:\/\/bisbalpenedes.com\/web\/2020\/06\/01\/es-reprenen-els-terminis-per-a-la-tramitacio-dels-procediments-administratius\/","title":{"rendered":"Es reprenen els terminis per a la tramitaci\u00f3 dels procediments administratius"},"content":{"rendered":"<p style=\"text-align: justify;\"><span style=\"color: #000000;\">Avui dilluns 1 de juny de 2020 es reprenen els terminis per a la tramitaci\u00f3 dels procediments administratius a l\u2019Ajuntament de la Bisbal del Pened\u00e8s. Aix\u00ed, es reactiven els tr\u00e0mits de subvencions i contractacions, entre altres.<\/span><\/p>\n<p style=\"text-align: justify;\"><span style=\"color: #000000;\">En l\u2019actualitat els terminis estaven suspesos arran de la declaraci\u00f3 de la situaci\u00f3 d\u2019estat d\u2019alarma per a la gesti\u00f3 de la situaci\u00f3 de crisi sanit\u00e0ria ocasionada per la Covid-19. El 23 de maig de 2020 el Butllet\u00ed Oficial de l\u2019Estat va publicar el <a style=\"color: #000000;\" href=\"https:\/\/www.boe.es\/buscar\/pdf\/2020\/BOE-A-2020-5243-consolidado.pdf\">Reial Decret 537\/2020, de 22 de maig,<\/a> pel qual es prorrogava l\u2019estat d\u2019alarma declarat pel Reial Decret 463\/2020 de 14 de mar\u00e7 (que declarava l\u2019estat d\u2019alarma) i, entre les diferents decisions adoptades, s\u2019hi troben les seg\u00fcents:<\/span><\/p>\n<p style=\"padding-left: 30px; text-align: justify;\"><span style=\"color: #000000;\">-A efectes des del 4 de juny de 2020, l\u2019aixecament de la suspensi\u00f3 dels terminis processals i els terminis de caducitat i prescripci\u00f3 dels drets i accions suspesos en aplicaci\u00f3 del Reial Decret 463\/2020.<\/span><\/p>\n<p style=\"padding-left: 30px; text-align: justify;\"><span style=\"color: #000000;\">-Amb efectes des de l\u20191 de juny de 2020, el reinici o represa del c\u00f2mput dels terminis administratius suspesos en aplicaci\u00f3 del Reial Decret 463\/2020.<\/span><\/p>\n<p style=\"text-align: justify;\"><span style=\"color: #000000;\">Aix\u00ed, els terminis que estaven suspesos es reprenen. Per exemple, aquelles persones que es vulguin presentar al Concurs Literari de Sant Jordi tenen temps per fer-ho fins al\u00a026 de juny de 2020 i les fam\u00edlies que van presentar sol\u00b7licitud per a les subvencions de llibres escolars tenen 30 dies, des d\u2019avui, per acceptar-les o per presentar al\u00b7legacions.<\/span><\/p>\n<hr \/>\n<p style=\"text-align: justify;\"><span style=\"color: #000000;\"><strong>CASTELLANO |<\/strong> Hoy lunes 1 de junio de 2020, se retoman los plazos para la tramitaci\u00f3n de los procedimientos administrativos en el Ayuntamiento de la Bisbal del Pened\u00e8s. As\u00ed, se reactivan los tr\u00e1mites de subvenciones y contrataciones, entre otros.<\/span><\/p>\n<p style=\"text-align: justify;\"><span style=\"color: #000000;\">En la actualidad los plazos estaban suspendidos a ra\u00edz de la declaraci\u00f3n de la situaci\u00f3n de estado de alarma para la gesti\u00f3n de la situaci\u00f3n de crisis sanitaria ocasionada por la Covid-19. El 23 de mayo de 2020 el Bolet\u00edn Oficial del Estado public\u00f3 el Real Decreto 537\/2020, de 22 de mayo, por el cual se prorrogaba el estado de alarma declarado por el Real Decreto 463\/2020 de 14 de marzo (que declaraba el estado de alarma) y, entre las distintas decisiones adoptadas, se encontraban las siguientes:<\/span><\/p>\n<p style=\"padding-left: 30px; text-align: justify;\"><span style=\"color: #000000;\">-A efectos desde el 4 de junio de 2020, el levantamiento de la suspensi\u00f3n de los plazos procesales y los plazos de caducidad y prescripci\u00f3n de los derechos y acciones suspendidas en aplicaci\u00f3n del Real Decreto 463\/2020.<\/span><\/p>\n<p style=\"padding-left: 30px; text-align: justify;\"><span style=\"color: #000000;\">-Con efectos desde el 1 de junio de 2020, el reinicio o reanudaci\u00f3n del c\u00f3mputo de los plazos administrativos suspendidos en aplicaci\u00f3n del Real Decreto 463\/2020.<\/span><\/p>\n<p style=\"text-align: justify;\"><span style=\"color: #000000;\">As\u00ed, los plazos que estaban suspendidos se reactivan. Por ejemplo, aquellas personas que se quieran presentar al Concurso Literario de Sant Jordi tienen tiempo para hacerlo hasta el\u00a026 de junio\u00a0de 2020 y las familias que presentaron solicitud para las subvenciones de libros escolares tienen 30 d\u00edas, desde hoy, para aceptarlas o para presentar alegaciones.<\/span><\/p>\n<p>&nbsp;<\/p>\n<p>&nbsp;<\/p>\n","protected":false},"excerpt":{"rendered":"<p>Avui dilluns 1 de juny de 2020 es reprenen els terminis per a la tramitaci\u00f3 dels procediments administratius a l\u2019Ajuntament de la Bisbal del Pened\u00e8s. Aix\u00ed, es reactiven els tr\u00e0mits &hellip; <a href=\"https:\/\/bisbalpenedes.com\/web\/2020\/06\/01\/es-reprenen-els-terminis-per-a-la-tramitacio-dels-procediments-administratius\/\" class=\"more-link\">Read More<\/a><\/p>\n","protected":false},"author":4,"featured_media":7089,"comment_status":"closed","ping_status":"closed","sticky":false,"template":"","format":"standard","meta":[],"categories":[2402,2057,3636,8],"tags":[3559,3864,3865,3863,2428],"_links":{"self":[{"href":"https:\/\/bisbalpenedes.com\/web\/wp-json\/wp\/v2\/posts\/13694"}],"collection":[{"href":"https:\/\/bisbalpenedes.com\/web\/wp-json\/wp\/v2\/posts"}],"about":[{"href":"https:\/\/bisbalpenedes.com\/web\/wp-json\/wp\/v2\/types\/post"}],"author":[{"embeddable":true,"href":"https:\/\/bisbalpenedes.com\/web\/wp-json\/wp\/v2\/users\/4"}],"replies":[{"embeddable":true,"href":"https:\/\/bisbalpenedes.com\/web\/wp-json\/wp\/v2\/comments?post=13694"}],"version-history":[{"count":2,"href":"https:\/\/bisbalpenedes.com\/web\/wp-json\/wp\/v2\/posts\/13694\/revisions"}],"predecessor-version":[{"id":13887,"href":"https:\/\/bisbalpenedes.com\/web\/wp-json\/wp\/v2\/posts\/13694\/revisions\/13887"}],"wp:featuredmedia":[{"embeddable":true,"href":"https:\/\/bisbalpenedes.com\/web\/wp-json\/wp\/v2\/media\/7089"}],"wp:attachment":[{"href":"https:\/\/bisbalpenedes.com\/web\/wp-json\/wp\/v2\/media?parent=13694"}],"wp:term":[{"taxonomy":"category","embeddable":true,"href":"https:\/\/bisbalpenedes.com\/web\/wp-json\/wp\/v2\/categories?post=13694"},{"taxonomy":"post_tag","embeddable":true,"href":"https:\/\/bisbalpenedes.com\/web\/wp-json\/wp\/v2\/tags?post=13694"}],"curies":[{"name":"wp","href":"https:\/\/api.w.org\/{rel}","templated":true}]}}