{"id":13691,"date":"2020-06-01T11:00:04","date_gmt":"2020-06-01T10:00:04","guid":{"rendered":"http:\/\/bisbalpenedes.com\/web\/?p=13691"},"modified":"2020-06-01T11:00:04","modified_gmt":"2020-06-01T10:00:04","slug":"el-mercat-setmanal-tornara-a-obrir-aquest-dimecres-3-de-juny","status":"publish","type":"post","link":"https:\/\/bisbalpenedes.com\/web\/2020\/06\/01\/el-mercat-setmanal-tornara-a-obrir-aquest-dimecres-3-de-juny\/","title":{"rendered":"El mercat setmanal tornar\u00e0 a obrir aquest dimecres 3 de juny"},"content":{"rendered":"<p style=\"text-align: center;\"><a href=\"http:\/\/bisbalpenedes.com\/web\/wp-content\/uploads\/2020\/06\/IMG_7624.jpg\"><img loading=\"lazy\" class=\"alignnone size-medium wp-image-13692\" src=\"http:\/\/bisbalpenedes.com\/web\/wp-content\/uploads\/2020\/06\/IMG_7624-300x200.jpg\" alt=\"fruita mercat setmanal\" width=\"300\" height=\"200\" srcset=\"https:\/\/bisbalpenedes.com\/web\/wp-content\/uploads\/2020\/06\/IMG_7624-300x200.jpg 300w, https:\/\/bisbalpenedes.com\/web\/wp-content\/uploads\/2020\/06\/IMG_7624-600x400.jpg 600w, https:\/\/bisbalpenedes.com\/web\/wp-content\/uploads\/2020\/06\/IMG_7624-768x512.jpg 768w, https:\/\/bisbalpenedes.com\/web\/wp-content\/uploads\/2020\/06\/IMG_7624-1024x683.jpg 1024w\" sizes=\"(max-width: 300px) 100vw, 300px\" \/><\/a><\/p>\n<p style=\"text-align: justify;\"><span style=\"color: #000000;\">El pr\u00f2xim dimecres 3 de juny de 2020 es restablir\u00e0 el mercat setmanal tenint en compte les indicacions de les autoritats sanit\u00e0ries i donant compliment a les mesures vigents en mat\u00e8ria de prevenci\u00f3 de riscos laborals i normativa. Totes les mesures s\u2019aniran actualitzant en funci\u00f3 de les indicacions de les autoritats sanit\u00e0ries.<\/span><\/p>\n<p style=\"text-align: justify;\"><span style=\"color: #000000;\">La Regidoria de Comer\u00e7 demana tant als paradistes com a les persones que s\u2019apropin a comprar al mercat que, en tot moment, segueixin les mesures establertes.<\/span><\/p>\n<p style=\"text-align: justify;\"><span style=\"color: #000000;\">A continuaci\u00f3 enumerem les indicacions i mesures que s\u2019hauran de tenir en compte:<\/span><\/p>\n<ul style=\"text-align: justify;\">\n<li><span style=\"color: #000000;\">Manteniment de l\u2019activitat a l\u2019espai on se celebra habitualment.<\/span><\/li>\n<li><span style=\"color: #000000;\">Limitaci\u00f3 a un ter\u00e7 de les parades habituals o autoritzades.<\/span><\/li>\n<li><span style=\"color: #000000;\">Prioritzaci\u00f3 dels comerciants que comercialitzin productes alimentaris i de primera necessitat.<\/span><\/li>\n<li><span style=\"color: #000000;\">Limitaci\u00f3 de l\u2019aflu\u00e8ncia de clients, de manera que s\u2019asseguri el manteniment de la dist\u00e0ncia social de 2 metres.<\/span><\/li>\n<li><span style=\"color: #000000;\">Delimitaci\u00f3 de l\u2019espai destinat al mercat amb cinta d\u2019obra, tanques o qualsevol altre element que permeti marcar els seus l\u00edmits, amb l\u2019objectiu d\u2019evitar aglomeracions.<\/span><\/li>\n<li><span style=\"color: #000000;\">Distribuci\u00f3 lineal de les parades, evitant que quedin unes al davant de les altres, amb una separaci\u00f3 m\u00ednima de 2,5 metres entre els laterals.<\/span><\/li>\n<li><span style=\"color: #000000;\">Senyalitzaci\u00f3 de la dist\u00e0ncia de seguretat interpersonal de dos metres entre clients, amb marques a terra o balisses, i cartelleria; i senyalitzaci\u00f3, en aquells casos en qu\u00e8 sigui possible l\u2019atenci\u00f3 individualitzada de m\u00e9s d\u2019un client alhora, que no es podr\u00e0 realitzar de manera simult\u00e0nia pel mateix treballador.<\/span><\/li>\n<li><span style=\"color: #000000;\">Disposici\u00f3 de dispensadors de gel hidroalcoh\u00f2lic a les immediacions del mercat.<\/span><\/li>\n<li><span style=\"color: #000000;\">Manteniment d\u2019una dist\u00e0ncia m\u00ednima de 2 metres entre les persones venedores d\u2019una mateixa parada.<\/span><\/li>\n<li><span style=\"color: #000000;\">Manteniment d\u2019una dist\u00e0ncia m\u00ednima de 2 metres entre venedors i clients.<\/span><\/li>\n<li><span style=\"color: #000000;\">No manipulaci\u00f3 per part dels consumidors dels productes comercialitzats. Nom\u00e9s els venedors podran tocar els productes, seguint les instruccions i recomanacions d\u2019higiene establertes per les autoritats sanit\u00e0ries.<\/span><\/li>\n<li><span style=\"color: #000000;\">No disposici\u00f3 de productes de prova no destinats a la venda que impliquin la manipulaci\u00f3 directa per successius clients.<\/span><\/li>\n<li><span style=\"color: #000000;\">Prioritzaci\u00f3 de pagament amb targeta.<\/span><\/li>\n<li><span style=\"color: #000000;\">Neteja i desinfecci\u00f3 de les parades amb freq\u00fc\u00e8ncia.<\/span><\/li>\n<li><span style=\"color: #000000;\">Intensificaci\u00f3 de les tasques de neteja i desinfecci\u00f3 de l\u2019espai destinat al mercat.<\/span><\/li>\n<li><span style=\"color: #000000;\">Informaci\u00f3 als venedors i als clients sobre les mesures organitzatives i d\u2019higiene i sobre la necessitat de cooperar en el seu compliment.<\/span><\/li>\n<li><span style=\"color: #000000;\">Vigil\u00e0ncia del mercat durant l\u2019horari de funcionament per garantir el compliment de les normes.<\/span><\/li>\n<\/ul>\n<p style=\"text-align: justify;\"><span style=\"color: #000000;\">Recordem que el 24 de mar\u00e7 es va ordenar, mitjan\u00e7ant Decret d\u2019Alcaldia, la suspensi\u00f3 del mercat setmanal de venda no sedent\u00e0ria fora de l\u2019establiment comercial (venda ambulant) com a mesura de prevenci\u00f3 contra la Covid-19.<\/span><\/p>\n<p style=\"text-align: justify;\"><span style=\"color: #000000;\">Tenint en compte el Pla per a la transici\u00f3 cap a una nova normalitat i <a style=\"color: #000000;\" href=\"https:\/\/www.boe.es\/eli\/es\/o\/2020\/05\/09\/snd399\/dof\/spa\/pdf\">l\u2019Ordre SND\/399\/2020, de 9 de maig,<\/a> per a la flexibilitzaci\u00f3 de determinades restriccions d\u2019\u00e0mbit nacional, que defineix que els ajuntaments podran reobrir els mercats a l\u2019aire lliure o de venda no sedent\u00e0ria a la via p\u00fablica, donant prefer\u00e8ncia als productes alimentaris i de primera necessitat i procurant garantir la seva no manipulaci\u00f3 per part dels consumidors, l\u2019Ajuntament de la Bisbal del Pened\u00e8s ha decidit reobrir el mercat dels dimecres, amb una limitaci\u00f3 del 25% de les parades habituals o autoritzades i una aflu\u00e8ncia inferior a un ter\u00e7 de l\u2019aforament habitual.<\/span><\/p>\n<hr \/>\n<p style=\"text-align: justify;\"><span style=\"color: #000000;\"><strong>CASTELLANO |\u00a0<\/strong>El pr\u00f3ximo \u00a0mi\u00e9rcoles 3 de junio de 2020 se restablecer\u00e1 el mercado semanal teniendo en cuenta las indicaciones de las autoridades sanitarias y dando cumplimiento a las medidas vigentes en materia de prevenci\u00f3n de riesgos laborales y normativa. Todas las medidas se ir\u00e1n actualizando en funci\u00f3n de las indicaciones de las autoridades sanitarias.<\/span><\/p>\n<p style=\"text-align: justify;\"><span style=\"color: #000000;\">La Concejal\u00eda de Comercio pide tanto a los paradistas como a las personas que se acerquen a comprar al mercado que, en todo momento, sigan las medidas establecidas.<\/span><\/p>\n<p style=\"text-align: justify;\"><span style=\"color: #000000;\">A continuaci\u00f3n enumeramos las indicaciones y medidas que se deber\u00e1n tener en cuenta:<\/span><\/p>\n<ul style=\"text-align: justify;\">\n<li><span style=\"color: #000000;\">Mantenimiento de la actividad en el espacio donde se celebra habitualmente.<\/span><\/li>\n<li><span style=\"color: #000000;\">Limitaci\u00f3n a un tercio de las paradas habituales o autorizadas.<\/span><\/li>\n<li><span style=\"color: #000000;\">Priorizaci\u00f3n de los comerciantes que comercialicen productos alimentarios y de primera necesidad.<\/span><\/li>\n<li><span style=\"color: #000000;\">Limitaci\u00f3n de la afluencia de clientes, de manera que se asegure el mantenimiento de la distancia social de 2 metros.<\/span><\/li>\n<li><span style=\"color: #000000;\">Delimitaci\u00f3n del espacio destinado al mercado con cinta de obra, vallas o cualquier otro elemento que permita marcar sus l\u00edmites, con el objetivo de evitar aglomeraciones.<\/span><\/li>\n<li><span style=\"color: #000000;\">Distribuci\u00f3n lineal de las paradas, evitando que queden unas delante de las otras, con una separaci\u00f3n m\u00ednima de 2,5 metros entre los laterales.<\/span><\/li>\n<li><span style=\"color: #000000;\">Se\u00f1alizaci\u00f3n de la distancia de seguridad interpersonal de dos metros entre clientes, con marcas en el suelo o balizas y carteler\u00eda; y se\u00f1alizaci\u00f3n, en aquellos casos en que sea posible la atenci\u00f3n individualizada de m\u00e1s de un cliente a la vez, que no se podr\u00e1 realizar de manera simult\u00e1nea por el mismo trabajador.<\/span><\/li>\n<li><span style=\"color: #000000;\">Disposici\u00f3n de dispensadores de gel hidroalcoh\u00f3lico en las inmediaciones del mercado.<\/span><\/li>\n<li><span style=\"color: #000000;\">Mantenimiento de una distancia m\u00ednima de 2 metros entre las personas vendedoras de una misma parada.<\/span><\/li>\n<li><span style=\"color: #000000;\">Mantenimiento de una distancia m\u00ednima de 2 metros entre vendedores y clientes.<\/span><\/li>\n<li><span style=\"color: #000000;\">No manipulaci\u00f3n por parte de los consumidores de los productos comercializados. Solo los vendedores podr\u00e1n tocar los productos, siguiendo las instrucciones y recomendaciones de higiene establecidas por las autoridades sanitarias.<\/span><\/li>\n<li><span style=\"color: #000000;\">No disposici\u00f3n de productos de prueba no destinados a la venta que impliquen la manipulaci\u00f3n directa por sucesivos clientes.<\/span><\/li>\n<li><span style=\"color: #000000;\">Priorizaci\u00f3n del pago con tarjeta.<\/span><\/li>\n<li><span style=\"color: #000000;\">Limpieza y desinfecci\u00f3n de las paradas con frecuencia.<\/span><\/li>\n<li><span style=\"color: #000000;\">Intensificaci\u00f3n de los trabajos de limpieza y desinfecci\u00f3n del espacio destinado al mercado.<\/span><\/li>\n<li><span style=\"color: #000000;\">Informaci\u00f3n a los vendedores y a los clientes sobre las medidas organizativas y de higiene y sobre la necesidad de cooperar en su cumplimiento.<\/span><\/li>\n<li><span style=\"color: #000000;\">Vigilancia del mercado durante el horario de funcionamiento para garantizar el cumplimiento de las normas.<\/span><\/li>\n<\/ul>\n<p style=\"text-align: justify;\"><span style=\"color: #000000;\">Recordamos que el 24 de marzo se orden\u00f3, mediante Decreto de Alcald\u00eda, la suspensi\u00f3n del mercado semanal de venta no sedentaria fuera del establecimiento comercial (venta ambulante) como medida de prevenci\u00f3n contra la Covid-19.<\/span><\/p>\n<p style=\"text-align: justify;\"><span style=\"color: #000000;\">Teniendo en cuenta el Plan para la transici\u00f3n hacia una nueva normalidad y la <a style=\"color: #000000;\" href=\"https:\/\/www.boe.es\/eli\/es\/o\/2020\/05\/09\/snd399\/dof\/spa\/pdf\">Orden SND\/399\/2020, de 9 de mayo<\/a>, para la flexibilizaci\u00f3n de determinadas restricciones de \u00e1mbito nacional, que define que los ayuntamientos podr\u00e1n reabrir los mercados al aire libre o de venta no sedentaria en la v\u00eda p\u00fablica, dando preferencia a los productos alimentarios y de primera necesidad y procurando garantizar su no manipulaci\u00f3n por parte de los consumidores, el Ayuntamiento de la Bisbal del Pened\u00e8s ha decidido reabrir el mercado de los mi\u00e9rcoles, con una limitaci\u00f3n del 25% de las paradas habituales o autorizadas y una afluencia inferior a un tercio del aforo habitual.<\/span><\/p>\n<p>&nbsp;<\/p>\n","protected":false},"excerpt":{"rendered":"<p>El pr\u00f2xim dimecres 3 de juny de 2020 es restablir\u00e0 el mercat setmanal tenint en compte les indicacions de les autoritats sanit\u00e0ries i donant compliment a les mesures vigents en &hellip; <a href=\"https:\/\/bisbalpenedes.com\/web\/2020\/06\/01\/el-mercat-setmanal-tornara-a-obrir-aquest-dimecres-3-de-juny\/\" class=\"more-link\">Read More<\/a><\/p>\n","protected":false},"author":4,"featured_media":13692,"comment_status":"closed","ping_status":"closed","sticky":false,"template":"","format":"standard","meta":[],"categories":[3860],"tags":[3862,3606,3861],"_links":{"self":[{"href":"https:\/\/bisbalpenedes.com\/web\/wp-json\/wp\/v2\/posts\/13691"}],"collection":[{"href":"https:\/\/bisbalpenedes.com\/web\/wp-json\/wp\/v2\/posts"}],"about":[{"href":"https:\/\/bisbalpenedes.com\/web\/wp-json\/wp\/v2\/types\/post"}],"author":[{"embeddable":true,"href":"https:\/\/bisbalpenedes.com\/web\/wp-json\/wp\/v2\/users\/4"}],"replies":[{"embeddable":true,"href":"https:\/\/bisbalpenedes.com\/web\/wp-json\/wp\/v2\/comments?post=13691"}],"version-history":[{"count":1,"href":"https:\/\/bisbalpenedes.com\/web\/wp-json\/wp\/v2\/posts\/13691\/revisions"}],"predecessor-version":[{"id":13693,"href":"https:\/\/bisbalpenedes.com\/web\/wp-json\/wp\/v2\/posts\/13691\/revisions\/13693"}],"wp:featuredmedia":[{"embeddable":true,"href":"https:\/\/bisbalpenedes.com\/web\/wp-json\/wp\/v2\/media\/13692"}],"wp:attachment":[{"href":"https:\/\/bisbalpenedes.com\/web\/wp-json\/wp\/v2\/media?parent=13691"}],"wp:term":[{"taxonomy":"category","embeddable":true,"href":"https:\/\/bisbalpenedes.com\/web\/wp-json\/wp\/v2\/categories?post=13691"},{"taxonomy":"post_tag","embeddable":true,"href":"https:\/\/bisbalpenedes.com\/web\/wp-json\/wp\/v2\/tags?post=13691"}],"curies":[{"name":"wp","href":"https:\/\/api.w.org\/{rel}","templated":true}]}}