{"id":13689,"date":"2020-06-01T07:05:08","date_gmt":"2020-06-01T06:05:08","guid":{"rendered":"http:\/\/bisbalpenedes.com\/web\/?p=13689"},"modified":"2020-06-01T07:05:08","modified_gmt":"2020-06-01T06:05:08","slug":"saprova-un-contracte-menor-per-estudiar-quina-es-lopcio-de-transport-public-urba-mes-adequada-per-a-la-bisbal","status":"publish","type":"post","link":"https:\/\/bisbalpenedes.com\/web\/2020\/06\/01\/saprova-un-contracte-menor-per-estudiar-quina-es-lopcio-de-transport-public-urba-mes-adequada-per-a-la-bisbal\/","title":{"rendered":"S\u2019aprova un contracte menor per estudiar quina \u00e9s l\u2019opci\u00f3 de transport p\u00fablic urb\u00e0 m\u00e9s adequada per a la Bisbal"},"content":{"rendered":"<p style=\"text-align: center;\"><a href=\"http:\/\/bisbalpenedes.com\/web\/wp-content\/uploads\/2018\/11\/Foto-9-11-18-13-35-47-1.jpg\"><img loading=\"lazy\" class=\"alignnone size-medium wp-image-7858\" src=\"http:\/\/bisbalpenedes.com\/web\/wp-content\/uploads\/2018\/11\/Foto-9-11-18-13-35-47-1-300x225.jpg\" alt=\"bus interior\" width=\"300\" height=\"225\" srcset=\"https:\/\/bisbalpenedes.com\/web\/wp-content\/uploads\/2018\/11\/Foto-9-11-18-13-35-47-1-300x225.jpg 300w, https:\/\/bisbalpenedes.com\/web\/wp-content\/uploads\/2018\/11\/Foto-9-11-18-13-35-47-1-600x450.jpg 600w, https:\/\/bisbalpenedes.com\/web\/wp-content\/uploads\/2018\/11\/Foto-9-11-18-13-35-47-1-768x576.jpg 768w, https:\/\/bisbalpenedes.com\/web\/wp-content\/uploads\/2018\/11\/Foto-9-11-18-13-35-47-1-1024x768.jpg 1024w\" sizes=\"(max-width: 300px) 100vw, 300px\" \/><\/a><\/p>\n<p><span style=\"color: #000000;\">La Junta de Govern del 25 de maig de 2020\u00a0va aprovar\u00a0un contracte menor per al servei d\u2019assist\u00e8ncia t\u00e8cnica per a la licitaci\u00f3 del servei de transport urb\u00e0, ja que el gener de 2021 finalitzar\u00e0 la pr\u00f2rroga del servei que actualment presta l\u2019empresa La Hispano de Fuente en Segures SA i es vol estudiar quina opci\u00f3 de transport p\u00fablic urb\u00e0 \u00e9s la m\u00e9s adequada al municipi.<\/span><\/p>\n<p><span style=\"color: #000000;\">En l\u2019actualitat, el municipi de la Bisbal del Pened\u00e8s compta amb un servei de bus urb\u00e0 amb les seg\u00fcents caracter\u00edstiques:<\/span><\/p>\n<ul>\n<li><span style=\"color: #000000;\"><strong>Servei regular de dues l\u00ednies<\/strong> \u2013 i per tant dos vehicles- que connecten totes les urbanitzacions amb el nucli urb\u00e0, coordinades amb l\u2019entrada i la sortida de l\u2019Institut. Expedicions a les 7:30h i a les 14:45h.<\/span><\/li>\n<li><span style=\"color: #000000;\"><strong>Servei a demanda:<\/strong> transport des de qualsevol de les parades del servei regular fins al nucli urb\u00e0 entre les 9 i les 14h (amb reserva pr\u00e8via el dia anterior).<\/span><\/li>\n<\/ul>\n<p><span style=\"color: #000000;\">Ara, s\u2019ha aprovat un contracte menor amb AMTU (Associaci\u00f3 dels Municipis per la Mobilitat i el Transport Urb\u00e0), entitat a la qual est\u00e0 associat l\u2019Ajuntament de la Bisbal del Pened\u00e8s, per un import de 13.915\u20ac (IVA incl\u00f2s) amb l\u2019objectiu de fer un estudi que inclour\u00e0:<\/span><\/p>\n<p style=\"padding-left: 30px;\"><span style=\"color: #000000;\"><strong>-Assessorament t\u00e8cnic per a la definici\u00f3 del nou servei de Transport p\u00fablic:<\/strong> estudi de demanda, ingressos i costos del servei.<\/span><\/p>\n<p style=\"padding-left: 30px;\"><span style=\"color: #000000;\"><strong>-Assessorament t\u00e8cnic per a la licitaci\u00f3 del servei:<\/strong> realitzaci\u00f3 del Plec T\u00e8cnic, proposta de Plec Administratiu, justificaci\u00f3 del VEC, informe de necessitats i monitoratge del proc\u00e9s de licitaci\u00f3 (respostes a les preguntes dels licitadors i preparaci\u00f3 dels informes d\u2019adjudicaci\u00f3).<\/span><\/p>\n<hr \/>\n<p><span style=\"color: #000000;\"><strong>CASTELLANO |<\/strong> La Junta de Gobierno del 25 de mayo de 2020\u00a0aprob\u00f3 un contrato menor para el servicio de transporte urbano, ya que en enero de 2021 finalizar\u00e1 la pr\u00f3rroga del servicio que actualmente presta la empresa La Hispano de Fuente de Segures SA y se quiere estudiar qu\u00e9 opci\u00f3n de transporte p\u00fablico urbano es la m\u00e1s adecuada para el municipio.<\/span><\/p>\n<p><span style=\"color: #000000;\">En la actualidad, el municipio de la Bisbal del Pened\u00e8s cuenta con un servicio de bus urbano con las siguientes caracter\u00edsticas:<\/span><\/p>\n<ul>\n<li><span style=\"color: #000000;\"><strong>Servicio regular de dos l\u00edneas<\/strong> \u2013 y por lo tanto dos veh\u00edculos-que conectan todas las urbanizaciones con el n\u00facleo urbano, coordinadas con la entrada y la salida del Instituto. Expediciones a las 7:30h y a las 14:45h.<\/span><\/li>\n<li><span style=\"color: #000000;\"><strong>Servicio a demanda:<\/strong> transporte desde cualquiera de las paradas del servicio regular hasta el n\u00facleo urbano entre las 9 y las 14h (con reserva previa el d\u00eda anterior).<\/span><\/li>\n<\/ul>\n<p><span style=\"color: #000000;\">Ahora, se ha aprobado un contrato menor con AMTU (Associaci\u00f3 dels Municipis per la Mobilitat i el Transportu Urb\u00e0), entidad a la que est\u00e1 asociado el Ayuntamiento de la Bisbal del Pened\u00e8s, por un importe de 13.915\u20ac (IVA incluido) con el objetivo de hacer un estudio que incluir\u00e1:<\/span><\/p>\n<p style=\"padding-left: 30px;\"><span style=\"color: #000000;\"><strong>-Asesoramiento t\u00e9cnico para la definici\u00f3n del nuevo servicio de Transporte p\u00fablico:<\/strong> estudio de demanda, ingresos y costes del servicio.<\/span><\/p>\n<p style=\"padding-left: 30px;\"><span style=\"color: #000000;\"><strong>-Asesoramiento t\u00e9cnico para la licitaci\u00f3n del servicio:<\/strong> realizaci\u00f3n del Pliego T\u00e9cnico, propuesta del Pliego Administrativo, justificaci\u00f3n del VEC, informe de necesidades y monitoreo del proceso de licitaci\u00f3n (respuestas a las preguntas de los licitadores y preparaci\u00f3n de los informes de adjudicaci\u00f3n).<\/span><\/p>\n<p>&nbsp;<\/p>\n","protected":false},"excerpt":{"rendered":"<p>La Junta de Govern del 25 de maig de 2020\u00a0va aprovar\u00a0un contracte menor per al servei d\u2019assist\u00e8ncia t\u00e8cnica per a la licitaci\u00f3 del servei de transport urb\u00e0, ja que el &hellip; <a href=\"https:\/\/bisbalpenedes.com\/web\/2020\/06\/01\/saprova-un-contracte-menor-per-estudiar-quina-es-lopcio-de-transport-public-urba-mes-adequada-per-a-la-bisbal\/\" class=\"more-link\">Read More<\/a><\/p>\n","protected":false},"author":4,"featured_media":7858,"comment_status":"closed","ping_status":"closed","sticky":false,"template":"","format":"standard","meta":[],"categories":[3859],"tags":[727,393,825],"_links":{"self":[{"href":"https:\/\/bisbalpenedes.com\/web\/wp-json\/wp\/v2\/posts\/13689"}],"collection":[{"href":"https:\/\/bisbalpenedes.com\/web\/wp-json\/wp\/v2\/posts"}],"about":[{"href":"https:\/\/bisbalpenedes.com\/web\/wp-json\/wp\/v2\/types\/post"}],"author":[{"embeddable":true,"href":"https:\/\/bisbalpenedes.com\/web\/wp-json\/wp\/v2\/users\/4"}],"replies":[{"embeddable":true,"href":"https:\/\/bisbalpenedes.com\/web\/wp-json\/wp\/v2\/comments?post=13689"}],"version-history":[{"count":1,"href":"https:\/\/bisbalpenedes.com\/web\/wp-json\/wp\/v2\/posts\/13689\/revisions"}],"predecessor-version":[{"id":13690,"href":"https:\/\/bisbalpenedes.com\/web\/wp-json\/wp\/v2\/posts\/13689\/revisions\/13690"}],"wp:featuredmedia":[{"embeddable":true,"href":"https:\/\/bisbalpenedes.com\/web\/wp-json\/wp\/v2\/media\/7858"}],"wp:attachment":[{"href":"https:\/\/bisbalpenedes.com\/web\/wp-json\/wp\/v2\/media?parent=13689"}],"wp:term":[{"taxonomy":"category","embeddable":true,"href":"https:\/\/bisbalpenedes.com\/web\/wp-json\/wp\/v2\/categories?post=13689"},{"taxonomy":"post_tag","embeddable":true,"href":"https:\/\/bisbalpenedes.com\/web\/wp-json\/wp\/v2\/tags?post=13689"}],"curies":[{"name":"wp","href":"https:\/\/api.w.org\/{rel}","templated":true}]}}