{"id":13676,"date":"2020-05-29T17:37:33","date_gmt":"2020-05-29T16:37:33","guid":{"rendered":"http:\/\/bisbalpenedes.com\/web\/?p=13676"},"modified":"2020-05-29T17:37:33","modified_gmt":"2020-05-29T16:37:33","slug":"ja-ha-sortit-al-carrer-ledicio-dels-mesos-de-maig-i-juny-de-la-revista-municipal-torre-de-guaita","status":"publish","type":"post","link":"https:\/\/bisbalpenedes.com\/web\/2020\/05\/29\/ja-ha-sortit-al-carrer-ledicio-dels-mesos-de-maig-i-juny-de-la-revista-municipal-torre-de-guaita\/","title":{"rendered":"Ja ha sortit al carrer l&#8217;edici\u00f3 dels mesos de maig i juny de la revista municipal Torre de Guaita"},"content":{"rendered":"<div class=\"\" data-block=\"true\" data-editor=\"cckao\" data-offset-key=\"dsc46-0-0\">\n<div class=\"_1mf _1mj\" style=\"text-align: justify;\" data-offset-key=\"dsc46-0-0\"><a href=\"https:\/\/bisbalpenedes.com\/web\/wp-content\/uploads\/2020\/05\/TorreDeGuaita-2020-05.pdf\"><img loading=\"lazy\" class=\"aligncenter wp-image-13677 size-medium\" src=\"http:\/\/bisbalpenedes.com\/web\/wp-content\/uploads\/2020\/05\/TorreDeGuaita-2020-05_page-0001-212x300.jpg\" alt=\"TorreDeGuaita 2020-05_page-0001\" width=\"212\" height=\"300\" srcset=\"https:\/\/bisbalpenedes.com\/web\/wp-content\/uploads\/2020\/05\/TorreDeGuaita-2020-05_page-0001-212x300.jpg 212w, https:\/\/bisbalpenedes.com\/web\/wp-content\/uploads\/2020\/05\/TorreDeGuaita-2020-05_page-0001-600x848.jpg 600w, https:\/\/bisbalpenedes.com\/web\/wp-content\/uploads\/2020\/05\/TorreDeGuaita-2020-05_page-0001-768x1085.jpg 768w, https:\/\/bisbalpenedes.com\/web\/wp-content\/uploads\/2020\/05\/TorreDeGuaita-2020-05_page-0001-725x1024.jpg 725w, https:\/\/bisbalpenedes.com\/web\/wp-content\/uploads\/2020\/05\/TorreDeGuaita-2020-05_page-0001.jpg 1241w\" sizes=\"(max-width: 212px) 100vw, 212px\" \/><\/a><\/div>\n<div class=\"_1mf _1mj\" style=\"text-align: justify;\" data-offset-key=\"dsc46-0-0\"><span style=\"color: #000000;\" data-offset-key=\"dsc46-0-0\">Ja s&#8217;ha publicat l&#8217;edici\u00f3 dels mesos de maig i juny de 2020 de la revista municipal Torre de Guaita. Avui divendres s&#8217;ha comen\u00e7at a repartir l&#8217;edici\u00f3 en paper i tamb\u00e9 la del n\u00famero anterior que, per causa de la pand\u00e8mia de Covid-19, no es va poder repartir.<\/span><\/div>\n<\/div>\n<div class=\"\" style=\"text-align: justify;\" data-block=\"true\" data-editor=\"cckao\" data-offset-key=\"ofcq-0-0\">\n<div class=\"_1mf _1mj\" data-offset-key=\"ofcq-0-0\"><span style=\"color: #000000;\" data-offset-key=\"ofcq-2-0\">Us podeu descarregar la revista en format digital\u00a0aqu\u00ed:\u00a0<a href=\"http:\/\/bisbalpenedes.com\/web\/wp-content\/uploads\/2020\/05\/TorreDeGuaita-2020-05.pdf\" target=\"_blank\">http:\/\/bisbalpenedes.com\/web\/wp-content\/uploads\/2020\/05\/TorreDeGuaita-2020-05.pdf<\/a><\/span><\/div>\n<\/div>\n<div class=\"\" style=\"text-align: justify;\" data-block=\"true\" data-editor=\"cckao\" data-offset-key=\"ct0ou-0-0\">\n<div class=\"_1mf _1mj\" data-offset-key=\"ct0ou-0-0\">\n<hr \/>\n<\/div>\n<\/div>\n<div class=\"\" style=\"text-align: justify;\" data-block=\"true\" data-editor=\"cckao\" data-offset-key=\"eo1sg-0-0\">\n<div class=\"_1mf _1mj\" data-offset-key=\"eo1sg-0-0\"><span style=\"color: #000000;\"><strong>CASTELLANO |<\/strong> Ya se ha publicado la edici\u00f3n de los meses de mayo y junio de 2020 de la revista municipal Torre de Guaita. Hoy viernes se ha empezado a repartir la edici\u00f3n en papel y tambi\u00e9n la del n\u00famero anterior que, a causa de la pandemia de Covid-19, no se hab\u00eda podido repartir.<\/span><\/div>\n<\/div>\n<div class=\"\" data-block=\"true\" data-editor=\"cckao\" data-offset-key=\"6cd4l-0-0\">\n<div class=\"_1mf _1mj\" style=\"text-align: justify;\" data-offset-key=\"6cd4l-0-0\"><span style=\"color: #000000;\" data-offset-key=\"6cd4l-2-0\">Os pod\u00e9is descargar la revista en formato digital,\u00a0aqu\u00ed:\u00a0<a href=\"http:\/\/bisbalpenedes.com\/web\/wp-content\/uploads\/2020\/05\/TorreDeGuaita-2020-05.pdf\" target=\"_blank\">http:\/\/bisbalpenedes.com\/web\/wp-content\/uploads\/2020\/05\/TorreDeGuaita-2020-05.pdf<\/a><\/span><\/div>\n<\/div>\n<div class=\"_1mf _1mj\" style=\"text-align: justify;\" data-offset-key=\"6cd4l-0-0\"><\/div>\n<div class=\"_1mf _1mj\" style=\"text-align: justify;\" data-offset-key=\"6cd4l-0-0\"><\/div>\n<div class=\"\" data-block=\"true\" data-editor=\"cckao\" data-offset-key=\"6cd4l-0-0\">\n<div class=\"_1mf _1mj\" style=\"text-align: justify;\" data-offset-key=\"6cd4l-0-0\"><\/div>\n<div class=\"_1mf _1mj\" style=\"text-align: justify;\" data-offset-key=\"6cd4l-0-0\"><\/div>\n<\/div>\n","protected":false},"excerpt":{"rendered":"<p>Ja s&#8217;ha publicat l&#8217;edici\u00f3 dels mesos de maig i juny de 2020 de la revista municipal Torre de Guaita. Avui divendres s&#8217;ha comen\u00e7at a repartir l&#8217;edici\u00f3 en paper i tamb\u00e9 &hellip; <a href=\"https:\/\/bisbalpenedes.com\/web\/2020\/05\/29\/ja-ha-sortit-al-carrer-ledicio-dels-mesos-de-maig-i-juny-de-la-revista-municipal-torre-de-guaita\/\" class=\"more-link\">Read More<\/a><\/p>\n","protected":false},"author":4,"featured_media":13677,"comment_status":"closed","ping_status":"closed","sticky":false,"template":"","format":"standard","meta":[],"categories":[8,2607],"tags":[2609,2608],"_links":{"self":[{"href":"https:\/\/bisbalpenedes.com\/web\/wp-json\/wp\/v2\/posts\/13676"}],"collection":[{"href":"https:\/\/bisbalpenedes.com\/web\/wp-json\/wp\/v2\/posts"}],"about":[{"href":"https:\/\/bisbalpenedes.com\/web\/wp-json\/wp\/v2\/types\/post"}],"author":[{"embeddable":true,"href":"https:\/\/bisbalpenedes.com\/web\/wp-json\/wp\/v2\/users\/4"}],"replies":[{"embeddable":true,"href":"https:\/\/bisbalpenedes.com\/web\/wp-json\/wp\/v2\/comments?post=13676"}],"version-history":[{"count":1,"href":"https:\/\/bisbalpenedes.com\/web\/wp-json\/wp\/v2\/posts\/13676\/revisions"}],"predecessor-version":[{"id":13678,"href":"https:\/\/bisbalpenedes.com\/web\/wp-json\/wp\/v2\/posts\/13676\/revisions\/13678"}],"wp:featuredmedia":[{"embeddable":true,"href":"https:\/\/bisbalpenedes.com\/web\/wp-json\/wp\/v2\/media\/13677"}],"wp:attachment":[{"href":"https:\/\/bisbalpenedes.com\/web\/wp-json\/wp\/v2\/media?parent=13676"}],"wp:term":[{"taxonomy":"category","embeddable":true,"href":"https:\/\/bisbalpenedes.com\/web\/wp-json\/wp\/v2\/categories?post=13676"},{"taxonomy":"post_tag","embeddable":true,"href":"https:\/\/bisbalpenedes.com\/web\/wp-json\/wp\/v2\/tags?post=13676"}],"curies":[{"name":"wp","href":"https:\/\/api.w.org\/{rel}","templated":true}]}}