{"id":13666,"date":"2020-05-29T11:02:39","date_gmt":"2020-05-29T10:02:39","guid":{"rendered":"http:\/\/bisbalpenedes.com\/web\/?p=13666"},"modified":"2020-05-29T11:03:52","modified_gmt":"2020-05-29T10:03:52","slug":"la-biblioteca-publica-reobrira-l1-de-juny-amb-serveis-presencials-restringits","status":"publish","type":"post","link":"https:\/\/bisbalpenedes.com\/web\/2020\/05\/29\/la-biblioteca-publica-reobrira-l1-de-juny-amb-serveis-presencials-restringits\/","title":{"rendered":"La Biblioteca p\u00fablica reobrir\u00e0 l\u20191 de juny amb serveis presencials restringits"},"content":{"rendered":"<p style=\"text-align: justify;\"><span style=\"color: #000000;\">A partir d&#8217;aquest dilluns 1 de juny la Biblioteca tornar\u00e0 a obrir les seves portes. Donada la situaci\u00f3 d\u2019excepcionalitat, la reobertura ser\u00e0 progressiva i seguint tot un seguit de mesures de seguretat, com podeu veure als cartells adjunts. En aquesta primera fase, l\u2019obertura de la biblioteca ser\u00e0 exclusivament per a la recollida dels documents sol\u00b7licitats pr\u00e8viament i no es podr\u00e0 accedir en cap cas a la col\u00b7lecci\u00f3 de documents ni utilitzar els espais de la biblioteca. Tampoc es permetr\u00e0 l\u2019\u00fas dels ordinadors p\u00fablics ni altres dispositius. Us anirem informant de les novetats a la p\u00e0gina web i xarxes socials. Per qualsevol dubte o aclariment podeu contactar amb nosaltres a trav\u00e9s del tel\u00e8fon 601900588 o per correu electr\u00f2nic biblioteca@bisbalpenedes.com.<\/span><\/p>\n<hr \/>\n<p style=\"text-align: justify;\"><span style=\"color: #000000;\"><strong>CASTELLANO |<\/strong> A partir de este lunes 1 de junio la Biblioteca volver\u00e1 a abrir sus puertas. Dada la situaci\u00f3n de excepcionalidad, la reapertura ser\u00e1 progresiva y siguiendo varias medidas de seguridad, como pod\u00e9is ver en los carteles adjuntos. En esta primera fase, la apertura de la Biblioteca ser\u00e1 exclusivamente para la recogida de los documentos solicitados previamente y no se podr\u00e1 acceder en ning\u00fan caso a la colecci\u00f3n de documentos ni utilizar los espacios de la Biblioteca. Tampoco se permitir\u00e1 el uso de los ordenadores p\u00fablicos ni otros dispositivos. Para cualquier duda o aclaraci\u00f3n pod\u00e9is contactar con la Biblioteca a trav\u00e9s del tel\u00e9fono 601900588 o el correo electr\u00f3nico biblioteca@bisbalpenedes.com<\/span><\/p>\n<p style=\"text-align: justify;\"><a href=\"http:\/\/bisbalpenedes.com\/web\/wp-content\/uploads\/2020\/05\/REOBERTUR-BIBLIO-3.png\"><img loading=\"lazy\" class=\"aligncenter size-full wp-image-13667\" src=\"http:\/\/bisbalpenedes.com\/web\/wp-content\/uploads\/2020\/05\/REOBERTUR-BIBLIO-3.png\" alt=\"REOBERTUR BIBLIO 3\" width=\"940\" height=\"788\" srcset=\"https:\/\/bisbalpenedes.com\/web\/wp-content\/uploads\/2020\/05\/REOBERTUR-BIBLIO-3.png 940w, https:\/\/bisbalpenedes.com\/web\/wp-content\/uploads\/2020\/05\/REOBERTUR-BIBLIO-3-600x503.png 600w, https:\/\/bisbalpenedes.com\/web\/wp-content\/uploads\/2020\/05\/REOBERTUR-BIBLIO-3-300x251.png 300w, https:\/\/bisbalpenedes.com\/web\/wp-content\/uploads\/2020\/05\/REOBERTUR-BIBLIO-3-768x644.png 768w\" sizes=\"(max-width: 940px) 100vw, 940px\" \/><\/a> <a href=\"http:\/\/bisbalpenedes.com\/web\/wp-content\/uploads\/2020\/05\/REOBERTURA-BIBLIO-1.png\"><img loading=\"lazy\" class=\"aligncenter size-full wp-image-13668\" src=\"http:\/\/bisbalpenedes.com\/web\/wp-content\/uploads\/2020\/05\/REOBERTURA-BIBLIO-1.png\" alt=\"REOBERTURA BIBLIO 1\" width=\"940\" height=\"788\" srcset=\"https:\/\/bisbalpenedes.com\/web\/wp-content\/uploads\/2020\/05\/REOBERTURA-BIBLIO-1.png 940w, https:\/\/bisbalpenedes.com\/web\/wp-content\/uploads\/2020\/05\/REOBERTURA-BIBLIO-1-600x503.png 600w, https:\/\/bisbalpenedes.com\/web\/wp-content\/uploads\/2020\/05\/REOBERTURA-BIBLIO-1-300x251.png 300w, https:\/\/bisbalpenedes.com\/web\/wp-content\/uploads\/2020\/05\/REOBERTURA-BIBLIO-1-768x644.png 768w\" sizes=\"(max-width: 940px) 100vw, 940px\" \/><\/a> <a href=\"http:\/\/bisbalpenedes.com\/web\/wp-content\/uploads\/2020\/05\/REOBERTURA-BIBLIO-2.png\"><img loading=\"lazy\" class=\"aligncenter size-full wp-image-13669\" src=\"http:\/\/bisbalpenedes.com\/web\/wp-content\/uploads\/2020\/05\/REOBERTURA-BIBLIO-2.png\" alt=\"REOBERTURA BIBLIO 2\" width=\"940\" height=\"788\" srcset=\"https:\/\/bisbalpenedes.com\/web\/wp-content\/uploads\/2020\/05\/REOBERTURA-BIBLIO-2.png 940w, https:\/\/bisbalpenedes.com\/web\/wp-content\/uploads\/2020\/05\/REOBERTURA-BIBLIO-2-600x503.png 600w, https:\/\/bisbalpenedes.com\/web\/wp-content\/uploads\/2020\/05\/REOBERTURA-BIBLIO-2-300x251.png 300w, https:\/\/bisbalpenedes.com\/web\/wp-content\/uploads\/2020\/05\/REOBERTURA-BIBLIO-2-768x644.png 768w\" sizes=\"(max-width: 940px) 100vw, 940px\" \/><\/a><\/p>\n","protected":false},"excerpt":{"rendered":"<p>A partir d&#8217;aquest dilluns 1 de juny la Biblioteca tornar\u00e0 a obrir les seves portes. Donada la situaci\u00f3 d\u2019excepcionalitat, la reobertura ser\u00e0 progressiva i seguint tot un seguit de mesures &hellip; <a href=\"https:\/\/bisbalpenedes.com\/web\/2020\/05\/29\/la-biblioteca-publica-reobrira-l1-de-juny-amb-serveis-presencials-restringits\/\" class=\"more-link\">Read More<\/a><\/p>\n","protected":false},"author":4,"featured_media":13668,"comment_status":"closed","ping_status":"closed","sticky":false,"template":"","format":"standard","meta":[],"categories":[2478,13,8],"tags":[180,3856,3854,3275,148,3855,3769],"_links":{"self":[{"href":"https:\/\/bisbalpenedes.com\/web\/wp-json\/wp\/v2\/posts\/13666"}],"collection":[{"href":"https:\/\/bisbalpenedes.com\/web\/wp-json\/wp\/v2\/posts"}],"about":[{"href":"https:\/\/bisbalpenedes.com\/web\/wp-json\/wp\/v2\/types\/post"}],"author":[{"embeddable":true,"href":"https:\/\/bisbalpenedes.com\/web\/wp-json\/wp\/v2\/users\/4"}],"replies":[{"embeddable":true,"href":"https:\/\/bisbalpenedes.com\/web\/wp-json\/wp\/v2\/comments?post=13666"}],"version-history":[{"count":2,"href":"https:\/\/bisbalpenedes.com\/web\/wp-json\/wp\/v2\/posts\/13666\/revisions"}],"predecessor-version":[{"id":13671,"href":"https:\/\/bisbalpenedes.com\/web\/wp-json\/wp\/v2\/posts\/13666\/revisions\/13671"}],"wp:featuredmedia":[{"embeddable":true,"href":"https:\/\/bisbalpenedes.com\/web\/wp-json\/wp\/v2\/media\/13668"}],"wp:attachment":[{"href":"https:\/\/bisbalpenedes.com\/web\/wp-json\/wp\/v2\/media?parent=13666"}],"wp:term":[{"taxonomy":"category","embeddable":true,"href":"https:\/\/bisbalpenedes.com\/web\/wp-json\/wp\/v2\/categories?post=13666"},{"taxonomy":"post_tag","embeddable":true,"href":"https:\/\/bisbalpenedes.com\/web\/wp-json\/wp\/v2\/tags?post=13666"}],"curies":[{"name":"wp","href":"https:\/\/api.w.org\/{rel}","templated":true}]}}