{"id":13653,"date":"2020-05-28T10:27:25","date_gmt":"2020-05-28T09:27:25","guid":{"rendered":"http:\/\/bisbalpenedes.com\/web\/?p=13653"},"modified":"2020-05-28T10:28:34","modified_gmt":"2020-05-28T09:28:34","slug":"avui-dijous-28-de-maig-sobre-la-convocatoria-de-les-subvencions-per-al-pagament-de-lloguer-de-la-generalitat-de-catalunya","status":"publish","type":"post","link":"https:\/\/bisbalpenedes.com\/web\/2020\/05\/28\/avui-dijous-28-de-maig-sobre-la-convocatoria-de-les-subvencions-per-al-pagament-de-lloguer-de-la-generalitat-de-catalunya\/","title":{"rendered":"Avui dijous 28 de maig s\u2019obre la convocat\u00f2ria de dues subvencions per al pagament de lloguer de la Generalitat de Catalunya"},"content":{"rendered":"<p style=\"text-align: justify;\"><span style=\"color: #000000;\">La Regidoria de Benestar Social us informa que s\u2019ha obert la convocat\u00f2ria per a la concessi\u00f3 de subvencions de l\u2019Ag\u00e8ncia de l\u2019Habitatge de Catalunya (Generalitat de Catalunya) per al pagament del lloguer.<\/span><\/p>\n<p style=\"text-align: justify;\"><span style=\"color: #000000;\"><strong>SUBVENCIONS PER AL PAGAMENT DEL LLOGUER -ANY 2020<\/strong><\/span><\/p>\n<p style=\"text-align: justify;\"><span style=\"color: #000000;\">D\u2019una banda, s\u2019obre la convocat\u00f2ria per a la concessi\u00f3, en r\u00e8gim de concurr\u00e8ncia competitiva, de les subvencions per al pagament del lloguer per a l\u2019any 2020.<\/span><\/p>\n<p style=\"text-align: justify;\"><span style=\"color: #000000;\">El termini de presentaci\u00f3 de sol\u00b7licituds s\u2019inicia avui dijous 28 de maig de 2020 i finalitza el 3 de juliol de 2020.<\/span><\/p>\n<p style=\"text-align: justify;\"><span style=\"color: #000000;\">Podeu consultar les bases en aquest enlla\u00e7:<\/span> <a href=\"https:\/\/docs.gestionaweb.cat\/1942\/1794029-1266643.pdf\">https:\/\/docs.gestionaweb.cat\/1942\/1794029-1266643.pdf<\/a><\/p>\n<p style=\"text-align: justify;\"><span style=\"color: #000000;\"><strong>SUBVENCIONS PER AL PAGAMENT DEL LLOGUER PER A PERSONES GRANS \u2013 ANY 2020<\/strong><\/span><\/p>\n<p style=\"text-align: justify;\"><span style=\"color: #000000;\">D\u2019altra banda, aquest dijous 28 de maig tamb\u00e9 s\u2019obre la convocat\u00f2ria per a la concessi\u00f3 en r\u00e8gim de concurr\u00e8ncia competitiva, de les subvencions per al pagament del lloguer per a persones grans corresponent a l\u2019any 2020.<\/span><\/p>\n<p style=\"text-align: justify;\"><span style=\"color: #000000;\">El termini de presentaci\u00f3 de sol\u00b7licituds s\u2019inicia avui dijous 28 de maig de 2020 i finalitza el 3 de juliol de 2020.<\/span><\/p>\n<p style=\"text-align: justify;\"><span style=\"color: #000000;\">Podeu consultar les bases en aquest enlla\u00e7:<\/span><\/p>\n<p style=\"text-align: justify;\"><a href=\"https:\/\/portaldogc.gencat.cat\/utilsEADOP\/PDF\/8083\/1788685.pdf\">https:\/\/portaldogc.gencat.cat\/utilsEADOP\/PDF\/8083\/1788685.pdf<\/a><\/p>\n<p style=\"text-align: justify;\"><span style=\"color: #000000;\"><strong>AJUTS PER CONTRIBUIR A MINIMITZAR L\u2019IMPACTE ECON\u00d2MIC I SOCIAL DE LA COVID 19 EN ELS LLOGUERS DE L\u2019HABITATGE HABITUAL<\/strong><\/span><\/p>\n<p style=\"text-align: justify;\"><span style=\"color: #000000;\">Des del passat 19 de maig i fins al 30 de setembre de 2020 podeu sol\u00b7licitar, tamb\u00e9, els ajuts per contribuir a minimitzar l\u2019impacte econ\u00f2mic i social de la Covid-19 en els lloguers de l\u2019habitatge habitual.<\/span><\/p>\n<p style=\"text-align: justify;\"><span style=\"color: #000000;\">Trobareu tota la informaci\u00f3 en aquest enlla\u00e7:<\/span><\/p>\n<p style=\"text-align: justify;\"><a href=\"https:\/\/dogc.gencat.cat\/ca\/pdogc_canals_interns\/pdogc_resultats_fitxa\/?action=fitxa&amp;documentId=873413\">https:\/\/dogc.gencat.cat\/ca\/pdogc_canals_interns\/pdogc_resultats_fitxa\/?action=fitxa&amp;documentId=873413<\/a><\/p>\n<p style=\"text-align: justify;\"><span style=\"color: #000000;\"><strong>M\u00c9S INFORMACI\u00d3:<\/strong><\/span><\/p>\n<p style=\"text-align: justify;\"><span style=\"color: #000000;\">Per a m\u00e9s informaci\u00f3 tamb\u00e9 podeu accedir al web<\/span>: <a href=\"http:\/\/agenciahabitatge.gencat.cat\">http:\/\/agenciahabitatge.gencat.cat<\/a><\/p>\n<p style=\"text-align: justify;\"><span style=\"color: #000000;\">Tamb\u00e9 podeu accedir a al guia de mesures sobre habitatge davant l&#8217;emerg\u00e8ncia sanit\u00e0ria provocada per la Covid-19, aqu\u00ed:\u00a0<\/span><a href=\"http:\/\/agenciahabitatge.gencat.cat\/wps\/wcm\/connect\/0f1440f3-826f-45af-9c50-8cea371223e3\/Guia+AHC+COVID19.pdf?MOD=AJPERES&amp;fbclid=IwAR1uipmvHqriclKkGoZ68CuaxgJJKeQ85J2WDloxJmTmrQEuxWKxOe8A2HU\" target=\"_blank\">http:\/\/agenciahabitatge.gencat.cat\/wps\/wcm\/connect\/0f1440f3-826f-45af-9c50-8cea371223e3\/Guia+AHC+COVID19.pdf?MOD=AJPERES&amp;fbclid=IwAR1uipmvHqriclKkGoZ68CuaxgJJKeQ85J2WDloxJmTmrQEuxWKxOe8A2HU<\/a><\/p>\n<hr \/>\n<p style=\"text-align: justify;\"><span style=\"color: #000000;\"><strong>CASTELLANO |<\/strong> La Concejal\u00eda de Bienestar Social os informa de que se ha abierto la convocatoria para la concesi\u00f3n de subvenciones de la Ag\u00e8ncia de l\u2019Habitatge de Catalunya (Generalitat de Catalunya) para el pago del alquiler.<\/span><\/p>\n<p style=\"text-align: justify;\"><span style=\"color: #000000;\"><strong>SUBVENCIONES PARA EL PAGO DEL ALQUILER \u2013 A\u00d1O 2020<\/strong><\/span><\/p>\n<p style=\"text-align: justify;\"><span style=\"color: #000000;\">Por un lado, se abre la convocatoria para la concesi\u00f3n, en r\u00e9gimen de concurrencia competitiva, de las subvenciones para el pago del alquiler para el a\u00f1o 2020.<\/span><\/p>\n<p style=\"text-align: justify;\"><span style=\"color: #000000;\">El plazo de presentaci\u00f3n de solicitudes se inicia hoy jueves 28 de mayo de 2020 y finaliza el 3 de julio de 2020.<\/span><\/p>\n<p style=\"text-align: justify;\"><span style=\"color: #000000;\">Pod\u00e9is consultar las bases en este enlace:<\/span> <a href=\"https:\/\/docs.gestionaweb.cat\/1942\/1794029-1266643.pdf\">https:\/\/docs.gestionaweb.cat\/1942\/1794029-1266643.pdf<\/a><\/p>\n<p style=\"text-align: justify;\"><span style=\"color: #000000;\"><strong>SUBVENCIONES PARA EL PAGO DEL ALQUILER PARA PERSONAS MAYORES \u2013 A\u00d1O 2020<\/strong><\/span><\/p>\n<p style=\"text-align: justify;\"><span style=\"color: #000000;\">Por otro lado, este jueves 28 de mayo tambi\u00e9n se abre la convocatoria para la concesi\u00f3n, en r\u00e9gimen de concurrencia competitiva, de las subvenciones para el pago del alquiler para personas mayores correspondiente al a\u00f1o 2020.<\/span><\/p>\n<p style=\"text-align: justify;\"><span style=\"color: #000000;\">El plazo de presentaci\u00f3n de solicitudes se inicia hoy jueves 28 de mayo de 2020 y finaliza el 3 de julio de 2020.<\/span><\/p>\n<p style=\"text-align: justify;\"><span style=\"color: #000000;\">Pod\u00e9is consultar las bases en este enlace:<\/span> <a href=\"https:\/\/portaldogc.gencat.cat\/utilsEADOP\/PDF\/8083\/1788685.pdf\">https:\/\/portaldogc.gencat.cat\/utilsEADOP\/PDF\/8083\/1788685.pdf<\/a><\/p>\n<p style=\"text-align: justify;\"><span style=\"color: #000000;\"><strong>AYUDAS PARA CONTRIBUIR A MINIMIZAR EL IMPACTO ECON\u00d3MICO Y SOCIAL DE LA COVID-19 EN LOS ALQUILERES DE LA VIVIENDA HABITUAL<\/strong><\/span><\/p>\n<p style=\"text-align: justify;\"><span style=\"color: #000000;\">Desde el pasado 19 de mayo y hasta el 30 de septiembre de 2020 pod\u00e9is solicitar, tambi\u00e9n, las ayudas para contribuir a minimizar el impacto econ\u00f3mico y social de la Covid-19 en los alquileres de la vivienda habitual.<\/span><\/p>\n<p style=\"text-align: justify;\"><span style=\"color: #000000;\">Encontrar\u00e9is toda la informaci\u00f3n en este enlace:<\/span><\/p>\n<p style=\"text-align: justify;\"><a href=\"https:\/\/dogc.gencat.cat\/ca\/pdogc_canals_interns\/pdogc_resultats_fitxa\/?action=fitxa&amp;documentId=873413\">https:\/\/dogc.gencat.cat\/ca\/pdogc_canals_interns\/pdogc_resultats_fitxa\/?action=fitxa&amp;documentId=873413<\/a><\/p>\n<p style=\"text-align: justify;\"><span style=\"color: #000000;\"><strong>M\u00c1S INFORMACI\u00d3N:<\/strong><\/span><\/p>\n<p style=\"text-align: justify;\"><span style=\"color: #000000;\">Para m\u00e1s informaci\u00f3n tambi\u00e9n pod\u00e9is acceder a la web:<\/span> <a href=\"http:\/\/agenciahabitatge.gencat.cat\">http:\/\/agenciahabitatge.gencat.cat<\/a><\/p>\n<p style=\"text-align: justify;\"><span style=\"color: #000000;\">Tambi\u00e9n pod\u00e9is acceder a la gu\u00eda de medidas sobre la vivienda ante la emergencia sanitaria provocada por la Covid-19, aqu\u00ed:\u00a0<\/span><a href=\"http:\/\/agenciahabitatge.gencat.cat\/wps\/wcm\/connect\/0f1440f3-826f-45af-9c50-8cea371223e3\/Guia+AHC+COVID19.pdf?MOD=AJPERES&amp;fbclid=IwAR1uipmvHqriclKkGoZ68CuaxgJJKeQ85J2WDloxJmTmrQEuxWKxOe8A2HU\" target=\"_blank\">http:\/\/agenciahabitatge.gencat.cat\/wps\/wcm\/connect\/0f1440f3-826f-45af-9c50-8cea371223e3\/Guia+AHC+COVID19.pdf?MOD=AJPERES&amp;fbclid=IwAR1uipmvHqriclKkGoZ68CuaxgJJKeQ85J2WDloxJmTmrQEuxWKxOe8A2HU<\/a><\/p>\n","protected":false},"excerpt":{"rendered":"<p>La Regidoria de Benestar Social us informa que s\u2019ha obert la convocat\u00f2ria per a la concessi\u00f3 de subvencions de l\u2019Ag\u00e8ncia de l\u2019Habitatge de Catalunya (Generalitat de Catalunya) per al pagament &hellip; <a href=\"https:\/\/bisbalpenedes.com\/web\/2020\/05\/28\/avui-dijous-28-de-maig-sobre-la-convocatoria-de-les-subvencions-per-al-pagament-de-lloguer-de-la-generalitat-de-catalunya\/\" class=\"more-link\">Read More<\/a><\/p>\n","protected":false},"author":4,"featured_media":13654,"comment_status":"closed","ping_status":"closed","sticky":false,"template":"","format":"standard","meta":[],"categories":[3851,8],"tags":[3780,259,305,3852,102],"_links":{"self":[{"href":"https:\/\/bisbalpenedes.com\/web\/wp-json\/wp\/v2\/posts\/13653"}],"collection":[{"href":"https:\/\/bisbalpenedes.com\/web\/wp-json\/wp\/v2\/posts"}],"about":[{"href":"https:\/\/bisbalpenedes.com\/web\/wp-json\/wp\/v2\/types\/post"}],"author":[{"embeddable":true,"href":"https:\/\/bisbalpenedes.com\/web\/wp-json\/wp\/v2\/users\/4"}],"replies":[{"embeddable":true,"href":"https:\/\/bisbalpenedes.com\/web\/wp-json\/wp\/v2\/comments?post=13653"}],"version-history":[{"count":3,"href":"https:\/\/bisbalpenedes.com\/web\/wp-json\/wp\/v2\/posts\/13653\/revisions"}],"predecessor-version":[{"id":13657,"href":"https:\/\/bisbalpenedes.com\/web\/wp-json\/wp\/v2\/posts\/13653\/revisions\/13657"}],"wp:featuredmedia":[{"embeddable":true,"href":"https:\/\/bisbalpenedes.com\/web\/wp-json\/wp\/v2\/media\/13654"}],"wp:attachment":[{"href":"https:\/\/bisbalpenedes.com\/web\/wp-json\/wp\/v2\/media?parent=13653"}],"wp:term":[{"taxonomy":"category","embeddable":true,"href":"https:\/\/bisbalpenedes.com\/web\/wp-json\/wp\/v2\/categories?post=13653"},{"taxonomy":"post_tag","embeddable":true,"href":"https:\/\/bisbalpenedes.com\/web\/wp-json\/wp\/v2\/tags?post=13653"}],"curies":[{"name":"wp","href":"https:\/\/api.w.org\/{rel}","templated":true}]}}