{"id":13644,"date":"2020-05-28T08:19:24","date_gmt":"2020-05-28T07:19:24","guid":{"rendered":"http:\/\/bisbalpenedes.com\/web\/?p=13644"},"modified":"2020-05-28T08:46:05","modified_gmt":"2020-05-28T07:46:05","slug":"saprova-inicialment-el-projecte-dampliacio-i-remodelacio-del-local-social-de-can-gordei","status":"publish","type":"post","link":"https:\/\/bisbalpenedes.com\/web\/2020\/05\/28\/saprova-inicialment-el-projecte-dampliacio-i-remodelacio-del-local-social-de-can-gordei\/","title":{"rendered":"S\u2019aprova inicialment el projecte d\u2019ampliaci\u00f3 i remodelaci\u00f3 del local social de Can Gordei"},"content":{"rendered":"<p style=\"text-align: center;\"><a href=\"http:\/\/bisbalpenedes.com\/web\/wp-content\/uploads\/2020\/05\/LOCAL-SOCIAL-CAN-GORDEI-1.jpg\"><img loading=\"lazy\" class=\"alignnone size-medium wp-image-13645\" src=\"http:\/\/bisbalpenedes.com\/web\/wp-content\/uploads\/2020\/05\/LOCAL-SOCIAL-CAN-GORDEI-1-300x200.jpg\" alt=\"LOCAL SOCIAL CAN GORDEI 1\" width=\"300\" height=\"200\" srcset=\"https:\/\/bisbalpenedes.com\/web\/wp-content\/uploads\/2020\/05\/LOCAL-SOCIAL-CAN-GORDEI-1-300x200.jpg 300w, https:\/\/bisbalpenedes.com\/web\/wp-content\/uploads\/2020\/05\/LOCAL-SOCIAL-CAN-GORDEI-1-600x400.jpg 600w, https:\/\/bisbalpenedes.com\/web\/wp-content\/uploads\/2020\/05\/LOCAL-SOCIAL-CAN-GORDEI-1-768x512.jpg 768w, https:\/\/bisbalpenedes.com\/web\/wp-content\/uploads\/2020\/05\/LOCAL-SOCIAL-CAN-GORDEI-1-1024x683.jpg 1024w\" sizes=\"(max-width: 300px) 100vw, 300px\" \/><\/a><\/p>\n<p style=\"text-align: justify;\"><span style=\"color: #000000;\">Aquest dilluns 25 de maig l\u2019Ajuntament de la Bisbal del Pened\u00e8s ha aprovat, inicialment, el projecte d\u2019ampliaci\u00f3 i remodelaci\u00f3 del local social de Can Gordei.<\/span><\/p>\n<p style=\"text-align: justify;\"><span style=\"color: #000000;\">El 16 de maig de 2019 es va aprovar, en Junta de Govern, la contractaci\u00f3 de la redacci\u00f3 dels projectes b\u00e0sics i d\u2019execuci\u00f3 de l\u2019ampliaci\u00f3 i reforma dels locals socials de les urbanitzacions del Priorat de la Bisbal, Can Gordei i l\u2019Esplai per un import de 8.315,17\u20ac (IVA incl\u00f2s). L\u2019arquitecte contractat es va reunir amb l\u2019equip de govern, l\u2019arquitecte municipal i les associacions de ve\u00efns dels tres barris per tal que cadascuna de les parts pogu\u00e9s donar la seva opini\u00f3 sobre els projectes. El mar\u00e7 de 2020 es van presentar els projectes b\u00e0sics i d\u2019execuci\u00f3 d\u2019ampliaci\u00f3 i reforma dels locals socials del Priorat i l\u2019Esplai i es van aprovar inicialment per Decret d\u2019alcaldia. Ara, s\u2019ha aprovat inicialment, en Junta de Govern, el projecte d\u2019ampliaci\u00f3 i remodelaci\u00f3 del local social de Can Gordei.<\/span><\/p>\n<p style=\"text-align: justify;\"><span style=\"color: #000000;\">Les actuacions previstes al local social de Can Gordei ascendeixen a 55.418,16\u20ac i consisteixen en ampliar el local i construir una rampa d\u2019accessibilitat.<\/span><\/p>\n<p style=\"text-align: justify;\"><span style=\"color: #000000;\">La part de l\u2019ampliaci\u00f3 del local social tindr\u00e0 un cost de 26.521,02\u20ac i el local passar\u00e0 de tenir una superf\u00edcie constru\u00efda de 193,38m2 a una superf\u00edcie constru\u00efda de 219,62m2. El canvi m\u00e9s gran \u00e9s la construcci\u00f3 de dues sales polivalents que, en un moment determinat, es podrien unir. Aquestes podran ser utilitzades per part de l\u2019Associaci\u00f3 de ve\u00efns o pel bar del local social.<\/span><\/p>\n<table>\n<tbody>\n<tr>\n<td width=\"198\"><\/td>\n<td width=\"198\"><span style=\"color: #000000;\">ACTUAL<\/span><\/td>\n<td width=\"198\"><span style=\"color: #000000;\">DESPR\u00c9S DE LES OBRES<\/span><\/td>\n<\/tr>\n<tr>\n<td width=\"198\"><span style=\"color: #000000;\">Bar<\/span><\/td>\n<td width=\"198\"><span style=\"color: #000000;\">106,59m2<\/span><\/td>\n<td width=\"198\"><span style=\"color: #000000;\">89,63m2<\/span><\/td>\n<\/tr>\n<tr>\n<td width=\"198\"><span style=\"color: #000000;\">Botiga<\/span><\/td>\n<td width=\"198\"><span style=\"color: #000000;\">28,49m2<\/span><\/td>\n<td width=\"198\"><span style=\"color: #000000;\">28,49m2<\/span><\/td>\n<\/tr>\n<tr>\n<td width=\"198\"><span style=\"color: #000000;\">Magatzem<\/span><\/td>\n<td width=\"198\"><span style=\"color: #000000;\">4,73m2<\/span><\/td>\n<td width=\"198\"><span style=\"color: #000000;\">4,73m2<\/span><\/td>\n<\/tr>\n<tr>\n<td width=\"198\"><span style=\"color: #000000;\">Despatx<\/span><\/td>\n<td width=\"198\"><span style=\"color: #000000;\">9,55m2<\/span><\/td>\n<td width=\"198\"><span style=\"color: #000000;\">9,55m2<\/span><\/td>\n<\/tr>\n<tr>\n<td width=\"198\"><span style=\"color: #000000;\">Banys<\/span><\/td>\n<td width=\"198\"><span style=\"color: #000000;\">10,20m2<\/span><\/td>\n<td width=\"198\"><span style=\"color: #000000;\">10,20m2<\/span><\/td>\n<\/tr>\n<tr>\n<td width=\"198\"><span style=\"color: #000000;\">Correus<\/span><\/td>\n<td width=\"198\"><span style=\"color: #000000;\">8,38m2<\/span><\/td>\n<td width=\"198\"><span style=\"color: #000000;\">8,38m2<\/span><\/td>\n<\/tr>\n<tr>\n<td width=\"198\"><span style=\"color: #000000;\">Porxo<\/span><\/td>\n<td width=\"198\"><span style=\"color: #000000;\">66,25m2<\/span><\/td>\n<td width=\"198\"><span style=\"color: #000000;\">43,22m2<\/span><\/td>\n<\/tr>\n<tr>\n<td width=\"198\"><span style=\"color: #000000;\">Sala polivalent 1<\/span><\/td>\n<td width=\"198\"><span style=\"color: #000000;\">&#8211;<\/span><\/td>\n<td width=\"198\"><span style=\"color: #000000;\">22,07m2<\/span><\/td>\n<\/tr>\n<tr>\n<td width=\"198\"><span style=\"color: #000000;\">Sala polivalent 2<\/span><\/td>\n<td width=\"198\"><span style=\"color: #000000;\">&#8211;<\/span><\/td>\n<td width=\"198\"><span style=\"color: #000000;\">17,20m2<\/span><\/td>\n<\/tr>\n<\/tbody>\n<\/table>\n<p style=\"text-align: justify;\"><span style=\"color: #000000;\">Quant a la rampa d\u2019accessibilitat, aquesta tindr\u00e0 un cost de 28.897,14\u20ac. En l\u2019actualitat, el local social no disposa d\u2019un pas accessible cap a la pista esportiva de la part posterior. Aix\u00ed, s\u2019hauran de fer les seg\u00fcents actuacions amb l\u2019objectiu de garantir l\u2019acc\u00e9s de tothom a la pista esportiva: \u00a0enderrocar l\u2019escala existent, fer els fonaments a la base dels murs, realitzar les parets divis\u00f2ries entre els trams de la rampa i l\u2019escala, formar els nous graons, arrebossar parets, col\u00b7locar s\u00f2col i paviment, fixar els passamans d\u2019acer inoxidable a les rampes, replans i a l\u2019escala i pintar parets.<\/span><\/p>\n<hr \/>\n<p style=\"text-align: justify;\"><span style=\"color: #000000;\"><strong>CASTELLANO |<\/strong> Este lunes 25 de mayo el Ayuntamiento de la Bisbal del Pened\u00e8s ha aprobado, inicialmente, el proyecto de ampliaci\u00f3n y remodelaci\u00f3n del local social de Can Gordei.<\/span><\/p>\n<p style=\"text-align: justify;\"><span style=\"color: #000000;\">El 16 de mayo de 2019 se aprob\u00f3, en Junta de Gobierno, la contrataci\u00f3n de la redacci\u00f3n de los proyectos b\u00e1sicos y de ejecuci\u00f3n de la ampliaci\u00f3n y reforma de los locales sociales de las urbanizaciones del Priorat de la Bisbal, Can Gordei y l\u2019Esplai por un importe de 8.315,17\u20ac (IVA incluido). El arquitecto contratado se reuni\u00f3 con el equipo de gobierno, el arquitecto municipal y las asociaciones de vecinos de los tres barrios por tal que cada una de las partes pudiese dar su opini\u00f3n sobre los proyectos. En marzo del 2020 se presentaron los proyectos b\u00e1sicos y de ejecuci\u00f3n de ampliaci\u00f3n y reforma de los locales sociales del Priorat y l\u2019Esplai y se aprobaron inicialmente por Decreto de alcald\u00eda. Ahora, se ha aprobado inicialmente, en Junta de Gobierno, el proyecto de ampliaci\u00f3n y remodelaci\u00f3n del local social de Can Gordei.<\/span><\/p>\n<p style=\"text-align: justify;\"><span style=\"color: #000000;\">Las actuaciones previstas en el local social de Can Gordei ascienden a 55.418,16\u20ac y consisten en ampliar el local y construir una rampa de accesibilidad.<\/span><\/p>\n<p style=\"text-align: justify;\"><span style=\"color: #000000;\">La parte de la ampliaci\u00f3n del local social tendr\u00e1 un coste de 26.521,02\u20ac y el local pasar\u00e1 de tener una superficie construida de 193,38m2 a una superficie construida de 219,62m2. El cambio m\u00e1s grande es la construcci\u00f3n de dos salas polivalentes que, en un momento determinado, s podr\u00edan unir. Estas podr\u00e1n ser utilizadas por parte de la Asociaci\u00f3n de vecinos o por el bar del local social.<\/span><\/p>\n<table>\n<tbody>\n<tr>\n<td width=\"198\"><\/td>\n<td width=\"198\"><span style=\"color: #000000;\">ACTUAL<\/span><\/td>\n<td width=\"198\"><span style=\"color: #000000;\">DESPU\u00c9S DE LAS OBRAS<\/span><\/td>\n<\/tr>\n<tr>\n<td width=\"198\"><span style=\"color: #000000;\">Bar<\/span><\/td>\n<td width=\"198\"><span style=\"color: #000000;\">106,59m2<\/span><\/td>\n<td width=\"198\"><span style=\"color: #000000;\">89,63m2<\/span><\/td>\n<\/tr>\n<tr>\n<td width=\"198\"><span style=\"color: #000000;\">Tienda<\/span><\/td>\n<td width=\"198\"><span style=\"color: #000000;\">28,49m2<\/span><\/td>\n<td width=\"198\"><span style=\"color: #000000;\">28,49m2<\/span><\/td>\n<\/tr>\n<tr>\n<td width=\"198\"><span style=\"color: #000000;\">Almac\u00e9n<\/span><\/td>\n<td width=\"198\"><span style=\"color: #000000;\">4,73m2<\/span><\/td>\n<td width=\"198\"><span style=\"color: #000000;\">4,73m2<\/span><\/td>\n<\/tr>\n<tr>\n<td width=\"198\"><span style=\"color: #000000;\">Despacho<\/span><\/td>\n<td width=\"198\"><span style=\"color: #000000;\">9,55m2<\/span><\/td>\n<td width=\"198\"><span style=\"color: #000000;\">9,55m2<\/span><\/td>\n<\/tr>\n<tr>\n<td width=\"198\"><span style=\"color: #000000;\">Ba\u00f1os<\/span><\/td>\n<td width=\"198\"><span style=\"color: #000000;\">10,20m2<\/span><\/td>\n<td width=\"198\"><span style=\"color: #000000;\">10,20m2<\/span><\/td>\n<\/tr>\n<tr>\n<td width=\"198\"><span style=\"color: #000000;\">Correos<\/span><\/td>\n<td width=\"198\"><span style=\"color: #000000;\">8,38m2<\/span><\/td>\n<td width=\"198\"><span style=\"color: #000000;\">8,38m2<\/span><\/td>\n<\/tr>\n<tr>\n<td width=\"198\"><span style=\"color: #000000;\">Porche<\/span><\/td>\n<td width=\"198\"><span style=\"color: #000000;\">66,25m2<\/span><\/td>\n<td width=\"198\"><span style=\"color: #000000;\">43,22m2<\/span><\/td>\n<\/tr>\n<tr>\n<td width=\"198\"><span style=\"color: #000000;\">Sala polivalente 1<\/span><\/td>\n<td width=\"198\"><span style=\"color: #000000;\">&#8211;<\/span><\/td>\n<td width=\"198\"><span style=\"color: #000000;\">22,07m2<\/span><\/td>\n<\/tr>\n<tr>\n<td width=\"198\"><span style=\"color: #000000;\">Sala polivalente 2<\/span><\/td>\n<td width=\"198\"><span style=\"color: #000000;\">&#8211;<\/span><\/td>\n<td width=\"198\"><span style=\"color: #000000;\">17,20m2<\/span><\/td>\n<\/tr>\n<\/tbody>\n<\/table>\n<p style=\"text-align: justify;\"><span style=\"color: #000000;\">En cuanto a la rampa de accesibilidad, esta tendr\u00e1 un coste de 28.897,14\u20ac. En la actualidad, el local social no dispone de un paso accesible hacia la pista deportiva de la parte posterior. As\u00ed, se tendr\u00e1n que hacer las siguientes actuaciones con el objetivo de garantizar el acceso de todo el mundo a la pista deportiva: derribar la escalera existente, hacer los cimientos en la base de los muros, realizar las paredes divisorias entre los tramos de la rampa y la escalera, formar los nuevos escalones, rebozar paredes, colocar z\u00f3calo y pavimento, fijar los pasamanos de acero inoxidable en las rampas, rellanos y escalera y pintar paredes.<\/span><\/p>\n<p style=\"text-align: justify;\"><span style=\"color: #000000;\">\u00a0<a href=\"http:\/\/bisbalpenedes.com\/web\/wp-content\/uploads\/2020\/05\/planolCanGordeiACTUAL.jpg\"><img loading=\"lazy\" class=\"aligncenter size-large wp-image-13649\" src=\"http:\/\/bisbalpenedes.com\/web\/wp-content\/uploads\/2020\/05\/planolCanGordeiACTUAL-1024x583.jpg\" alt=\"planolCanGordeiACTUAL\" width=\"630\" height=\"359\" srcset=\"https:\/\/bisbalpenedes.com\/web\/wp-content\/uploads\/2020\/05\/planolCanGordeiACTUAL-1024x583.jpg 1024w, https:\/\/bisbalpenedes.com\/web\/wp-content\/uploads\/2020\/05\/planolCanGordeiACTUAL-600x342.jpg 600w, https:\/\/bisbalpenedes.com\/web\/wp-content\/uploads\/2020\/05\/planolCanGordeiACTUAL-300x171.jpg 300w, https:\/\/bisbalpenedes.com\/web\/wp-content\/uploads\/2020\/05\/planolCanGordeiACTUAL-768x437.jpg 768w, https:\/\/bisbalpenedes.com\/web\/wp-content\/uploads\/2020\/05\/planolCanGordeiACTUAL.jpg 1754w\" sizes=\"(max-width: 630px) 100vw, 630px\" \/><\/a> <a href=\"http:\/\/bisbalpenedes.com\/web\/wp-content\/uploads\/2020\/05\/PlanolCanGordeiAMPLIACIO.jpg\"><img loading=\"lazy\" class=\"aligncenter size-large wp-image-13650\" src=\"http:\/\/bisbalpenedes.com\/web\/wp-content\/uploads\/2020\/05\/PlanolCanGordeiAMPLIACIO-1024x585.jpg\" alt=\"PlanolCanGordeiAMPLIACIO\" width=\"630\" height=\"360\" srcset=\"https:\/\/bisbalpenedes.com\/web\/wp-content\/uploads\/2020\/05\/PlanolCanGordeiAMPLIACIO-1024x585.jpg 1024w, https:\/\/bisbalpenedes.com\/web\/wp-content\/uploads\/2020\/05\/PlanolCanGordeiAMPLIACIO-600x343.jpg 600w, https:\/\/bisbalpenedes.com\/web\/wp-content\/uploads\/2020\/05\/PlanolCanGordeiAMPLIACIO-300x171.jpg 300w, https:\/\/bisbalpenedes.com\/web\/wp-content\/uploads\/2020\/05\/PlanolCanGordeiAMPLIACIO-768x439.jpg 768w, https:\/\/bisbalpenedes.com\/web\/wp-content\/uploads\/2020\/05\/PlanolCanGordeiAMPLIACIO.jpg 1752w\" sizes=\"(max-width: 630px) 100vw, 630px\" \/><\/a><\/span><\/p>\n","protected":false},"excerpt":{"rendered":"<p>Aquest dilluns 25 de maig l\u2019Ajuntament de la Bisbal del Pened\u00e8s ha aprovat, inicialment, el projecte d\u2019ampliaci\u00f3 i remodelaci\u00f3 del local social de Can Gordei. El 16 de maig de &hellip; <a href=\"https:\/\/bisbalpenedes.com\/web\/2020\/05\/28\/saprova-inicialment-el-projecte-dampliacio-i-remodelacio-del-local-social-de-can-gordei\/\" class=\"more-link\">Read More<\/a><\/p>\n","protected":false},"author":4,"featured_media":13645,"comment_status":"closed","ping_status":"closed","sticky":false,"template":"","format":"standard","meta":[],"categories":[8,15],"tags":[198,247,1517,2445],"_links":{"self":[{"href":"https:\/\/bisbalpenedes.com\/web\/wp-json\/wp\/v2\/posts\/13644"}],"collection":[{"href":"https:\/\/bisbalpenedes.com\/web\/wp-json\/wp\/v2\/posts"}],"about":[{"href":"https:\/\/bisbalpenedes.com\/web\/wp-json\/wp\/v2\/types\/post"}],"author":[{"embeddable":true,"href":"https:\/\/bisbalpenedes.com\/web\/wp-json\/wp\/v2\/users\/4"}],"replies":[{"embeddable":true,"href":"https:\/\/bisbalpenedes.com\/web\/wp-json\/wp\/v2\/comments?post=13644"}],"version-history":[{"count":3,"href":"https:\/\/bisbalpenedes.com\/web\/wp-json\/wp\/v2\/posts\/13644\/revisions"}],"predecessor-version":[{"id":13652,"href":"https:\/\/bisbalpenedes.com\/web\/wp-json\/wp\/v2\/posts\/13644\/revisions\/13652"}],"wp:featuredmedia":[{"embeddable":true,"href":"https:\/\/bisbalpenedes.com\/web\/wp-json\/wp\/v2\/media\/13645"}],"wp:attachment":[{"href":"https:\/\/bisbalpenedes.com\/web\/wp-json\/wp\/v2\/media?parent=13644"}],"wp:term":[{"taxonomy":"category","embeddable":true,"href":"https:\/\/bisbalpenedes.com\/web\/wp-json\/wp\/v2\/categories?post=13644"},{"taxonomy":"post_tag","embeddable":true,"href":"https:\/\/bisbalpenedes.com\/web\/wp-json\/wp\/v2\/tags?post=13644"}],"curies":[{"name":"wp","href":"https:\/\/api.w.org\/{rel}","templated":true}]}}