{"id":13642,"date":"2020-05-28T07:51:05","date_gmt":"2020-05-28T06:51:05","guid":{"rendered":"http:\/\/bisbalpenedes.com\/web\/?p=13642"},"modified":"2020-05-28T07:52:26","modified_gmt":"2020-05-28T06:52:26","slug":"sha-aprovat-un-contracte-per-adquirir-material-de-seguretat-i-higiene-per-a-diversos-edificis-municipals","status":"publish","type":"post","link":"https:\/\/bisbalpenedes.com\/web\/2020\/05\/28\/sha-aprovat-un-contracte-per-adquirir-material-de-seguretat-i-higiene-per-a-diversos-edificis-municipals\/","title":{"rendered":"S\u2019ha aprovat un contracte per adquirir material de seguretat i higiene per a diversos edificis municipals"},"content":{"rendered":"<p><span style=\"color: #000000;\">L\u2019Ajuntament de la Bisbal del Pened\u00e8s est\u00e0 treballant en el Pla de reincorporaci\u00f3 del personal als seus llocs de treball. En l\u2019actualitat at\u00e9n la ciutadania amb cita pr\u00e8via per al servei de validaci\u00f3 del certificat electr\u00f2nic idCAT i per a les altes i modificacions del padr\u00f3 d\u2019habitants i es preveu el retorn del personal municipal a les oficines en funci\u00f3 del que estableixi l\u2019esmentat Pla de reincorporaci\u00f3.<\/span><\/p>\n<p><span style=\"color: #000000;\">Per aquest motiu, el passat dilluns 25 de maig de 2020 la Junta de Govern va aprovar un contracte menor per al subministrament de diversos materials per garantir les mesures de prevenci\u00f3, dist\u00e0ncia i higiene. Concretament, el contracte inclou:<\/span><\/p>\n<ul>\n<li><span style=\"color: #000000;\">Estors motoritzats per a les zones d\u2019atenci\u00f3 al p\u00fablic de l\u2019edifici de l\u2019Ajuntament i per a la biblioteca.<\/span><\/li>\n<li><span style=\"color: #000000;\">Mampares fixes per al despatx de serveis socials i per al despatx del SOM Bisbal (ambd\u00f3s a l\u2019edifici de l\u2019Ajuntament de la Bisbal), per a l\u2019espai del Jutjat de Pau (ubicat a l\u2019Hotel d\u2019Entitats) i per a la Biblioteca p\u00fablica (ubicada al CMC).<\/span><\/li>\n<li><span style=\"color: #000000;\">Peus amb dosificadors de gel hidroalcoh\u00f2lic per als seg\u00fcents edificis municipals: Ajuntament de la Bisbal del Pened\u00e8s, Hotel d\u2019Entitats, CMC, Rac\u00f3 de la Gent Gran, Llar d\u2019infants i Rebost Solidari.<\/span><\/li>\n<\/ul>\n<p><span style=\"color: #000000;\">El contracte s\u2019ha aprovat amb l\u2019empresa Valle Industrial SA per un import de 4.221,18\u20ac (IVA incl\u00f2s).<\/span><\/p>\n<hr \/>\n<p><span style=\"color: #000000;\"><strong>CASTELLANO |<\/strong> El Ayuntamiento de la Bisbal del Pened\u00e8s est\u00e1 trabajando en el Plan de reincorporaci\u00f3n del personal a sus puestos de trabajo. En la actualidad atienda a la ciudadan\u00eda con cita previa para el servicio de validaci\u00f3n del certificado electr\u00f3nico idCAT y para las altas y modificaciones del padr\u00f3n de habitantes y se prev\u00e9 el retorno del personal municipal a las oficinas en funci\u00f3n de lo que establezca dicho Plan de reincorporaci\u00f3n.<\/span><\/p>\n<p><span style=\"color: #000000;\">Por este motivo, el pasado lunes 25 de mayo de 2020 la Junta de Gobierno aprob\u00f3 un contrato menor para el suministro de varios materiales para garantizar las medidas de prevenci\u00f3n, distancia e higiene. Concretamente, el contrato incluye:<\/span><\/p>\n<ul>\n<li><span style=\"color: #000000;\">Estors motorizados para las zonas de atenci\u00f3n al p\u00fablico del edificio del Ayuntamiento y para la biblioteca.<\/span><\/li>\n<li><span style=\"color: #000000;\">Mamparas fijas para el despacho de servicios sociales y para el despacho del SOM Bisbal (ambos en el edificio del Ayuntamiento de la Bisbal del Pened\u00e8s), para el espacio del Juzgado de Paz (ubicado en el Hotel de entidades) y para la Biblioteca p\u00fablica (ubicada en el CMC).<\/span><\/li>\n<li><span style=\"color: #000000;\">Pies con dosificadores de gel hidroalcoh\u00f3lico para los siguientes edificios municipales: Ayuntamiento de la Bisbal del Pened\u00e8s, Hotel d\u2019Entitats, CMC, Rac\u00f3 de la Gent Gran, Llar d\u2019infants y Rebost Solidari.<\/span><\/li>\n<\/ul>\n<p><span style=\"color: #000000;\">El contrato se ha aprobado con la empresa Valle Industrial SA por un importe de 4.221,18\u20ac (IVA incluido).<\/span><\/p>\n<p><span style=\"color: #000000;\"><strong>\u00a0<\/strong><\/span><\/p>\n<p>&nbsp;<\/p>\n","protected":false},"excerpt":{"rendered":"<p>L\u2019Ajuntament de la Bisbal del Pened\u00e8s est\u00e0 treballant en el Pla de reincorporaci\u00f3 del personal als seus llocs de treball. En l\u2019actualitat at\u00e9n la ciutadania amb cita pr\u00e8via per al &hellip; <a href=\"https:\/\/bisbalpenedes.com\/web\/2020\/05\/28\/sha-aprovat-un-contracte-per-adquirir-material-de-seguretat-i-higiene-per-a-diversos-edificis-municipals\/\" class=\"more-link\">Read More<\/a><\/p>\n","protected":false},"author":4,"featured_media":7089,"comment_status":"closed","ping_status":"closed","sticky":false,"template":"","format":"standard","meta":[],"categories":[2057,3085,8],"tags":[216,974,3850,845,82,3849,1321],"_links":{"self":[{"href":"https:\/\/bisbalpenedes.com\/web\/wp-json\/wp\/v2\/posts\/13642"}],"collection":[{"href":"https:\/\/bisbalpenedes.com\/web\/wp-json\/wp\/v2\/posts"}],"about":[{"href":"https:\/\/bisbalpenedes.com\/web\/wp-json\/wp\/v2\/types\/post"}],"author":[{"embeddable":true,"href":"https:\/\/bisbalpenedes.com\/web\/wp-json\/wp\/v2\/users\/4"}],"replies":[{"embeddable":true,"href":"https:\/\/bisbalpenedes.com\/web\/wp-json\/wp\/v2\/comments?post=13642"}],"version-history":[{"count":1,"href":"https:\/\/bisbalpenedes.com\/web\/wp-json\/wp\/v2\/posts\/13642\/revisions"}],"predecessor-version":[{"id":13643,"href":"https:\/\/bisbalpenedes.com\/web\/wp-json\/wp\/v2\/posts\/13642\/revisions\/13643"}],"wp:featuredmedia":[{"embeddable":true,"href":"https:\/\/bisbalpenedes.com\/web\/wp-json\/wp\/v2\/media\/7089"}],"wp:attachment":[{"href":"https:\/\/bisbalpenedes.com\/web\/wp-json\/wp\/v2\/media?parent=13642"}],"wp:term":[{"taxonomy":"category","embeddable":true,"href":"https:\/\/bisbalpenedes.com\/web\/wp-json\/wp\/v2\/categories?post=13642"},{"taxonomy":"post_tag","embeddable":true,"href":"https:\/\/bisbalpenedes.com\/web\/wp-json\/wp\/v2\/tags?post=13642"}],"curies":[{"name":"wp","href":"https:\/\/api.w.org\/{rel}","templated":true}]}}