{"id":13628,"date":"2020-05-27T09:37:38","date_gmt":"2020-05-27T08:37:38","guid":{"rendered":"http:\/\/bisbalpenedes.com\/web\/?p=13628"},"modified":"2020-05-27T10:03:22","modified_gmt":"2020-05-27T09:03:22","slug":"la-generalitat-de-catalunya-ha-decretat-dol-fins-al-5-de-juny-davant-la-situacio-extrema-que-estem-vivint","status":"publish","type":"post","link":"https:\/\/bisbalpenedes.com\/web\/2020\/05\/27\/la-generalitat-de-catalunya-ha-decretat-dol-fins-al-5-de-juny-davant-la-situacio-extrema-que-estem-vivint\/","title":{"rendered":"La Generalitat de Catalunya ha decretat dol fins al 5 de juny davant la situaci\u00f3 extrema que estem vivint"},"content":{"rendered":"<p style=\"text-align: justify;\"><a href=\"http:\/\/bisbalpenedes.com\/web\/wp-content\/uploads\/2020\/05\/ESCUT-LLAC-DECRET-DOL.jpg\"><img loading=\"lazy\" class=\"aligncenter wp-image-13629 size-medium\" src=\"http:\/\/bisbalpenedes.com\/web\/wp-content\/uploads\/2020\/05\/ESCUT-LLAC-DECRET-DOL-300x300.jpg\" alt=\"ESCUT LLAC DECRET DOL\" width=\"300\" height=\"300\" srcset=\"https:\/\/bisbalpenedes.com\/web\/wp-content\/uploads\/2020\/05\/ESCUT-LLAC-DECRET-DOL-300x300.jpg 300w, https:\/\/bisbalpenedes.com\/web\/wp-content\/uploads\/2020\/05\/ESCUT-LLAC-DECRET-DOL-100x100.jpg 100w, https:\/\/bisbalpenedes.com\/web\/wp-content\/uploads\/2020\/05\/ESCUT-LLAC-DECRET-DOL-600x600.jpg 600w, https:\/\/bisbalpenedes.com\/web\/wp-content\/uploads\/2020\/05\/ESCUT-LLAC-DECRET-DOL-150x150.jpg 150w, https:\/\/bisbalpenedes.com\/web\/wp-content\/uploads\/2020\/05\/ESCUT-LLAC-DECRET-DOL-768x768.jpg 768w, https:\/\/bisbalpenedes.com\/web\/wp-content\/uploads\/2020\/05\/ESCUT-LLAC-DECRET-DOL.jpg 1024w\" sizes=\"(max-width: 300px) 100vw, 300px\" \/><\/a><\/p>\n<p style=\"text-align: justify;\"><span style=\"color: #000000;\">La Generalitat de Catalunya ha declarat dol a tot el territori de Catalunya amb motiu de la pand\u00e8mia generada per la Covid-19 i les conseq\u00fc\u00e8ncies que ha generat aquesta crisi sanit\u00e0ria, uns efectes devastadors, que encara avui no hem pogut superar.<\/span><\/p>\n<p style=\"text-align: justify;\"><span style=\"color: #000000;\">El Decret del president de la Generalitat de Catalunya, Joaquim Torra, exposa que \u201caquesta situaci\u00f3 extrema que ha patit i est\u00e0 patint el poble de Catalunya ha tingut m\u00faltiples conseq\u00fc\u00e8ncies negatives en els nostres \u00a0serveis p\u00fablics i els seus treballadors, en l\u2019economia del nostre pa\u00eds i en la vida de tots i cadascun dels ciutadans. La vessant m\u00e9s cruenta d\u2019aquesta crisi sanit\u00e0ria ha estat la p\u00e8rdua de milers dels nostres conciutadans i, en molts casos, amb la conseq\u00fc\u00e8ncia m\u00e9s dolorosa que les seves fam\u00edlies i amics ni tan sols han pogut acomiadar-los, ni acompanyar-los en els darrers moments de la seva vida. El Govern de la Generalitat, compartint aquesta tristesa i el desconsol amb tots els ciutadans de Catalunya que han patit aquests efectes de la pand\u00e8mia, vol manifestar el seu dol i, alhora, acompanyar en aquests moments les fam\u00edlies de les v\u00edctimes\u201d.<\/span><\/p>\n<p style=\"text-align: justify;\"><span style=\"color: #000000;\">S\u2019ha decretat dol fins al 5 de juny de 2020 (incl\u00f2s) i que les banderes onegin a mig pal en els edificis i depend\u00e8ncies de la Generalitat i en les corporacions p\u00fabliques de Catalunya. L\u2019Ajuntament de la Bisbal del Pened\u00e8s s\u2019afegeix al dol declarat i vol manifestar el seu dol i expressar el seu condol a tots els familiars i amics que han perdut els seus \u00e9ssers estimats. No obstant aix\u00f2,\u00a0no podr\u00e0 baixar la bandera a mig pal perqu\u00e8, aquesta, \u00e9s fixa -no es pot pujar ni baixar.<\/span><\/p>\n<hr \/>\n<p style=\"text-align: justify;\"><span style=\"color: #000000;\"><strong>CASTELLANO |<\/strong>\u00a0La Generalitat de Catalunya ha declarado duelo en todo el territorio de Catalunya con motivo de la pandemia generada por la Covid-19 y las consecuencias que ha generado esta crisis sanitaria.<\/span><\/p>\n<p style=\"text-align: justify;\"><span style=\"color: #000000;\">El Decreto del presidente de la Generalitat de Catalunya, Joaquim Torra, expone que \u201cesta situaci\u00f3n extrema que ha sufrido y est\u00e1 sufriendo el pueblo de Catalunya ha tenido m\u00faltiples consecuencias negativas en nuestros servicios p\u00fablicos y sus trabajadores, en la econom\u00eda de nuestro pa\u00eds y en la vida de todos y cada uno de los ciudadanos. La vertiente m\u00e1s cruenta de esta crisis sanitaria ha sido la p\u00e9rdida de millares de nuestros ciudadanos y, en muchos casos, con la consecuencia m\u00e1s dolorosa que sus familias y amigos ni tan siquiera han podido despedirlos, ni acompa\u00f1arlos en los \u00faltimos momentos de su vida. El Gobierno de la Generalitat, compartiendo esta tristeza y el desconsuelo con todos los ciudadanos de Catalunya que han sufrido estos efectos de la pandemia, quiere manifestar su duelo y, a la vez, acompa\u00f1ar en estos momentos a las familias de las v\u00edctimas\u201d.<\/span><\/p>\n<p style=\"text-align: justify;\"><span style=\"color: #000000;\">Se ha decretado duelo hasta el 5 de junio de 2020 (incluido) y que las banderas ondeen a medio palo en los edificios y dependencias de la Generalitat y en las corporaciones p\u00fablicas de Catalunya. El Ayuntamiento de la Bisbal del Pened\u00e8s se adhiere al duelo decretado y quiere manifestar su duelo y expresar su p\u00e9same a todos los familiares y amigos que han perdido a sus seres queridos. No obstante, no podr\u00e1 bajar la bandera a medio palo porqu\u00e9, esta, es fija \u2013 no se puede subir ni bajar.<\/span><\/p>\n","protected":false},"excerpt":{"rendered":"<p>La Generalitat de Catalunya ha declarat dol a tot el territori de Catalunya amb motiu de la pand\u00e8mia generada per la Covid-19 i les conseq\u00fc\u00e8ncies que ha generat aquesta crisi &hellip; <a href=\"https:\/\/bisbalpenedes.com\/web\/2020\/05\/27\/la-generalitat-de-catalunya-ha-decretat-dol-fins-al-5-de-juny-davant-la-situacio-extrema-que-estem-vivint\/\" class=\"more-link\">Read More<\/a><\/p>\n","protected":false},"author":4,"featured_media":13629,"comment_status":"closed","ping_status":"closed","sticky":false,"template":"","format":"standard","meta":[],"categories":[3636,8],"tags":[3550,3559,1503,3846,865,3847],"_links":{"self":[{"href":"https:\/\/bisbalpenedes.com\/web\/wp-json\/wp\/v2\/posts\/13628"}],"collection":[{"href":"https:\/\/bisbalpenedes.com\/web\/wp-json\/wp\/v2\/posts"}],"about":[{"href":"https:\/\/bisbalpenedes.com\/web\/wp-json\/wp\/v2\/types\/post"}],"author":[{"embeddable":true,"href":"https:\/\/bisbalpenedes.com\/web\/wp-json\/wp\/v2\/users\/4"}],"replies":[{"embeddable":true,"href":"https:\/\/bisbalpenedes.com\/web\/wp-json\/wp\/v2\/comments?post=13628"}],"version-history":[{"count":2,"href":"https:\/\/bisbalpenedes.com\/web\/wp-json\/wp\/v2\/posts\/13628\/revisions"}],"predecessor-version":[{"id":13631,"href":"https:\/\/bisbalpenedes.com\/web\/wp-json\/wp\/v2\/posts\/13628\/revisions\/13631"}],"wp:featuredmedia":[{"embeddable":true,"href":"https:\/\/bisbalpenedes.com\/web\/wp-json\/wp\/v2\/media\/13629"}],"wp:attachment":[{"href":"https:\/\/bisbalpenedes.com\/web\/wp-json\/wp\/v2\/media?parent=13628"}],"wp:term":[{"taxonomy":"category","embeddable":true,"href":"https:\/\/bisbalpenedes.com\/web\/wp-json\/wp\/v2\/categories?post=13628"},{"taxonomy":"post_tag","embeddable":true,"href":"https:\/\/bisbalpenedes.com\/web\/wp-json\/wp\/v2\/tags?post=13628"}],"curies":[{"name":"wp","href":"https:\/\/api.w.org\/{rel}","templated":true}]}}