{"id":13623,"date":"2020-05-26T18:20:22","date_gmt":"2020-05-26T17:20:22","guid":{"rendered":"http:\/\/bisbalpenedes.com\/web\/?p=13623"},"modified":"2020-05-26T18:20:22","modified_gmt":"2020-05-26T17:20:22","slug":"sadjudica-el-contracte-per-realitzar-un-curs-de-capacitacio-en-el-manteniment-dinstallacions-delectricitat-i-climatitzacio","status":"publish","type":"post","link":"https:\/\/bisbalpenedes.com\/web\/2020\/05\/26\/sadjudica-el-contracte-per-realitzar-un-curs-de-capacitacio-en-el-manteniment-dinstallacions-delectricitat-i-climatitzacio\/","title":{"rendered":"S\u2019adjudica el contracte per realitzar un curs de capacitaci\u00f3 en el manteniment d\u2019instal\u00b7lacions d\u2019electricitat i climatitzaci\u00f3"},"content":{"rendered":"<p style=\"text-align: justify;\"><span style=\"color: #000000;\">La Junta de govern del 25 de maig de 2020 ha adjudicat el contracte dels serveis de formaci\u00f3 per a la realitzaci\u00f3 d\u2019un curs de capacitaci\u00f3 en el manteniment d\u2019instal\u00b7lacions d\u2019electricitat, lampisteria, calefacci\u00f3 i climatitzacions dom\u00e8stiques. S\u2019han presentat dues empreses dins el termini fixat. La mesa de contractaci\u00f3 va puntuar les dues segons all\u00f2 que establia el plec de cl\u00e0usules i, aquest dilluns 25 de maig, s\u2019ha aprovat adjudicar l\u2019esmentat contracte a l\u2019empresa Prevenci\u00f3n de Riesgos Laborales SAU per un import de 16.870\u20ac. Inicialment, s\u2019havia previst que aquest curs comenc\u00e9s abans del 30 de juny. Tenint en compte la situaci\u00f3 actual -generada per la Covid-19- l\u2019Ajuntament est\u00e0 a l\u2019espera de rebre instruccions per poder realitzar el curs amb les mesures pertinents.<\/span><\/p>\n<p style=\"text-align: justify;\"><span style=\"color: #000000;\">El passat mes de febrer de 2020 es van aprovar els plecs de prescripcions t\u00e8cniques i de cl\u00e0usules administratives particulars que han de regir el contracte de serveis de formaci\u00f3 per a la realitzaci\u00f3 d\u2019un curs de capacitaci\u00f3 en el manteniment d\u2019instal\u00b7lacions d\u2019electricitat, lampisteria, calefacci\u00f3 i climatitzaci\u00f3 dom\u00e8stiques, dins l\u2019execuci\u00f3 de programa innovador \u201cXarxa d\u2019ocupaci\u00f3 del Baix Pened\u00e8s\u201d i del pla d\u2019acci\u00f3 \u201cCoordinaci\u00f3 i impuls de l\u2019oferta formativa del Baix Pened\u00e8s\u201d. D\u2019acord amb el projecte, l\u2019Ajuntament de la Bisbal del Pened\u00e8s s\u2019havia d\u2019encarregar d\u2019executar el subprojecte 3 de capacitaci\u00f3 especialitzada, consistent en la realitzaci\u00f3 d\u2019accions de capacitaci\u00f3 per a persones, priorit\u00e0riament en situaci\u00f3 d\u2019atur, d\u2019entre 6 i 12 mesos de durada, emmarcades dins de sectors amb potencial d\u2019ocupaci\u00f3 a la comarca, en concret, en el manteniment d\u2019instal\u00b7lacions d\u2019electricitat, lampisteria, calefacci\u00f3 i climatitzaci\u00f3 dom\u00e8stiques.<\/span><\/p>\n<hr \/>\n<p style=\"text-align: justify;\"><span style=\"color: #000000;\"><strong>CASTELLANO |<\/strong> La Junta de gobierno del 25 de mayo de 2020 ha adjudicado el contrato de los servicios de formaci\u00f3n para la realizaci\u00f3n de un curso de capacitaci\u00f3n en el mantenimiento de instalaciones de electricidad, lampister\u00eda, calefacci\u00f3n y climatizaciones dom\u00e9sticas. Dentro del plazo fijado, se han presentado dos empresas. La mesa de contrataci\u00f3n puntu\u00f3 a las dos seg\u00fan aquello que establec\u00eda el pliego de cl\u00e1usulas y, este lunes 25 de mayo, se ha aprobado adjudicar dicho contrato a la empresa Prevenci\u00f3n de Riesgos Laborales SAU por un importe d 16.870\u20ac. Inicialmente, se hab\u00eda previsto que este curso empezase antes del 30 de junio. Teniendo en cuenta la situaci\u00f3n actual -generada por la Covid-19, el Ayuntamiento est\u00e1 a la espera de recibir instrucciones para poder realizar el curso con las medidas pertinentes. Inicialmente, se hab\u00eda previsto que este curso empezase antes del 30 de junio. Teniendo en cuenta la situaci\u00f3n actual -generada por el Covid-19, el Ayuntamiento est\u00e1 a la espera de recibir instrucciones para poder realizar el curso con las medidas pertinentes.<\/span><\/p>\n<p style=\"text-align: justify;\"><span style=\"color: #000000;\">El pasado mes de febrero de 2020 se aprobaron los pliegos de prescripciones t\u00e9cnicas y de cl\u00e1usulas administrativas particulares que tienen que regir el contrato de servicios de formaci\u00f3n para la realizaci\u00f3n de un curso de capacitaci\u00f3n en el mantenimiento de instalaciones de electricidad, lampister\u00eda, calefacci\u00f3n y climatizaci\u00f3n dom\u00e9sticas, dentro de la ejecuci\u00f3n del programa innovador \u201cXarxa d\u2019ocupaci\u00f3 del Baix Pened\u00e8s\u201d y del plan de acci\u00f3n \u201cCoordinaci\u00f3n e impulso de la oferta formativa del Baix Pened\u00e8s\u201d. De acuerdo con el proyecto, el Ayuntamiento de la Bisbal del Pened\u00e8s se ten\u00eda que encargar de ejecutar el subproyecto 3 de capacitaci\u00f3n especializada, consistente en la realizaci\u00f3n de acciones de capacitaci\u00f3n para personas, prioritariamente en situaci\u00f3n de paro, de entre 6 y 12 meses de duraci\u00f3n, enmarcadas dentro de sectores con potencial de ocupaci\u00f3n en la comarca, en concreto, en el mantenimiento de instalaciones de electricidad, lampister\u00eda, calefacci\u00f3n y climatizaci\u00f3n dom\u00e9sticas.<\/span><\/p>\n<p style=\"text-align: justify;\">\n<p style=\"text-align: justify;\">\n<p style=\"text-align: justify;\"><span style=\"color: #000000;\">\u00a0<\/span><\/p>\n<p style=\"text-align: justify;\"><span style=\"color: #000000;\">\u00a0<\/span><\/p>\n","protected":false},"excerpt":{"rendered":"<p>La Junta de govern del 25 de maig de 2020 ha adjudicat el contracte dels serveis de formaci\u00f3 per a la realitzaci\u00f3 d\u2019un curs de capacitaci\u00f3 en el manteniment d\u2019instal\u00b7lacions &hellip; <a href=\"https:\/\/bisbalpenedes.com\/web\/2020\/05\/26\/sadjudica-el-contracte-per-realitzar-un-curs-de-capacitacio-en-el-manteniment-dinstallacions-delectricitat-i-climatitzacio\/\" class=\"more-link\">Read More<\/a><\/p>\n","protected":false},"author":4,"featured_media":12172,"comment_status":"closed","ping_status":"closed","sticky":false,"template":"","format":"standard","meta":[],"categories":[9],"tags":[3158,1543,442,12,3845,10,271,2878],"_links":{"self":[{"href":"https:\/\/bisbalpenedes.com\/web\/wp-json\/wp\/v2\/posts\/13623"}],"collection":[{"href":"https:\/\/bisbalpenedes.com\/web\/wp-json\/wp\/v2\/posts"}],"about":[{"href":"https:\/\/bisbalpenedes.com\/web\/wp-json\/wp\/v2\/types\/post"}],"author":[{"embeddable":true,"href":"https:\/\/bisbalpenedes.com\/web\/wp-json\/wp\/v2\/users\/4"}],"replies":[{"embeddable":true,"href":"https:\/\/bisbalpenedes.com\/web\/wp-json\/wp\/v2\/comments?post=13623"}],"version-history":[{"count":1,"href":"https:\/\/bisbalpenedes.com\/web\/wp-json\/wp\/v2\/posts\/13623\/revisions"}],"predecessor-version":[{"id":13624,"href":"https:\/\/bisbalpenedes.com\/web\/wp-json\/wp\/v2\/posts\/13623\/revisions\/13624"}],"wp:featuredmedia":[{"embeddable":true,"href":"https:\/\/bisbalpenedes.com\/web\/wp-json\/wp\/v2\/media\/12172"}],"wp:attachment":[{"href":"https:\/\/bisbalpenedes.com\/web\/wp-json\/wp\/v2\/media?parent=13623"}],"wp:term":[{"taxonomy":"category","embeddable":true,"href":"https:\/\/bisbalpenedes.com\/web\/wp-json\/wp\/v2\/categories?post=13623"},{"taxonomy":"post_tag","embeddable":true,"href":"https:\/\/bisbalpenedes.com\/web\/wp-json\/wp\/v2\/tags?post=13623"}],"curies":[{"name":"wp","href":"https:\/\/api.w.org\/{rel}","templated":true}]}}