{"id":13612,"date":"2020-05-26T12:12:42","date_gmt":"2020-05-26T11:12:42","guid":{"rendered":"http:\/\/bisbalpenedes.com\/web\/?p=13612"},"modified":"2020-05-27T11:21:34","modified_gmt":"2020-05-27T10:21:34","slug":"aquest-dimecres-la-marta-canis-ens-oferira-una-xerrada-sobre-com-sesta-vivint-la-situacio-generada-per-la-covid-19-des-de-la-residencia-el-colomer","status":"publish","type":"post","link":"https:\/\/bisbalpenedes.com\/web\/2020\/05\/26\/aquest-dimecres-la-marta-canis-ens-oferira-una-xerrada-sobre-com-sesta-vivint-la-situacio-generada-per-la-covid-19-des-de-la-residencia-el-colomer\/","title":{"rendered":"Aquest dimecres la Marta Ca\u00f1\u00eds ens oferir\u00e0 una xerrada sobre com s&#8217;est\u00e0 vivint la situaci\u00f3 generada per la Covid-19 des de la Resid\u00e8ncia El Colomer"},"content":{"rendered":"<p><iframe loading=\"lazy\" title=\"Xerrada: com s&#039;ha gestionat la situaci\u00f3 generada per la Covid-19 des de la Resid\u00e8ncia El Colomer?\" width=\"1170\" height=\"658\" src=\"https:\/\/www.youtube.com\/embed\/ntvq-nKjmZM?feature=oembed\" frameborder=\"0\" allow=\"accelerometer; autoplay; clipboard-write; encrypted-media; gyroscope; picture-in-picture\" allowfullscreen><\/iframe><\/p>\n<p style=\"text-align: justify;\"><span style=\"color: #000000;\">Aquest dimecres 27 de maig, a les 12h, publicarem la xerrada a c\u00e0rrec de la directora\u00a0\u00a0de la Resid\u00e8ncia d\u2019avis El Colomer, Marta Ca\u00f1\u00eds Parera, sobre com est\u00e0 vivint la situaci\u00f3 generada per la Covid-19 des de la direcci\u00f3 d\u2019una resid\u00e8ncia de la gent gran. Una vegada s&#8217;hagi em\u00e8s, podreu tornar-la a veure o recuperar-la en aquest enlla\u00e7:\u00a0<\/span><a href=\"https:\/\/youtu.be\/ntvq-nKjmZM\" target=\"_blank\">https:\/\/youtu.be\/ntvq-nKjmZM<\/a><\/p>\n<p style=\"text-align: justify;\"><span style=\"color: #000000;\">Aquest v\u00eddeo s&#8217;emmarca dins de les activitats de les III Setmanes de l&#8217;Empresa i l&#8217;Ocupaci\u00f3, que es duen a terme de l&#8217;11 al 29 de maig de 2020. Enguany totes les xerrades es fan en l\u00ednia, mitjan\u00e7ant la plataforma Youtube. Podeu consultar el programa a l&#8217;enlla\u00e7:\u00a0<\/span><\/p>\n<p style=\"text-align: justify;\"><a href=\"https:\/\/bisbalpenedes.com\/web\/2020\/05\/07\/la-bisbal-del-penedes-celebrara-les-iii-setmanes-de-lempresa-i-locupacio-de-l11-al-29-de-maig\/\" target=\"_blank\">https:\/\/bisbalpenedes.com\/web\/2020\/05\/07\/la-bisbal-del-penedes-celebrara-les-iii-setmanes-de-lempresa-i-locupacio-de-l11-al-29-de-maig\/<\/a><\/p>\n<p>&nbsp;<\/p>\n<p style=\"text-align: justify;\"><span style=\"color: #000000;\"><strong>CASTELLANO |<\/strong> Este mi\u00e9rcoles 27 de mayo, a las 12h, publicaremos la charla a cargo de la directora de la Residencia de abuelos El Colomer, Marta Ca\u00f1\u00eds Parera, sobre c\u00f3mo se est\u00e1 viviendo la situaci\u00f3n generada por el Covid-19 desde la direcci\u00f3n de una residencia de la gente mayor. Una vez se haya emitido, podr\u00e9is volverla a ver o recuperarla en este enlace:<\/span>\u00a0<a href=\"https:\/\/youtu.be\/ntvq-nKjmZM\" target=\"_blank\">https:\/\/youtu.be\/ntvq-nKjmZM<\/a><\/p>\n<p style=\"text-align: justify;\"><span style=\"color: #000000;\">Este v\u00eddeo se enmarca dentro de las actividades de las III Semanas de la Empresa y la Ocupaci\u00f3n, que se llevan a cabo del 11 al 29 de mayo de 2020. Este a\u00f1o todas las charlas se hacen en l\u00ednea, mediante la plataforma Youtube. Pod\u00e9is consultar el programa en el enlace:<\/span><\/p>\n<p><a href=\"https:\/\/bisbalpenedes.com\/web\/2020\/05\/07\/la-bisbal-del-penedes-celebrara-les-iii-setmanes-de-lempresa-i-locupacio-de-l11-al-29-de-maig\/\" target=\"_blank\">https:\/\/bisbalpenedes.com\/web\/2020\/05\/07\/la-bisbal-del-penedes-celebrara-les-iii-setmanes-de-lempresa-i-locupacio-de-l11-al-29-de-maig\/<\/a><\/p>\n<hr \/>\n<hr \/>\n<p><span style=\"color: #000000;\"><strong>TEXT DE LA MARTA CA\u00d1\u00cdS SOBRE LES FASES DE LA COVID-19 A LA RESID\u00c8NCIA EL COLOMER<\/strong><\/span><\/p>\n<p><span style=\"color: #000000;\">Hola, em dic Marta Ca\u00f1is. S\u00f3c directora de la resid\u00e8ncia d\u2019avis El Colomer de la Bisbal del Pened\u00e8s. A continuaci\u00f3, us explicar\u00e9 breument com hem viscut la crisis de la Covid com a resid\u00e8ncia i com a empresa. He pensat en fer una mica de recorregut per les diferents fases que hem passat.<\/span><\/p>\n<p><span style=\"color: #000000;\"><strong>-FASE DE PERPLEXITAT.<\/strong> Sens dubte la primera fase va ser de <strong>perplexitat<\/strong>: realment est\u00e0 passant aix\u00f2? Jo els primers dies em despertava i pensava que era un malson -per\u00f2 era veritat- i vaig haver de liderar una situaci\u00f3 que d\u2019entrada semblava una missi\u00f3 impossible: evitar que un virus hipercontagi\u00f3s entr\u00e9s i fes estralls entre els residents i l\u2019equip cuidador. Com a directora, metgessa i empres\u00e0ria, havia de prendre moltes decisions i tenir la iniciativa, ja que \u2018des de dalt\u2019 tamb\u00e9 estaven \u00absobrepassats.\u00bb<\/span><\/p>\n<p><span style=\"color: #000000;\">&#8211;<strong>FASE DE CONFINAMENT: QUE NO ENTRI<\/strong><\/span><\/p>\n<p><span style=\"color: #000000;\">Vam ser extraprudents. Uns dies abans que es decret\u00e9s l\u2019estat d\u2019alarma nosaltres ja vam restringir les visites de fora tant, de familiars com de personal que no era essencial. Vol\u00edem reduir el risc de contagi sense esperar que l\u2019estat d\u2019alarma ja fos oficial.<\/span><\/p>\n<p><span style=\"color: #000000;\">El personal essencial, tot i que anava amb molta cura a l\u2019anar a casa seva o a comprar, era conscient del risc que hi havia de que el virus entr\u00e9s a la resid\u00e8ncia.<\/span><\/p>\n<p><span style=\"color: #000000;\">Aleshores vam utilitzar el que jo anomenava PRINCIPI DE PRECAUCI\u00d3. Gaireb\u00e9 fent malabarismes, vam demanar que si una cuidadora NO es trobava al 100% (encara que no present\u00e9s s\u00edmptomes clars), o alg\u00fa de la seva unitat familiar presentava s\u00edmptomes, NO VINGU\u00c9S A TREBALLAR durant 14 dies (mantenint el sou pactat). A m\u00e9s, 2 cuidadores van agafar la baixa per simptomatologia compatible.<\/span><\/p>\n<p><span style=\"color: #000000;\">Tot aix\u00f2 va suposar una DESPESA EXTRA IMPORTANT DE SOUS, per\u00f2 era el m\u00ednim que pod\u00edem fer per evitar al m\u00e0xim que entr\u00e9s el virus. A la resta de personal (fisioterapeutes, animaci\u00f3, monitores de suport) se\u2019ls va mantenir el sou, tot i que no venien. Aix\u00f2 ho vam poder fer gr\u00e0cies a la bona predisposici\u00f3 del personal que S\u00cd treballava, que es va sobrecarregar per\u00f2 entenien b\u00e9 el perqu\u00e8.<\/span><\/p>\n<p><span style=\"color: #000000;\">&#8211;<strong>FASE DE PROTOCOLORITZACI\u00d3: QUIN \u00c9S EL PLA SI ENTRA?<\/strong><\/span><\/p>\n<p><span style=\"color: #000000;\">Com heu vist, com ha passat a altres llocs \u00absi el virus entra en una resid\u00e8ncia es \u00ablia parda\u00bb.<\/span><\/p>\n<p><span style=\"color: #000000;\">Evidentment, era essencial tenir un PLA, un PROTOCOL d\u2019actuaci\u00f3 per si TOT I PRENENT TOTES LES MESURES, el virus ens entrava. En el nostre sector estem acostumats a que ens diguin sempre que \u00e9s el que hem de fer o no hem de fer des del Departament d\u2019Afers Socials. ARA NO HI HAVIA PROTOCOL. L\u2019havia de fer jo mateixa i no esperar a que em diguessin alguna cosa, ja que aquesta crisi ens havia agafat a TOTS sense estar preparats.<\/span><\/p>\n<p><span style=\"color: #000000;\">Vaig redactar un protocol. El nostre protocol tenia diverses mesures sanit\u00e0ries, per\u00f2 per a mi les m\u00e9s importants eren la COMMUNICACI\u00d3 AMB LA FAM\u00cdLIA i l\u2019AUTOPROTECCI\u00d3 DEL PERSONAL.<\/span><\/p>\n<p><span style=\"color: #000000;\">La S\u00f2nia va trucar a cadascuna de les fam\u00edlies, els vam explicar el nostre protocol i els el vam enviar per correu. Aix\u00ed estarien INFORMADES de quin era el nostre pla en tot moment. Entre d\u2019altres mesures, els vam dir que mitjan\u00e7ant videotrucades estarien en contacte amb els seus familiar si calgu\u00e9s.<\/span><\/p>\n<p><span style=\"color: #000000;\">Vam comprar material per a la nostra autoprotecci\u00f3 (mascaretes FFP2, ulleres i guants) per\u00f2 cada cop era m\u00e9s dif\u00edcil aconseguir material. Per sort, l\u2019Esther va cosir mascaretes de tela i vam rebre donacions de pantalles, mascaretes 3D i altres. Des d\u2019aqu\u00ed TORNO A DONAR LES GR\u00c0CIES A LA GENT QUE ES VA PREOCUPAR I ENS VA FER DONACIONS aquelles primeres setmanes. INCRE\u00cfBLE LA SOLIDARITAT QUE HI HA HAGUT.<\/span><\/p>\n<p><span style=\"color: #000000;\">Amb l\u2019Esther i la Cristina vam gravar un v\u00eddeo on deman\u00e0vem BATES de pl\u00e0stic d\u2019un sol \u00fas a les cosidores, ja que no era possible comprar-ne. Nosaltres en vol\u00edem per estar preparats, per\u00f2 a l\u2019hospital o a les altres resid\u00e8ncies on tenien casos les necessitaven urgentment. Aix\u00ed que vam fer la crida pel Baix Pened\u00e8s en general. VAM DEMANAR AJUDA i la gent de forma meravellosa es va mobilitzar, els ajuntaments de molts pobles tamb\u00e9 hi van col\u00b7laborar. La mobilitzaci\u00f3 va ser bestial i es van rebre moltes bates.<\/span><\/p>\n<p><span style=\"color: #000000;\">Vam tenir 5 setmanes per preparar-nos PER SI DE CAS, per si finalment el virus ENTRAVA. La D\u00e8lia va preparar el gimn\u00e0s com a dormitori d\u2019a\u00efllament. Vam partir portes, vam comprar cubells, galledes&#8230; carros, vam fer estoc de material de neteja, de material m\u00e8dic. Tot aix\u00f2, de nou, suposava una despesa extra.<\/span><\/p>\n<p><span style=\"color: #000000;\">Vam ensenyar a les cuidadores com posar-se els EPIs, com treure\u2019ls&#8230; coses per les que elles NO ESTAVEN PREPARADES.<\/span><\/p>\n<p><span style=\"color: #000000;\">I, mentrestant, intent\u00e0vem distreure als avis i fer v\u00eddeos de grup perqu\u00e8 les fam\u00edlies no passessin angoixa, ja que en aquelles setmanes pels mitjans de comunicaci\u00f3 tota l\u2019estona es parlava dels estralls del virus a les resid\u00e8ncies.<\/span><\/p>\n<p><span style=\"color: #000000;\">Hi ha un primer punt d\u2019inflexi\u00f3 en relaci\u00f3 als protocols que ens arribaven \u2018de dalt\u2019 i va ser quan Metges sense fronteres es va oferir a ajudar al sector de les resid\u00e8ncies a trav\u00e9s de ACRA (l\u2019associaci\u00f3 de resid\u00e8ncies). Mitjan\u00e7ant webinars i material a la p\u00e0gina web, ens expliquen el que ells aconsellen en cas de que el virus entri. Vull esmentar que l\u2019ajuda d\u2019ells -acostumats a situacions d\u2019epid\u00e8mies sense medis- va ser molt valuosa. Tamb\u00e9 hi va haver un altre punt d\u2019inflexi\u00f3 quan va passar a ser el Departament de Salut qui supervisa les resid\u00e8ncies -en lloc del d\u2019Afers Socials- i es comencen a fer tests PCR a les resid\u00e8ncies amb supervisi\u00f3 del CAP.<\/span><\/p>\n<p><span style=\"color: #000000;\">&#8211;<strong>FASE D\u2019ACTIVACI\u00d3. POSSIBLE ENTRADA<\/strong><\/span><\/p>\n<p><span style=\"color: #000000;\">El dia de Sant Jordi vam haver d\u2019activar el PROTOCOL (que de les 3 p\u00e0gines inicials ara en tenia 16) per a una possible entrada del virus, hav\u00edem enviat un avi a urg\u00e8ncies per un problema de cor, per\u00f2 all\u00e0 es va orientar com a cas sospit\u00f3s de COVID per la radiografia.<\/span><\/p>\n<p><span style=\"color: #000000;\">Com sabeu el virus \u00e9s hipercontagi\u00f3s, per tant, si hi havia un cas, el m\u00e9s segur \u00e9s que n\u2019hi hagu\u00e9s m\u00e9s incubant o asimptom\u00e0tics. Per\u00f2 qui era qui? Ning\u00fa tenia s\u00edmptomes. Al final VA RESULTAR SER UNA FALSA ALARMA. Tots vam donar negatiu, fins i tot l\u2019avi que havia estat a l\u2019hospital.<\/span><\/p>\n<p><span style=\"color: #000000;\">Per\u00f2 durant 3 dies vam viure el que deuen viure moltes resid\u00e8ncies, i us asseguro que \u00e9s BRUTAL la tensi\u00f3 que suposa. La reacci\u00f3 del personal al saber que \u00e9rem TOTS negatius d\u00f3na una idea de les emocions que vam viure.<\/span><\/p>\n<p><span style=\"color: #000000;\">Vam fer COMUNICATS P\u00daBLICS. Personalment, crec en la TRANSPAR\u00c8NCIA en la comunicaci\u00f3 de les EMPRESES i tamb\u00e9 calia evitar que s\u2019escampessin RUMORS FALSOS pel poble que nom\u00e9s ajudarien a la confusi\u00f3 i patiment dels familiars. Vam explicar la situaci\u00f3 a cadascuna de les fam\u00edlies personalment.<\/span><\/p>\n<p><span style=\"color: #000000;\">He de dir que la resposta de tot l\u2019 EQUIP ha estat d\u2019aut\u00e8ntiques hero\u00efnes. NING\u00da NO VA FER-SE ENRERE ni en els moments m\u00e9s durs. Vam organitzar les tasques per grups d\u2019edat per protegir les nostres treballadores m\u00e9s veteranes. Algunes, per protegir les seves fam\u00edlies, es van quedar a dormir a la resid\u00e8ncia. Vaig contractar un parell de cuidadores m\u00e9s per donar suport, ja que treballar amb PROTOCOL de possible entrada de COVID \u00e9s MOLTA, MOLTA m\u00e9s feina. Cal tenir els avis distanciats, treballar amb EPIs \u00e9s un infern, i tot \u00e9s m\u00e9s lent.<\/span><\/p>\n<p><span style=\"color: #000000;\">Mentrestant distr\u00e8iem al m\u00e0xim els avis i grav\u00e0vem v\u00eddeos per enviar als familiars per tranquil\u00b7litzar-los al m\u00e0xim.<\/span><\/p>\n<p><span style=\"color: #000000;\">Al final, aquesta falsa alarma va ser un bon SIMULACRE.<\/span><\/p>\n<p><span style=\"color: #000000;\">&#8211;<strong>FASE DE PREPARACI\u00d3. A partir d\u2019ara qu\u00e8? Preparar-nos per a la TARDOR\/HIVERN<\/strong><\/span><\/p>\n<p><span style=\"color: #000000;\">Ara estem funcionant m\u00e9s o menys de manera \u00abnormal\u00bb. Les fam\u00edlies visiten els avis des del carrer. Sembla que tot poc a poc torna a la normalitat. La resta de personal ja s\u2019ha incorporat (fisioterapeutes, monitores, etc.).<\/span><\/p>\n<p><span style=\"color: #000000;\">Per\u00f2 gr\u00e0cies al simulacre que vam tenir hem vist quines coses es poden MILLORAR, per si de CAS torna a \u00abLIAR-se la cosa.\u00bb<\/span><\/p>\n<p><span style=\"color: #000000;\">Aix\u00ed que ara ens estem PREPARANT per a la TARDOR\/HIVERN. Fem alguns canvis estructurals petits i comprem materials, que ens ajudaran si en un futur toca activar el protocol de nou. Aix\u00ed que, de nou, estem fent despesa per la COVID.<\/span><\/p>\n<p><span style=\"color: #000000;\"><strong>Recapitulant, que hem apr\u00e8s?<\/strong><\/span><\/p>\n<p><span style=\"color: #000000;\">A data d\u2019avui, 25 de maig, puc dir amb tranquil\u00b7litat que, de moment, ens hem salvat de la COVID. Crec que a part de l\u2019esfor\u00e7 de tothom, segurament hi ha hagut un factor sort, i ho dic per defensar altres resid\u00e8ncies que, tot i els esfor\u00e7os que han fet, s\u00ed que els ha entrat el virus.<\/span><\/p>\n<p><span style=\"color: #000000;\">Voldria reivindicar que el cuidatge que el personal d\u2019una resid\u00e8ncia fa als seus avis \u00e9s molt m\u00e9s \u00cdNTIM que el que, per exemple, es d\u00f3na en un box de l\u2019hospital. Per tant, l\u2019autoprotecci\u00f3 \u00e9s essencial, aix\u00f2 no sempre ho han tingut en compte les autoritats (que encara el 23 mar\u00e7 en els seus protocols recomanaven nom\u00e9s l\u2019\u00fas de mascaretes quir\u00fargiques i guants a les cuidadores que tractaven avis amb COVID).<\/span><\/p>\n<p><span style=\"color: #000000;\">Resumint, l\u2019empresa \u00e9s com qualsevol \u00e9sser viu i esperem que ara ens toqui ADAPTAR-NOS i NO MORIR. A mi, personalment, els canvis no m\u2019angoixen, penso que sempre s\u00f3n oportunitats per millorar. Per exemple, a partir d\u2019ara, no caldr\u00e0 una epid\u00e8mia, i la pres\u00e8ncia de simptomatologia per qualsevol VIRUS respiratori (no nom\u00e9s coronavirus, sin\u00f3 per exemple tamb\u00e9 la grip o d\u2019altres que corren) activar\u00e0 protocols de contenci\u00f3 de la propagaci\u00f3 als avis o al personal que fins ara no ten\u00edem en compte.<\/span><\/p>\n<p><span style=\"color: #000000;\">El que queda clar \u00e9s que, independentment del risc d\u2019epid\u00e8mia, s\u2019ha acabat anar tossint i moquejant lliurement pel m\u00f3n. Tots hem apr\u00e8s com evitar propagar els virus. Aquest canvi ja est\u00e0 instaurat a la societat.<\/span><\/p>\n<p><span style=\"color: #000000;\">Moltes gr\u00e0cies.<\/span><\/p>\n<p><span style=\"color: #000000;\">\u00a0<\/span><\/p>\n<p>&nbsp;<\/p>\n<p><span style=\"color: #000000;\">Marta Ca\u00f1is Parera<\/span><\/p>\n<p><span style=\"color: #000000;\">La Bisbal del Pened\u00e8s, 25 de maig de 2020<\/span><\/p>\n<p>&nbsp;<\/p>\n","protected":false},"excerpt":{"rendered":"<p>Aquest dimecres 27 de maig, a les 12h, publicarem la xerrada a c\u00e0rrec de la directora\u00a0\u00a0de la Resid\u00e8ncia d\u2019avis El Colomer, Marta Ca\u00f1\u00eds Parera, sobre com est\u00e0 vivint la situaci\u00f3 &hellip; <a href=\"https:\/\/bisbalpenedes.com\/web\/2020\/05\/26\/aquest-dimecres-la-marta-canis-ens-oferira-una-xerrada-sobre-com-sesta-vivint-la-situacio-generada-per-la-covid-19-des-de-la-residencia-el-colomer\/\" class=\"more-link\">Read More<\/a><\/p>\n","protected":false},"author":4,"featured_media":13613,"comment_status":"closed","ping_status":"closed","sticky":false,"template":"","format":"standard","meta":[],"categories":[3822],"tags":[3559,326,305,1857,3844,10,3613,45],"_links":{"self":[{"href":"https:\/\/bisbalpenedes.com\/web\/wp-json\/wp\/v2\/posts\/13612"}],"collection":[{"href":"https:\/\/bisbalpenedes.com\/web\/wp-json\/wp\/v2\/posts"}],"about":[{"href":"https:\/\/bisbalpenedes.com\/web\/wp-json\/wp\/v2\/types\/post"}],"author":[{"embeddable":true,"href":"https:\/\/bisbalpenedes.com\/web\/wp-json\/wp\/v2\/users\/4"}],"replies":[{"embeddable":true,"href":"https:\/\/bisbalpenedes.com\/web\/wp-json\/wp\/v2\/comments?post=13612"}],"version-history":[{"count":7,"href":"https:\/\/bisbalpenedes.com\/web\/wp-json\/wp\/v2\/posts\/13612\/revisions"}],"predecessor-version":[{"id":13633,"href":"https:\/\/bisbalpenedes.com\/web\/wp-json\/wp\/v2\/posts\/13612\/revisions\/13633"}],"wp:featuredmedia":[{"embeddable":true,"href":"https:\/\/bisbalpenedes.com\/web\/wp-json\/wp\/v2\/media\/13613"}],"wp:attachment":[{"href":"https:\/\/bisbalpenedes.com\/web\/wp-json\/wp\/v2\/media?parent=13612"}],"wp:term":[{"taxonomy":"category","embeddable":true,"href":"https:\/\/bisbalpenedes.com\/web\/wp-json\/wp\/v2\/categories?post=13612"},{"taxonomy":"post_tag","embeddable":true,"href":"https:\/\/bisbalpenedes.com\/web\/wp-json\/wp\/v2\/tags?post=13612"}],"curies":[{"name":"wp","href":"https:\/\/api.w.org\/{rel}","templated":true}]}}