{"id":13609,"date":"2020-05-26T09:22:02","date_gmt":"2020-05-26T08:22:02","guid":{"rendered":"http:\/\/bisbalpenedes.com\/web\/?p=13609"},"modified":"2020-05-26T09:22:29","modified_gmt":"2020-05-26T08:22:29","slug":"conveni_adf_clot_de_bou","status":"publish","type":"post","link":"https:\/\/bisbalpenedes.com\/web\/2020\/05\/26\/conveni_adf_clot_de_bou\/","title":{"rendered":"La Junta de Govern ha aprovat un conveni amb l&#8217;ADF Clot de Bou per a l&#8217;any 2020"},"content":{"rendered":"<p style=\"text-align: justify;\"><span style=\"color: #000000;\">La Junta de Govern del 25 de maig, a petici\u00f3 de la Regidoria de Medi Ambient, ha aprovat el conveni amb l\u2019ADF Clot de Bou per a l\u2019any 2020.<\/span><\/p>\n<p style=\"text-align: justify;\"><span style=\"color: #000000;\">L\u2019Ajuntament de la Bisbal del Pened\u00e8s aporta 5.000\u20ac a l\u2019ADF Clot de Bou perqu\u00e8 aquesta entitat col\u00b7labori contra incendis forestals i en el Pla d\u2019Actuaci\u00f3 Municipal. Mitjan\u00e7ant el conveni, l\u2019ADF Clot de Bou es compromet a participar en les tasques de prevenci\u00f3 d\u2019incendis en aquells actes que organitzi l\u2019Ajuntament, com ara espectacles pirot\u00e8cnics, i en les actuacions sobre l\u2019arbrat p\u00fablic i la neteja vi\u00e0ria en casos excepcionals. A m\u00e9s, el contracte de col\u00b7laboraci\u00f3 posa especial \u00e8mfasi en la col\u00b7laboraci\u00f3 priorit\u00e0ria de l\u2019entitat en cas d\u2019haver d\u2019extingir incendis forestals o prevenir-los, en cas de situacions declarades d\u2019alt risc d\u2019incendi.<\/span><\/p>\n<p style=\"text-align: justify;\"><span style=\"color: #000000;\">L\u2019ADF Clot de Bou haur\u00e0 de justificar, com a m\u00e0xim el 31 de gener de 2021, l\u2019aplicaci\u00f3 de la subvenci\u00f3 concedida mitjan\u00e7ant la documentaci\u00f3 que li requereixi l\u2019Ajuntament de la Bisbal del Pened\u00e8s.<\/span><\/p>\n<p style=\"text-align: justify;\"><span style=\"color: #000000;\">Des de l\u2019Ajuntament de la Bisbal del Pened\u00e8s volem agrair les tasques de desinfecci\u00f3 dels carrers del municipi realitzades per l\u2019entitat durant les darreres setmanes.<\/span><\/p>\n<hr \/>\n<p style=\"text-align: justify;\"><span style=\"color: #000000;\"><strong>CASTELLANO |<\/strong> La Junta de Gobierno del 25 de mayo, a petici\u00f3n de la Concejal\u00eda de Medio Ambiente, ha aprobado el convenio con la ADF Clot de Bou para el a\u00f1o 2020.<\/span><\/p>\n<p style=\"text-align: justify;\"><span style=\"color: #000000;\">El Ayuntamiento de la Bisbal del Pened\u00e8s aporta 5.000\u20ac a la ADF Clot de Bou para que esta entidad colabore contra incendios forestales y en el Plan de Actuaci\u00f3n Municipal. Mediante el convenio, la ADF Clot de Bou se compromete a participar en los trabajos de prevenci\u00f3n de incendios en aquellos actos que organice el Ayuntamiento, como por ejemplo espect\u00e1culos pirot\u00e9cnicos, y en las actuaciones sobre el arbolado p\u00fablico y la limpieza vial en casos excepcionales. Adem\u00e1s, el contrato de colaboraci\u00f3n pone especial \u00e9nfasis en la colaboraci\u00f3n prioritaria de la entidad en caso de tener que extinguir incendios forestales o prevenirlos, en caso de situaciones declaradas de alto riesgo de incendio.<\/span><\/p>\n<p style=\"text-align: justify;\"><span style=\"color: #000000;\">La ADF Clot de bou deber\u00e1 justificar, como m\u00e1ximo el 31 de enero de 2020, la aplicaci\u00f3n de la subvenci\u00f3n concedida mediante la documentaci\u00f3n que le requiera el Ayuntamiento de la Bisbal del Pened\u00e8s.<\/span><\/p>\n<p style=\"text-align: justify;\"><span style=\"color: #000000;\">Desde el Ayuntamiento de la Bisbal del Pened\u00e8s queremos agradecer los trabajos de desinfecci\u00f3n de las calles del municipio realizadas por la entidad durante las \u00faltimas semanas.<\/span><\/p>\n","protected":false},"excerpt":{"rendered":"<p>La Junta de Govern del 25 de maig, a petici\u00f3 de la Regidoria de Medi Ambient, ha aprovat el conveni amb l\u2019ADF Clot de Bou per a l\u2019any 2020. L\u2019Ajuntament &hellip; <a href=\"https:\/\/bisbalpenedes.com\/web\/2020\/05\/26\/conveni_adf_clot_de_bou\/\" class=\"more-link\">Read More<\/a><\/p>\n","protected":false},"author":4,"featured_media":13038,"comment_status":"closed","ping_status":"closed","sticky":false,"template":"","format":"standard","meta":[],"categories":[32],"tags":[1775,220,3326],"_links":{"self":[{"href":"https:\/\/bisbalpenedes.com\/web\/wp-json\/wp\/v2\/posts\/13609"}],"collection":[{"href":"https:\/\/bisbalpenedes.com\/web\/wp-json\/wp\/v2\/posts"}],"about":[{"href":"https:\/\/bisbalpenedes.com\/web\/wp-json\/wp\/v2\/types\/post"}],"author":[{"embeddable":true,"href":"https:\/\/bisbalpenedes.com\/web\/wp-json\/wp\/v2\/users\/4"}],"replies":[{"embeddable":true,"href":"https:\/\/bisbalpenedes.com\/web\/wp-json\/wp\/v2\/comments?post=13609"}],"version-history":[{"count":2,"href":"https:\/\/bisbalpenedes.com\/web\/wp-json\/wp\/v2\/posts\/13609\/revisions"}],"predecessor-version":[{"id":13611,"href":"https:\/\/bisbalpenedes.com\/web\/wp-json\/wp\/v2\/posts\/13609\/revisions\/13611"}],"wp:featuredmedia":[{"embeddable":true,"href":"https:\/\/bisbalpenedes.com\/web\/wp-json\/wp\/v2\/media\/13038"}],"wp:attachment":[{"href":"https:\/\/bisbalpenedes.com\/web\/wp-json\/wp\/v2\/media?parent=13609"}],"wp:term":[{"taxonomy":"category","embeddable":true,"href":"https:\/\/bisbalpenedes.com\/web\/wp-json\/wp\/v2\/categories?post=13609"},{"taxonomy":"post_tag","embeddable":true,"href":"https:\/\/bisbalpenedes.com\/web\/wp-json\/wp\/v2\/tags?post=13609"}],"curies":[{"name":"wp","href":"https:\/\/api.w.org\/{rel}","templated":true}]}}