{"id":13606,"date":"2020-05-25T19:13:43","date_gmt":"2020-05-25T18:13:43","guid":{"rendered":"http:\/\/bisbalpenedes.com\/web\/?p=13606"},"modified":"2020-05-25T19:13:43","modified_gmt":"2020-05-25T18:13:43","slug":"aquest-dilluns-sha-celebrat-la-primera-junta-de-govern-telematica-de-lajuntament-de-la-bisbal-del-penedes","status":"publish","type":"post","link":"https:\/\/bisbalpenedes.com\/web\/2020\/05\/25\/aquest-dilluns-sha-celebrat-la-primera-junta-de-govern-telematica-de-lajuntament-de-la-bisbal-del-penedes\/","title":{"rendered":"Aquest dilluns s\u2019ha celebrat la primera Junta de Govern telem\u00e0tica de l\u2019Ajuntament de la Bisbal del Pened\u00e8s"},"content":{"rendered":"<p><a href=\"http:\/\/bisbalpenedes.com\/web\/wp-content\/uploads\/2020\/05\/200525-JDG-FOTO.jpg\"><img loading=\"lazy\" class=\"aligncenter size-large wp-image-13607\" src=\"http:\/\/bisbalpenedes.com\/web\/wp-content\/uploads\/2020\/05\/200525-JDG-FOTO-1024x462.jpg\" alt=\"200525 JDG FOTO\" width=\"630\" height=\"284\" srcset=\"https:\/\/bisbalpenedes.com\/web\/wp-content\/uploads\/2020\/05\/200525-JDG-FOTO-1024x462.jpg 1024w, https:\/\/bisbalpenedes.com\/web\/wp-content\/uploads\/2020\/05\/200525-JDG-FOTO-600x271.jpg 600w, https:\/\/bisbalpenedes.com\/web\/wp-content\/uploads\/2020\/05\/200525-JDG-FOTO-300x135.jpg 300w, https:\/\/bisbalpenedes.com\/web\/wp-content\/uploads\/2020\/05\/200525-JDG-FOTO-768x347.jpg 768w, https:\/\/bisbalpenedes.com\/web\/wp-content\/uploads\/2020\/05\/200525-JDG-FOTO.jpg 1353w\" sizes=\"(max-width: 630px) 100vw, 630px\" \/><\/a><\/p>\n<p style=\"text-align: justify;\"><span style=\"color: #000000;\">Aquest dilluns 25 de maig, a les 19h, s\u2019ha celebrat la primera Junta de Govern telem\u00e0tica de l\u2019Ajuntament de la Bisbal del Pened\u00e8s amb l\u2019aplicatiu Localretmeet.<\/span><\/p>\n<p style=\"text-align: justify;\"><span style=\"color: #000000;\">A mitjans de mar\u00e7 es va decretar l\u2019estat d\u2019alarma i es va haver de suspendre la celebraci\u00f3 d\u2019\u00f2rgans col\u00b7legiats. El passat 11 de maig es va aprovar, per Ple, la celebraci\u00f3 a dist\u00e0ncia de les sessions dels \u00f2rgans col\u00b7legiats i tamb\u00e9 la inclusi\u00f3 d\u2019aquesta modalitat de celebraci\u00f3 de les sessions al Reglament Org\u00e0nic Municipal. Aix\u00f2 ha perm\u00e8s que, avui, s\u2019hagi pogut celebrar l\u2019esmentada Junta de Govern.<\/span><\/p>\n<p style=\"text-align: justify;\"><span style=\"color: #000000;\">L\u2019alcaldessa Agn\u00e8s Ferr\u00e9 ha explicat que \u201cdurant l\u2019estat d\u2019alarma l\u2019Ajuntament de la Bisbal del Pened\u00e8s no ha aturat l\u2019activitat en cap moment, aprovant moltes propostes per Decret d\u2019alcaldia i celebrant un Ple extraordinari per aprovar convocat\u00f2ries d\u2019ajuts a fam\u00edlies, aut\u00f2noms i empresaris afectats per la Covid-19. Durant aquestes setmanes s\u2019han preparat propostes sense aprovar-les per\u00f2 cal aprovar-les per Junta de Govern per poder-les executar. Entre aquestes hi ha permisos d\u2019obres o lliurament de targetes noves per al Punt Verd (que va estar tancat fins a la setmana passada), entre altres\u201d.<\/span><\/p>\n<hr \/>\n<p style=\"text-align: justify;\"><span style=\"color: #000000;\"><strong>CASTELLANO |<\/strong> Este lunes 25 de mayo, a las 19h, se ha celebrado la primera Junta de Gobierno telem\u00e1tica del Ayuntamiento de la Bisbal del Pened\u00e8s con la aplicaci\u00f3n Localretmeet.<\/span><\/p>\n<p style=\"text-align: justify;\"><span style=\"color: #000000;\">A mediados de marzo se decret\u00f3 el estado de alarma y se tuvo que suspender la celebraci\u00f3n de \u00f3rganos colegiados. El pasado 11 de mayo se aprob\u00f3, por Pleno, la celebraci\u00f3n a distancia de las sesiones de los \u00f3rganos colegiados y tambi\u00e9n la inclusi\u00f3n de esta modalidad de celebraci\u00f3n de las sesiones en el Reglamento Org\u00e1nico Municipal. Esto ha permitido que, hoy, se haya podido celebrar dicha sesi\u00f3n de la Junta de Gobierno.<\/span><\/p>\n<p style=\"text-align: justify;\"><span style=\"color: #000000;\">La alcaldesa Agn\u00e8s Ferr\u00e9 ha explicado que \u201cdurante el estado de alarma el Ayuntamiento de la Bisbal del Pened\u00e8s no ha parado la actividad en ning\u00fan momento, aprobando muchas propuestas por Decreto de alcald\u00eda y celebrando un Pleno extraordinario para aprobar convocatorias de ayudas a familias, aut\u00f3nomos y empresarios afectados por el Covid-19. Durante estas semanas se han preparado propuestas sin aprobarlas pero es necesario que se aprueben por Junta de Gobierno para poderlas ejecutar. Entre estas est\u00e1n los permisos de obras y entrega de tarjetas nuevas para el Punt Verd (que ha estuvo cerrado hasta la semana pasada), entre otras\u201d.<\/span><\/p>\n","protected":false},"excerpt":{"rendered":"<p>Aquest dilluns 25 de maig, a les 19h, s\u2019ha celebrat la primera Junta de Govern telem\u00e0tica de l\u2019Ajuntament de la Bisbal del Pened\u00e8s amb l\u2019aplicatiu Localretmeet. A mitjans de mar\u00e7 &hellip; <a href=\"https:\/\/bisbalpenedes.com\/web\/2020\/05\/25\/aquest-dilluns-sha-celebrat-la-primera-junta-de-govern-telematica-de-lajuntament-de-la-bisbal-del-penedes\/\" class=\"more-link\">Read More<\/a><\/p>\n","protected":false},"author":4,"featured_media":13607,"comment_status":"closed","ping_status":"closed","sticky":false,"template":"","format":"standard","meta":[],"categories":[3085,8],"tags":[686,3843,3842],"_links":{"self":[{"href":"https:\/\/bisbalpenedes.com\/web\/wp-json\/wp\/v2\/posts\/13606"}],"collection":[{"href":"https:\/\/bisbalpenedes.com\/web\/wp-json\/wp\/v2\/posts"}],"about":[{"href":"https:\/\/bisbalpenedes.com\/web\/wp-json\/wp\/v2\/types\/post"}],"author":[{"embeddable":true,"href":"https:\/\/bisbalpenedes.com\/web\/wp-json\/wp\/v2\/users\/4"}],"replies":[{"embeddable":true,"href":"https:\/\/bisbalpenedes.com\/web\/wp-json\/wp\/v2\/comments?post=13606"}],"version-history":[{"count":1,"href":"https:\/\/bisbalpenedes.com\/web\/wp-json\/wp\/v2\/posts\/13606\/revisions"}],"predecessor-version":[{"id":13608,"href":"https:\/\/bisbalpenedes.com\/web\/wp-json\/wp\/v2\/posts\/13606\/revisions\/13608"}],"wp:featuredmedia":[{"embeddable":true,"href":"https:\/\/bisbalpenedes.com\/web\/wp-json\/wp\/v2\/media\/13607"}],"wp:attachment":[{"href":"https:\/\/bisbalpenedes.com\/web\/wp-json\/wp\/v2\/media?parent=13606"}],"wp:term":[{"taxonomy":"category","embeddable":true,"href":"https:\/\/bisbalpenedes.com\/web\/wp-json\/wp\/v2\/categories?post=13606"},{"taxonomy":"post_tag","embeddable":true,"href":"https:\/\/bisbalpenedes.com\/web\/wp-json\/wp\/v2\/tags?post=13606"}],"curies":[{"name":"wp","href":"https:\/\/api.w.org\/{rel}","templated":true}]}}