{"id":13600,"date":"2020-05-25T11:29:09","date_gmt":"2020-05-25T10:29:09","guid":{"rendered":"http:\/\/bisbalpenedes.com\/web\/?p=13600"},"modified":"2020-05-25T12:03:49","modified_gmt":"2020-05-25T11:03:49","slug":"el-passat-dijous-es-van-reprendre-les-obres-de-construccio-de-la-rotonda-que-connectara-la-c-51-amb-la-t-240","status":"publish","type":"post","link":"https:\/\/bisbalpenedes.com\/web\/2020\/05\/25\/el-passat-dijous-es-van-reprendre-les-obres-de-construccio-de-la-rotonda-que-connectara-la-c-51-amb-la-t-240\/","title":{"rendered":"El passat dijous es van reprendre les obres de construcci\u00f3 de la rotonda que connectar\u00e0 la C-51 amb la T-240"},"content":{"rendered":"<div class=\"\" data-block=\"true\" data-editor=\"2vi3o\" data-offset-key=\"9f8uu-0-0\">\n<div class=\"_1mf _1mj\" style=\"text-align: justify;\" data-offset-key=\"9f8uu-0-0\"><span style=\"color: #000000;\" data-offset-key=\"44aem-0-0\"><span data-text=\"true\">L\u2019Ajuntament de la Bisbal del Pened\u00e8s us informa que les obres de construcci\u00f3 de la rotonda que connectar\u00e0 la C-51 amb la T-240 es van reprendre el passat dijous 21 de maig. Avui dilluns es continua treballant en el moviment de terres i se\u2019ns ha informat que, des de la Generalitat, esperen rebre una actualitzaci\u00f3 del pla de treballs, per part del contractista, per con\u00e8ixer els terminis i la data prevista per al final de l\u2019obra. La rotonda tindr\u00e0 56 metres de di\u00e0metre exterior i comptar\u00e0 amb 6 ramals. Els treballs de construcci\u00f3 de la rotonda van a c\u00e0rrec de la Generalitat de Catalunya.<\/span><\/span><\/div>\n<\/div>\n<div class=\"\" style=\"text-align: justify;\" data-block=\"true\" data-editor=\"2vi3o\" data-offset-key=\"44aem-0-0\"><\/div>\n<div class=\"\" style=\"text-align: justify;\" data-block=\"true\" data-editor=\"2vi3o\" data-offset-key=\"23jh3-0-0\">\n<div class=\"_1mf _1mj\" data-offset-key=\"23jh3-0-0\">\n<hr \/>\n<\/div>\n<\/div>\n<div class=\"\" data-block=\"true\" data-editor=\"2vi3o\" data-offset-key=\"ah9e7-0-0\">\n<div class=\"_1mf _1mj\" style=\"text-align: justify;\" data-offset-key=\"ah9e7-0-0\"><span style=\"color: #000000;\"><strong>CASTELLANO |<\/strong> El Ayuntamiento de la Bisbal del Pened\u00e8s os informa de que las obras de construcci\u00f3n de la rotonda que conectar\u00e1 la C-51 con la T-240 se retomaron el pasado jueves 21 de mayo. Hoy lunes se contin\u00faa trabajando en el movimiento de tierras y se nos ha informado de que, desde la Generalitat, esperan recibir una actualizaci\u00f3n del plan de trabajos, por parte del contratista, para conocer los plazos y la fecha prevista para el final de la obra. La rotonda tendr\u00e1 56 metros de di\u00e1metro y contar\u00e1 con 6 ramales. Los trabajos de construcci\u00f3n de la rotonda van a cargo de la Generalitat de Catalunya.<\/span><\/div>\n<\/div>\n<div class=\"_1mf _1mj\" data-offset-key=\"2i0tu-0-0\">\n<div id='gallery-1' class='gallery galleryid-13600 gallery-columns-3 gallery-size-thumbnail'><figure class='gallery-item'>\n\t\t\t<div class='gallery-icon landscape'>\n\t\t\t\t<a href='https:\/\/bisbalpenedes.com\/web\/2020\/05\/25\/el-passat-dijous-es-van-reprendre-les-obres-de-construccio-de-la-rotonda-que-connectara-la-c-51-amb-la-t-240\/img_8841\/'><img width=\"150\" height=\"150\" src=\"https:\/\/bisbalpenedes.com\/web\/wp-content\/uploads\/2020\/05\/IMG_8841-150x150.jpg\" class=\"attachment-thumbnail size-thumbnail\" alt=\"\" loading=\"lazy\" srcset=\"https:\/\/bisbalpenedes.com\/web\/wp-content\/uploads\/2020\/05\/IMG_8841-150x150.jpg 150w, https:\/\/bisbalpenedes.com\/web\/wp-content\/uploads\/2020\/05\/IMG_8841-300x300.jpg 300w, https:\/\/bisbalpenedes.com\/web\/wp-content\/uploads\/2020\/05\/IMG_8841-100x100.jpg 100w\" sizes=\"(max-width: 150px) 100vw, 150px\" \/><\/a>\n\t\t\t<\/div><\/figure><figure class='gallery-item'>\n\t\t\t<div class='gallery-icon landscape'>\n\t\t\t\t<a href='https:\/\/bisbalpenedes.com\/web\/2020\/05\/25\/el-passat-dijous-es-van-reprendre-les-obres-de-construccio-de-la-rotonda-que-connectara-la-c-51-amb-la-t-240\/img_8843\/'><img width=\"150\" height=\"150\" src=\"https:\/\/bisbalpenedes.com\/web\/wp-content\/uploads\/2020\/05\/IMG_8843-150x150.jpg\" class=\"attachment-thumbnail size-thumbnail\" alt=\"\" loading=\"lazy\" srcset=\"https:\/\/bisbalpenedes.com\/web\/wp-content\/uploads\/2020\/05\/IMG_8843-150x150.jpg 150w, https:\/\/bisbalpenedes.com\/web\/wp-content\/uploads\/2020\/05\/IMG_8843-300x300.jpg 300w, https:\/\/bisbalpenedes.com\/web\/wp-content\/uploads\/2020\/05\/IMG_8843-100x100.jpg 100w\" sizes=\"(max-width: 150px) 100vw, 150px\" \/><\/a>\n\t\t\t<\/div><\/figure><figure class='gallery-item'>\n\t\t\t<div class='gallery-icon landscape'>\n\t\t\t\t<a href='https:\/\/bisbalpenedes.com\/web\/2020\/05\/25\/el-passat-dijous-es-van-reprendre-les-obres-de-construccio-de-la-rotonda-que-connectara-la-c-51-amb-la-t-240\/img_8848\/'><img width=\"150\" height=\"150\" src=\"https:\/\/bisbalpenedes.com\/web\/wp-content\/uploads\/2020\/05\/IMG_8848-150x150.jpg\" class=\"attachment-thumbnail size-thumbnail\" alt=\"\" loading=\"lazy\" srcset=\"https:\/\/bisbalpenedes.com\/web\/wp-content\/uploads\/2020\/05\/IMG_8848-150x150.jpg 150w, https:\/\/bisbalpenedes.com\/web\/wp-content\/uploads\/2020\/05\/IMG_8848-300x300.jpg 300w, https:\/\/bisbalpenedes.com\/web\/wp-content\/uploads\/2020\/05\/IMG_8848-100x100.jpg 100w\" sizes=\"(max-width: 150px) 100vw, 150px\" \/><\/a>\n\t\t\t<\/div><\/figure>\n\t\t<\/div>\n\n<\/div>\n<div class=\"\" data-block=\"true\" data-editor=\"2vi3o\" data-offset-key=\"bdm00-0-0\"><\/div>\n","protected":false},"excerpt":{"rendered":"<p>L\u2019Ajuntament de la Bisbal del Pened\u00e8s us informa que les obres de construcci\u00f3 de la rotonda que connectar\u00e0 la C-51 amb la T-240 es van reprendre el passat dijous 21 &hellip; <a href=\"https:\/\/bisbalpenedes.com\/web\/2020\/05\/25\/el-passat-dijous-es-van-reprendre-les-obres-de-construccio-de-la-rotonda-que-connectara-la-c-51-amb-la-t-240\/\" class=\"more-link\">Read More<\/a><\/p>\n","protected":false},"author":4,"featured_media":13601,"comment_status":"closed","ping_status":"closed","sticky":false,"template":"","format":"standard","meta":[],"categories":[3840],"tags":[299,3841,298,715],"_links":{"self":[{"href":"https:\/\/bisbalpenedes.com\/web\/wp-json\/wp\/v2\/posts\/13600"}],"collection":[{"href":"https:\/\/bisbalpenedes.com\/web\/wp-json\/wp\/v2\/posts"}],"about":[{"href":"https:\/\/bisbalpenedes.com\/web\/wp-json\/wp\/v2\/types\/post"}],"author":[{"embeddable":true,"href":"https:\/\/bisbalpenedes.com\/web\/wp-json\/wp\/v2\/users\/4"}],"replies":[{"embeddable":true,"href":"https:\/\/bisbalpenedes.com\/web\/wp-json\/wp\/v2\/comments?post=13600"}],"version-history":[{"count":2,"href":"https:\/\/bisbalpenedes.com\/web\/wp-json\/wp\/v2\/posts\/13600\/revisions"}],"predecessor-version":[{"id":13605,"href":"https:\/\/bisbalpenedes.com\/web\/wp-json\/wp\/v2\/posts\/13600\/revisions\/13605"}],"wp:featuredmedia":[{"embeddable":true,"href":"https:\/\/bisbalpenedes.com\/web\/wp-json\/wp\/v2\/media\/13601"}],"wp:attachment":[{"href":"https:\/\/bisbalpenedes.com\/web\/wp-json\/wp\/v2\/media?parent=13600"}],"wp:term":[{"taxonomy":"category","embeddable":true,"href":"https:\/\/bisbalpenedes.com\/web\/wp-json\/wp\/v2\/categories?post=13600"},{"taxonomy":"post_tag","embeddable":true,"href":"https:\/\/bisbalpenedes.com\/web\/wp-json\/wp\/v2\/tags?post=13600"}],"curies":[{"name":"wp","href":"https:\/\/api.w.org\/{rel}","templated":true}]}}