{"id":13590,"date":"2020-05-24T11:39:44","date_gmt":"2020-05-24T10:39:44","guid":{"rendered":"http:\/\/bisbalpenedes.com\/web\/?p=13590"},"modified":"2020-05-25T07:57:38","modified_gmt":"2020-05-25T06:57:38","slug":"preguntes-frequents-que-puc-fer-i-que-no-puc-fer-en-la-fase-2-de-desconfinament","status":"publish","type":"post","link":"https:\/\/bisbalpenedes.com\/web\/2020\/05\/24\/preguntes-frequents-que-puc-fer-i-que-no-puc-fer-en-la-fase-2-de-desconfinament\/","title":{"rendered":"Preguntes Freq\u00fcents: qu\u00e8 puc fer i qu\u00e8 no puc fer en la Fase 2 de desconfinament?"},"content":{"rendered":"<div class=\"\" data-block=\"true\" data-editor=\"3t9ut\" data-offset-key=\"efs8q-0-0\">\n<div class=\"_1mf _1mj\" style=\"text-align: justify;\" data-offset-key=\"efs8q-0-0\"><a href=\"http:\/\/bisbalpenedes.com\/web\/wp-content\/uploads\/2020\/05\/IMG_7614.jpg\"><img loading=\"lazy\" class=\"aligncenter size-large wp-image-13591\" src=\"http:\/\/bisbalpenedes.com\/web\/wp-content\/uploads\/2020\/05\/IMG_7614-724x1024.jpg\" alt=\"faqs fase 2-1\" width=\"630\" height=\"891\" srcset=\"https:\/\/bisbalpenedes.com\/web\/wp-content\/uploads\/2020\/05\/IMG_7614-724x1024.jpg 724w, https:\/\/bisbalpenedes.com\/web\/wp-content\/uploads\/2020\/05\/IMG_7614-600x849.jpg 600w, https:\/\/bisbalpenedes.com\/web\/wp-content\/uploads\/2020\/05\/IMG_7614-212x300.jpg 212w, https:\/\/bisbalpenedes.com\/web\/wp-content\/uploads\/2020\/05\/IMG_7614-768x1086.jpg 768w, https:\/\/bisbalpenedes.com\/web\/wp-content\/uploads\/2020\/05\/IMG_7614.jpg 1131w\" sizes=\"(max-width: 630px) 100vw, 630px\" \/><\/a><\/div>\n<div class=\"_1mf _1mj\" style=\"text-align: justify;\" data-offset-key=\"efs8q-0-0\"><a href=\"http:\/\/bisbalpenedes.com\/web\/wp-content\/uploads\/2020\/05\/IMG_7615.jpg\"><img loading=\"lazy\" class=\"aligncenter size-large wp-image-13592\" src=\"http:\/\/bisbalpenedes.com\/web\/wp-content\/uploads\/2020\/05\/IMG_7615-724x1024.jpg\" alt=\"faqs fase 2-2\" width=\"630\" height=\"891\" srcset=\"https:\/\/bisbalpenedes.com\/web\/wp-content\/uploads\/2020\/05\/IMG_7615-724x1024.jpg 724w, https:\/\/bisbalpenedes.com\/web\/wp-content\/uploads\/2020\/05\/IMG_7615-600x849.jpg 600w, https:\/\/bisbalpenedes.com\/web\/wp-content\/uploads\/2020\/05\/IMG_7615-212x300.jpg 212w, https:\/\/bisbalpenedes.com\/web\/wp-content\/uploads\/2020\/05\/IMG_7615-768x1086.jpg 768w, https:\/\/bisbalpenedes.com\/web\/wp-content\/uploads\/2020\/05\/IMG_7615.jpg 1131w\" sizes=\"(max-width: 630px) 100vw, 630px\" \/><\/a><\/div>\n<div class=\"_1mf _1mj\" style=\"text-align: justify;\" data-offset-key=\"efs8q-0-0\"><\/div>\n<div class=\"_1mf _1mj\" style=\"text-align: justify;\" data-offset-key=\"efs8q-0-0\"><span style=\"color: #000000;\" data-offset-key=\"efs8q-0-0\"><span data-text=\"true\">Dem\u00e0 dilluns entrem a la Fase 2 de desconfinament. Us adjuntem una infografia de Protecci\u00f3 Civil amb les preguntes freq\u00fcents sobre qu\u00e8 es pot fer i qu\u00e8 no es pot fer en la Fase 2.<\/span><\/span><\/div>\n<\/div>\n<div class=\"\" style=\"text-align: justify;\" data-block=\"true\" data-editor=\"3t9ut\" data-offset-key=\"frj9-0-0\">\n<div class=\"_1mf _1mj\" data-offset-key=\"frj9-0-0\"><span style=\"color: #000000;\" data-offset-key=\"frj9-0-0\"><span data-text=\"true\">Trobareu m\u00e9s informaci\u00f3 en aquest enlla\u00e7: <a style=\"color: #000000;\" href=\"https:\/\/interior.gencat.cat\/ca\/arees_dactuacio\/proteccio_civil\/consells_autoproteccio_emergencia\/malalties-transmissibles-emergents-amb-potencial-alt-risc-\/fase-2\/\" target=\"_blank\">https:\/\/interior.gencat.cat\/ca\/arees_dactuacio\/proteccio_civil\/consells_autoproteccio_emergencia\/malalties-transmissibles-emergents-amb-potencial-alt-risc-\/fase-2\/<\/a><\/span><\/span><\/div>\n<\/div>\n<div class=\"_1mf _1mj\" data-offset-key=\"frj9-0-0\"><\/div>\n<div class=\"_1mf _1mj\" data-offset-key=\"frj9-0-0\"><span style=\"color: #000000;\">I en aquest altre:\u00a0<\/span><a href=\"http:\/\/web.gencat.cat\/ca\/coronavirus\/desconfinament-progressiu\/fase-2\/?fbclid=IwAR2slpjATTtyfM2XY_7oCqi-OhLfngZR1HnZpRbuUGB5HTKRx1WkrSNMUm4#bloc2\" target=\"_blank\">http:\/\/web.gencat.cat\/ca\/coronavirus\/desconfinament-progressiu\/fase-2\/?fbclid=IwAR2slpjATTtyfM2XY_7oCqi-OhLfngZR1HnZpRbuUGB5HTKRx1WkrSNMUm4#bloc2<\/a><\/div>\n<div class=\"\" style=\"text-align: justify;\" data-block=\"true\" data-editor=\"3t9ut\" data-offset-key=\"k6n9-0-0\">\n<div class=\"_1mf _1mj\" data-offset-key=\"k6n9-0-0\"><span style=\"color: #000000;\" data-offset-key=\"k6n9-0-0\">\u00a0<\/span><\/div>\n<\/div>\n<div class=\"\" style=\"text-align: justify;\" data-block=\"true\" data-editor=\"3t9ut\" data-offset-key=\"bmie0-0-0\">\n<div class=\"_1mf _1mj\" data-offset-key=\"bmie0-0-0\">\n<hr \/>\n<p><span style=\"color: #000000;\" data-offset-key=\"bmie0-0-0\"><span data-text=\"true\"><br \/>\n<\/span><\/span><\/p>\n<\/div>\n<\/div>\n<div class=\"\" style=\"text-align: justify;\" data-block=\"true\" data-editor=\"3t9ut\" data-offset-key=\"862n4-0-0\">\n<div class=\"_1mf _1mj\" data-offset-key=\"862n4-0-0\"><span style=\"color: #000000;\"><strong>CASTELLANO |<\/strong> Ma\u00f1ana lunes entramos en la Fase 2 de desconfinamiento. Os adjuntamos una infograf\u00eda de Protecci\u00f3n Civil con las preguntas frecuentes sobre qu\u00e9 se puede y qu\u00e9 no se puede hacer en la Fase 2.<\/span><\/div>\n<\/div>\n<div class=\"\" data-block=\"true\" data-editor=\"3t9ut\" data-offset-key=\"1926c-0-0\">\n<div class=\"_1mf _1mj\" style=\"text-align: justify;\" data-offset-key=\"1926c-0-0\"><span style=\"color: #000000;\" data-offset-key=\"1926c-0-0\"><span data-text=\"true\">Encontrar\u00e9is m\u00e1s informaci\u00f3n en este enlace: <a style=\"color: #000000;\" href=\"https:\/\/interior.gencat.cat\/ca\/arees_dactuacio\/proteccio_civil\/consells_autoproteccio_emergencia\/malalties-transmissibles-emergents-amb-potencial-alt-risc-\/fase-2\/\" target=\"_blank\">https:\/\/interior.gencat.cat\/ca\/arees_dactuacio\/proteccio_civil\/consells_autoproteccio_emergencia\/malalties-transmissibles-emergents-amb-potencial-alt-risc-\/fase-2\/<\/a><\/span><\/span><\/div>\n<\/div>\n<div class=\"\" data-block=\"true\" data-editor=\"3t9ut\" data-offset-key=\"5htth-0-0\">\n<div class=\"_1mf _1mj\" data-offset-key=\"5htth-0-0\"><span data-offset-key=\"5htth-0-0\">\u00a0<\/span><\/div>\n<div class=\"_1mf _1mj\" data-offset-key=\"5htth-0-0\"><span style=\"color: #000000;\">Y en este otro:<\/span>\u00a0<a href=\"http:\/\/web.gencat.cat\/ca\/coronavirus\/desconfinament-progressiu\/fase-2\/?fbclid=IwAR2slpjATTtyfM2XY_7oCqi-OhLfngZR1HnZpRbuUGB5HTKRx1WkrSNMUm4#bloc2\" target=\"_blank\">http:\/\/web.gencat.cat\/ca\/coronavirus\/desconfinament-progressiu\/fase-2\/?fbclid=IwAR2slpjATTtyfM2XY_7oCqi-OhLfngZR1HnZpRbuUGB5HTKRx1WkrSNMUm4#bloc2<\/a><\/div>\n<\/div>\n<div class=\"\" data-block=\"true\" data-editor=\"3t9ut\" data-offset-key=\"d3jv1-0-0\"><\/div>\n","protected":false},"excerpt":{"rendered":"<p>Dem\u00e0 dilluns entrem a la Fase 2 de desconfinament. Us adjuntem una infografia de Protecci\u00f3 Civil amb les preguntes freq\u00fcents sobre qu\u00e8 es pot fer i qu\u00e8 no es pot &hellip; <a href=\"https:\/\/bisbalpenedes.com\/web\/2020\/05\/24\/preguntes-frequents-que-puc-fer-i-que-no-puc-fer-en-la-fase-2-de-desconfinament\/\" class=\"more-link\">Read More<\/a><\/p>\n","protected":false},"author":4,"featured_media":13591,"comment_status":"closed","ping_status":"closed","sticky":false,"template":"","format":"standard","meta":[],"categories":[14],"tags":[3550,3559,3764,3582,3836,3580],"_links":{"self":[{"href":"https:\/\/bisbalpenedes.com\/web\/wp-json\/wp\/v2\/posts\/13590"}],"collection":[{"href":"https:\/\/bisbalpenedes.com\/web\/wp-json\/wp\/v2\/posts"}],"about":[{"href":"https:\/\/bisbalpenedes.com\/web\/wp-json\/wp\/v2\/types\/post"}],"author":[{"embeddable":true,"href":"https:\/\/bisbalpenedes.com\/web\/wp-json\/wp\/v2\/users\/4"}],"replies":[{"embeddable":true,"href":"https:\/\/bisbalpenedes.com\/web\/wp-json\/wp\/v2\/comments?post=13590"}],"version-history":[{"count":3,"href":"https:\/\/bisbalpenedes.com\/web\/wp-json\/wp\/v2\/posts\/13590\/revisions"}],"predecessor-version":[{"id":13598,"href":"https:\/\/bisbalpenedes.com\/web\/wp-json\/wp\/v2\/posts\/13590\/revisions\/13598"}],"wp:featuredmedia":[{"embeddable":true,"href":"https:\/\/bisbalpenedes.com\/web\/wp-json\/wp\/v2\/media\/13591"}],"wp:attachment":[{"href":"https:\/\/bisbalpenedes.com\/web\/wp-json\/wp\/v2\/media?parent=13590"}],"wp:term":[{"taxonomy":"category","embeddable":true,"href":"https:\/\/bisbalpenedes.com\/web\/wp-json\/wp\/v2\/categories?post=13590"},{"taxonomy":"post_tag","embeddable":true,"href":"https:\/\/bisbalpenedes.com\/web\/wp-json\/wp\/v2\/tags?post=13590"}],"curies":[{"name":"wp","href":"https:\/\/api.w.org\/{rel}","templated":true}]}}