{"id":13580,"date":"2020-05-24T10:55:56","date_gmt":"2020-05-24T09:55:56","guid":{"rendered":"http:\/\/bisbalpenedes.com\/web\/?p=13580"},"modified":"2020-05-24T10:57:33","modified_gmt":"2020-05-24T09:57:33","slug":"dema-dilluns-comenca-la-3a-setmana-de-les-iii-setmanes-de-lempresa-i-locupacio","status":"publish","type":"post","link":"https:\/\/bisbalpenedes.com\/web\/2020\/05\/24\/dema-dilluns-comenca-la-3a-setmana-de-les-iii-setmanes-de-lempresa-i-locupacio\/","title":{"rendered":"Dem\u00e0 dilluns comen\u00e7a la 3a setmana de les III Setmanes de l&#8217;Empresa i l&#8217;Ocupaci\u00f3"},"content":{"rendered":"<div class=\"\" data-block=\"true\" data-editor=\"5v627\" data-offset-key=\"c4vpl-0-0\">\n<div class=\"_1mf _1mj\" style=\"text-align: justify;\" data-offset-key=\"c4vpl-0-0\"><span style=\"color: #000000;\" data-offset-key=\"c4vpl-0-0\">Dem\u00e0 engeguem la tercera setmana de les III Setmanes de l&#8217;Empresa i l&#8217;Ocupaci\u00f3.<\/span><\/div>\n<\/div>\n<div class=\"\" style=\"text-align: justify;\" data-block=\"true\" data-editor=\"5v627\" data-offset-key=\"ahpq2-0-0\">\n<div class=\"_1mf _1mj\" data-offset-key=\"ahpq2-0-0\"><span style=\"color: #000000;\"><span data-offset-key=\"ahpq2-0-0\">Aquesta tercera setmana la dedicarem a les empreses. Anirem publicant informaci\u00f3 a les xarxes socials, eBando i el web i, a m\u00e9s, tenim previstes tres xerrades que es publicaran -com totes les anteriors- al canal de Youtube <\/span><a style=\"color: #000000;\" href=\"https:\/\/www.youtube.com\/channel\/UCTgH76nz49I4BCCKR18BfhQ\" target=\"_blank\">youtube.com<\/a><\/span><\/div>\n<div class=\"_1mf _1mj\" data-offset-key=\"ahpq2-0-0\"><span style=\"color: #000000;\"><b><u>PROGRAMA<\/u><\/b><\/span><\/div>\n<ul>\n<li><span style=\"color: #000000;\"><span data-offset-key=\"4q766-1-0\">El dilluns, a les 12h, el director gerent de la <\/span><span class=\"_247o\" spellcheck=\"false\" data-offset-key=\"4q766-2-0\"><span data-offset-key=\"4q766-2-0\"><span data-text=\"true\">Cambra de Tarragona<\/span><\/span><\/span><span data-offset-key=\"4q766-3-0\">, Daniel Mart\u00edn, ens apropar\u00e0 la xerrada \u201cRecomanacions de la Cambra de Tarragona durant la fase de desescalada de la Covid-19\u201d.<\/span><\/span><\/li>\n<li><span style=\"color: #000000;\">El dimecres, a les 12h, la directora de la <span class=\"_247o\" spellcheck=\"false\" data-offset-key=\"fu7nm-2-0\"><span data-offset-key=\"fu7nm-2-0\"><span data-text=\"true\">Resid\u00e8ncia El Colomer<\/span><\/span><\/span><span data-offset-key=\"fu7nm-3-0\">, Marta Ca\u00f1\u00eds, ens parlar\u00e0 de com s\u2019est\u00e0 vivint la situaci\u00f3 generada per la Covid-19 des de la direcci\u00f3 d\u2019una resid\u00e8ncia de la gent gran.<\/span><\/span><\/li>\n<li><span style=\"color: #000000;\">El divendres, a les 12h, el director de la Fundaci\u00f3 Santa Teresa, Jos\u00e9 Carlos Eiriz, ens oferir\u00e0 la xerrada de cloenda de les III Setmanes de l\u2019Empresa i l\u2019Ocupaci\u00f3.<\/span><\/li>\n<\/ul>\n<\/div>\n<div class=\"\" style=\"text-align: justify;\" data-block=\"true\" data-editor=\"5v627\" data-offset-key=\"8hpnj-0-0\">\n<div class=\"_1mf _1mj\" data-offset-key=\"8hpnj-0-0\">\n<hr \/>\n<p><span style=\"color: #000000;\"><strong><span data-offset-key=\"8hpnj-0-0\"><br \/>\n<\/span><\/strong><\/span><\/p>\n<\/div>\n<\/div>\n<div class=\"\" style=\"text-align: justify;\" data-block=\"true\" data-editor=\"5v627\" data-offset-key=\"fodtd-0-0\">\n<div class=\"_1mf _1mj\" data-offset-key=\"fodtd-0-0\"><span style=\"color: #000000;\"><strong>CASTELLANO |<\/strong> Ma\u00f1ana arrancamos la segunda semana de las III Semanas de la Empresa y la Ocupaci\u00f3n.<\/span><\/div>\n<\/div>\n<div class=\"\" data-block=\"true\" data-editor=\"5v627\" data-offset-key=\"a07a7-0-0\">\n<div class=\"_1mf _1mj\" style=\"text-align: justify;\" data-offset-key=\"a07a7-0-0\"><span style=\"color: #000000;\"><span data-offset-key=\"a07a7-0-0\">Esta segunda semana se la dedicaremos a las empresas. Iremos publicando informaci\u00f3n en las redes sociales, eBando y l a web y, adem\u00e1s, tenemos previstas\u00a0tres charlas que se publicar\u00e1n -como todas las anteriores- en el canal de Youtube: <\/span><a style=\"color: #000000;\" href=\"https:\/\/www.youtube.com\/channel\/UCTgH76nz49I4BCCKR18BfhQ\" target=\"_blank\">youtube.com<\/a><\/span><\/div>\n<div class=\"_1mf _1mj\" style=\"text-align: justify;\" data-offset-key=\"a07a7-0-0\"><span style=\"color: #000000;\"><u><b>PROGRAMA<\/b><\/u><\/span><\/div>\n<ul>\n<li style=\"text-align: justify;\"><span style=\"color: #000000;\">El lunes, a las 12h, el director gerente de la Cambra de Tarragona, Daniel Mart\u00edn, nos acercar\u00e1 la charla \u201cRecomendaciones de la Cambra de Tarragona durante la fase de desescalada del Covid-19\u201d.<\/span><\/li>\n<li style=\"text-align: justify;\"><span style=\"color: #000000;\">El mi\u00e9rcoles, a las 12h, la directora de la Residencia El Colomer, Marta Ca\u00f1\u00eds nos hablar\u00e1 de c\u00f3mo se est\u00e1 viviendo la situaci\u00f3n generada por el Covid-19 desde la direcci\u00f3n de una residencia de la gente mayor.<\/span><\/li>\n<li style=\"text-align: justify;\"><span style=\"color: #000000;\">El viernes, a las 12h, el director de la Fundaci\u00f3 Santa Teresa, Jos\u00e9 Carlos Eiriz, nos ofrecer\u00e1 la charla de clausura de las III Semanas de la Empresa y la Ocupaci\u00f3n.<\/span><\/li>\n<\/ul>\n<p><a href=\"http:\/\/bisbalpenedes.com\/web\/wp-content\/uploads\/2020\/05\/PROGRAMA-SETMANA-3.jpg\"><img loading=\"lazy\" class=\"aligncenter size-large wp-image-13581\" src=\"http:\/\/bisbalpenedes.com\/web\/wp-content\/uploads\/2020\/05\/PROGRAMA-SETMANA-3-1012x1024.jpg\" alt=\"PROGRAMA SETMANA 3\" width=\"630\" height=\"637\" srcset=\"https:\/\/bisbalpenedes.com\/web\/wp-content\/uploads\/2020\/05\/PROGRAMA-SETMANA-3-1012x1024.jpg 1012w, https:\/\/bisbalpenedes.com\/web\/wp-content\/uploads\/2020\/05\/PROGRAMA-SETMANA-3-100x100.jpg 100w, https:\/\/bisbalpenedes.com\/web\/wp-content\/uploads\/2020\/05\/PROGRAMA-SETMANA-3-600x607.jpg 600w, https:\/\/bisbalpenedes.com\/web\/wp-content\/uploads\/2020\/05\/PROGRAMA-SETMANA-3-297x300.jpg 297w, https:\/\/bisbalpenedes.com\/web\/wp-content\/uploads\/2020\/05\/PROGRAMA-SETMANA-3-768x777.jpg 768w, https:\/\/bisbalpenedes.com\/web\/wp-content\/uploads\/2020\/05\/PROGRAMA-SETMANA-3.jpg 1221w\" sizes=\"(max-width: 630px) 100vw, 630px\" \/><\/a><\/p>\n<\/div>\n","protected":false},"excerpt":{"rendered":"<p>Dem\u00e0 engeguem la tercera setmana de les III Setmanes de l&#8217;Empresa i l&#8217;Ocupaci\u00f3. Aquesta tercera setmana la dedicarem a les empreses. Anirem publicant informaci\u00f3 a les xarxes socials, eBando i &hellip; <a href=\"https:\/\/bisbalpenedes.com\/web\/2020\/05\/24\/dema-dilluns-comenca-la-3a-setmana-de-les-iii-setmanes-de-lempresa-i-locupacio\/\" class=\"more-link\">Read More<\/a><\/p>\n","protected":false},"author":4,"featured_media":13581,"comment_status":"closed","ping_status":"closed","sticky":false,"template":"","format":"standard","meta":[],"categories":[3822],"tags":[3559,326,3789,162,1218],"_links":{"self":[{"href":"https:\/\/bisbalpenedes.com\/web\/wp-json\/wp\/v2\/posts\/13580"}],"collection":[{"href":"https:\/\/bisbalpenedes.com\/web\/wp-json\/wp\/v2\/posts"}],"about":[{"href":"https:\/\/bisbalpenedes.com\/web\/wp-json\/wp\/v2\/types\/post"}],"author":[{"embeddable":true,"href":"https:\/\/bisbalpenedes.com\/web\/wp-json\/wp\/v2\/users\/4"}],"replies":[{"embeddable":true,"href":"https:\/\/bisbalpenedes.com\/web\/wp-json\/wp\/v2\/comments?post=13580"}],"version-history":[{"count":2,"href":"https:\/\/bisbalpenedes.com\/web\/wp-json\/wp\/v2\/posts\/13580\/revisions"}],"predecessor-version":[{"id":13583,"href":"https:\/\/bisbalpenedes.com\/web\/wp-json\/wp\/v2\/posts\/13580\/revisions\/13583"}],"wp:featuredmedia":[{"embeddable":true,"href":"https:\/\/bisbalpenedes.com\/web\/wp-json\/wp\/v2\/media\/13581"}],"wp:attachment":[{"href":"https:\/\/bisbalpenedes.com\/web\/wp-json\/wp\/v2\/media?parent=13580"}],"wp:term":[{"taxonomy":"category","embeddable":true,"href":"https:\/\/bisbalpenedes.com\/web\/wp-json\/wp\/v2\/categories?post=13580"},{"taxonomy":"post_tag","embeddable":true,"href":"https:\/\/bisbalpenedes.com\/web\/wp-json\/wp\/v2\/tags?post=13580"}],"curies":[{"name":"wp","href":"https:\/\/api.w.org\/{rel}","templated":true}]}}