{"id":13553,"date":"2020-05-22T08:58:48","date_gmt":"2020-05-22T07:58:48","guid":{"rendered":"http:\/\/bisbalpenedes.com\/web\/?p=13553"},"modified":"2020-05-22T11:01:43","modified_gmt":"2020-05-22T10:01:43","slug":"nou-calendari-per-al-pagament-dimpostos-i-taxes-2020","status":"publish","type":"post","link":"https:\/\/bisbalpenedes.com\/web\/2020\/05\/22\/nou-calendari-per-al-pagament-dimpostos-i-taxes-2020\/","title":{"rendered":"Nou calendari per al pagament d\u2019impostos i taxes 2020"},"content":{"rendered":"<p style=\"text-align: justify;\"><span style=\"color: #000000;\">El calendari per al pagament d\u2019impostos i taxes de l\u2019any 2020 ha estat modificat, ja que amb motiu de les mesures aprovades pel RD 463\/2020 (Real Decret de 14 de mar\u00e7 pel qual es declarava l\u2019estat d\u2019alarma per a la gesti\u00f3 de la situaci\u00f3 de crisi sanit\u00e0ria ocasionada per la Covid-19), la presid\u00e8ncia de la Diputaci\u00f3 va suspendre els per\u00edodes d\u2019ingr\u00e9s inclosos al calendari fiscal per a l\u2019any 2020. Ara BASE de la Diputaci\u00f3 de Tarragona ha aprovat un nou calendari de pagaments.<\/span><\/p>\n<p style=\"text-align: justify;\"><span style=\"color: #000000;\">Aix\u00ed, el calendari fiscal queda modificat de la seg\u00fcent manera:<\/span><\/p>\n<table>\n<tbody>\n<tr>\n<td width=\"288\"><span style=\"color: #000000;\">CONCEPTE<\/span><\/td>\n<td width=\"288\"><span style=\"color: #000000;\">PER\u00cdODE<\/span><\/td>\n<\/tr>\n<tr>\n<td width=\"288\"><span style=\"color: #000000;\">Taxa Escombraries \u00a0 \u00a0\u00a0\u00a0\u00a0\u00a0\u00a0\u00a0\u00a01r rebut\u00a0<\/span><\/td>\n<td width=\"288\"><span style=\"color: #000000;\">29\/03\/2020-31\/07\/2020<\/span><\/td>\n<\/tr>\n<tr>\n<td width=\"288\"><span style=\"color: #000000;\">\u00a0 \u00a0 \u00a0 \u00a0 \u00a0 \u00a0 \u00a0 \u00a0 \u00a0 \u00a0 \u00a0 \u00a0 \u00a0 \u00a0 \u00a0 \u00a0 \u00a0 \u00a0 \u00a0 \u00a0 \u00a0 2n rebut<\/span><\/td>\n<td width=\"288\"><span style=\"color: #000000;\">30\/07\/2020-02\/11\/2020<\/span><\/td>\n<\/tr>\n<tr>\n<td width=\"288\"><span style=\"color: #000000;\">Impost vehicles tracci\u00f3 mec\u00e0nica<\/span><\/td>\n<td width=\"288\">&nbsp;<\/p>\n<p>&nbsp;<\/p>\n<p><span style=\"color: #000000;\">29\/03\/2020-29\/05\/2020<\/span><\/p>\n<p><span style=\"color: #0000ff;\"><strong>Aquest per\u00edode de pagament s&#8217;allarga fins al 31\/07\/2020<\/strong><\/span><\/td>\n<\/tr>\n<tr>\n<td width=\"288\"><span style=\"color: #000000;\">IBI Caracter\u00edstiques especials<\/span><\/td>\n<td width=\"288\"><span style=\"color: #000000;\">26\/04\/2020-31\/08\/2020<\/span><\/td>\n<\/tr>\n<tr>\n<td width=\"288\"><span style=\"color: #000000;\">IBI Urbana\u00a0 \u00a0 \u00a0 \u00a0 \u00a0 \u00a0 \u00a0 \u00a0 \u00a0 \u00a0 \u00a0 \u00a0 \u00a01r rebut<\/span><\/td>\n<td width=\"288\"><span style=\"color: #000000;\">30\/04\/2020-31\/08\/2020<\/span><\/td>\n<\/tr>\n<tr>\n<td width=\"288\"><span style=\"color: #000000;\">\u00a0 \u00a0 \u00a0 \u00a0 \u00a0 \u00a0 \u00a0 \u00a0 \u00a0 \u00a0 \u00a0 \u00a0 \u00a0 \u00a0 \u00a0 \u00a0 \u00a0 \u00a0 \u00a0 \u00a0 \u00a0 2n rebut<\/span><\/td>\n<td width=\"288\"><span style=\"color: #000000;\">28\/08\/2020-02\/11\/2020<\/span><\/td>\n<\/tr>\n<tr>\n<td width=\"288\"><span style=\"color: #000000;\">IBI R\u00fastic\u00a0\u00a0\u00a0\u00a0\u00a0\u00a0\u00a0\u00a0\u00a0\u00a0\u00a0\u00a0\u00a0\u00a0\u00a0<\/span><\/td>\n<td width=\"288\"><span style=\"color: #000000;\">28\/06\/2020-30\/09\/2020<\/span><\/td>\n<\/tr>\n<tr>\n<td width=\"288\"><span style=\"color: #000000;\">Ocupaci\u00f3 domini p\u00fablic\u00a0\u00a0\u00a0\u00a0\u00a0\u00a0<\/span><\/td>\n<td width=\"288\"><span style=\"color: #000000;\">28\/06\/2020-30\/09\/2020<\/span><\/td>\n<\/tr>\n<tr>\n<td width=\"288\"><span style=\"color: #000000;\">IAE\u00a0\u00a0\u00a0\u00a0<\/span><\/td>\n<td width=\"288\"><span style=\"color: #000000;\">30\/07\/2020-02\/11\/2020<\/span><\/td>\n<\/tr>\n<\/tbody>\n<\/table>\n<p style=\"text-align: justify;\"><span style=\"color: #000000;\"><br \/>\nDes de BASE estan preparant mesures per facilitar el pagament de tributs i altres ingressos de dret p\u00fablic, aix\u00ed com millores en la formalitzaci\u00f3 i realitzaci\u00f3 de tr\u00e0mits i en el pagament telem\u00e0tic, telef\u00f2nic i presencial.<\/span><\/p>\n<p style=\"text-align: justify;\"><span style=\"color: #000000;\">Alhora, est\u00e0 preparant l\u2019obertura al p\u00fablic de l\u2019oficina de la Bisbal del Pened\u00e8s, amb totes les mesures corresponents i cita pr\u00e8via. Us informarem quan estigui tot a punt.<\/span><\/p>\n<hr \/>\n<p style=\"text-align: justify;\"><span style=\"color: #000000;\"><strong>CASTELLANO |<\/strong> El calendario para el pago de impuestos y tasas del a\u00f1o 2020 ha sido modificado, ya que con motivo de las medidas aprobadas por el RD 463\/2020 (Real Decreto de 14 de marzo por el cual se declaraba el estado de alarma para la gesti\u00f3n de la situaci\u00f3n de crisis sanitaria ocasionada por el Covid-19), la presidencia de la Diputaci\u00f3n suspendi\u00f3 los periodos de ingreso incluidos en el calendario fiscal para el a\u00f1o 2020. Ahora BASE de la Diputaci\u00f3n de Tarragona ha aprobado un nuevo calendario de pagos.<\/span><\/p>\n<p style=\"text-align: justify;\"><span style=\"color: #000000;\">As\u00ed, el calendario fiscal queda modificado de la siguiente manera:<\/span><\/p>\n<table>\n<tbody>\n<tr>\n<td width=\"288\"><span style=\"color: #000000;\">CONCEPTO<\/span><\/td>\n<td width=\"288\"><span style=\"color: #000000;\">PERIODO<\/span><\/td>\n<\/tr>\n<tr>\n<td width=\"288\"><span style=\"color: #000000;\">Tasa de Basuras \u00a0\u00a0\u00a0\u00a0 \u00a0\u00a0\u00a0\u00a0\u00a0\u00a0\u00a0\u00a01r recibo<\/span><\/td>\n<td width=\"288\"><span style=\"color: #000000;\">29\/03\/2020-31\/07\/2020<\/span><\/td>\n<\/tr>\n<tr>\n<td width=\"288\"><span style=\"color: #000000;\">\u00a0 \u00a0 \u00a0 \u00a0 \u00a0 \u00a0 \u00a0 \u00a0 \u00a0 \u00a0 \u00a0 \u00a0 \u00a0 \u00a0 \u00a0 \u00a0 \u00a0 \u00a0 \u00a0 \u00a0 \u00a02n recibo<\/span><\/td>\n<td width=\"288\"><span style=\"color: #000000;\">30\/07\/2020-02\/11\/2020<\/span><\/td>\n<\/tr>\n<tr>\n<td width=\"288\"><span style=\"color: #000000;\">Impuesto veh\u00edculos tracci\u00f3n mec\u00e1nica<\/span><\/td>\n<td width=\"288\">&nbsp;<\/p>\n<p>&nbsp;<\/p>\n<p><span style=\"color: #000000;\">29\/03\/2020-29\/05\/2020<\/span><\/p>\n<p><strong><span style=\"color: #0000ff;\">Este periodo de pago se alarga hasta el 31\/07\/2020<\/span><\/strong><\/td>\n<\/tr>\n<tr>\n<td width=\"288\"><span style=\"color: #000000;\">IBI Caracter\u00edsticas especiales<\/span><\/td>\n<td width=\"288\"><span style=\"color: #000000;\">26\/04\/2020-31\/08\/2020<\/span><\/td>\n<\/tr>\n<tr>\n<td width=\"288\"><span style=\"color: #000000;\">IBI Urbana\u00a0 \u00a0 \u00a0 \u00a0 \u00a0 \u00a0 \u00a0 \u00a0 \u00a0 \u00a0 \u00a0 \u00a01r recibo<\/span><\/td>\n<td width=\"288\"><span style=\"color: #000000;\">30\/04\/2020-31\/08\/2020<\/span><\/td>\n<\/tr>\n<tr>\n<td width=\"288\"><span style=\"color: #000000;\">\u00a0 \u00a0 \u00a0 \u00a0 \u00a0 \u00a0 \u00a0 \u00a0 \u00a0 \u00a0 \u00a0 \u00a0 \u00a0 \u00a0 \u00a0 \u00a0 \u00a0 \u00a0 \u00a0 \u00a0 \u00a02n recibo<\/span><\/td>\n<td width=\"288\"><span style=\"color: #000000;\">28\/08\/2020-02\/11\/2020<\/span><\/td>\n<\/tr>\n<tr>\n<td width=\"288\"><span style=\"color: #000000;\">IBI R\u00fastico\u00a0\u00a0\u00a0<\/span><\/td>\n<td width=\"288\"><span style=\"color: #000000;\">28\/06\/2020-30\/09\/2020<\/span><\/td>\n<\/tr>\n<tr>\n<td width=\"288\"><span style=\"color: #000000;\">Ocupaci\u00f3n dominio p\u00fablico\u00a0<\/span><\/td>\n<td width=\"288\"><span style=\"color: #000000;\">28\/06\/2020-30\/09\/2020<\/span><\/td>\n<\/tr>\n<tr>\n<td width=\"288\"><span style=\"color: #000000;\">IAE\u00a0\u00a0\u00a0\u00a0<\/span><\/td>\n<td width=\"288\"><span style=\"color: #000000;\">30\/07\/2020-02\/11\/2020<\/span><\/td>\n<\/tr>\n<\/tbody>\n<\/table>\n<p style=\"text-align: justify;\"><span style=\"color: #000000;\">Desde BASE est\u00e1n preparando medidas para facilitar el pago de tributos y otros ingresos de derecho p\u00fablico, as\u00ed como mejoras en la formalizaci\u00f3n y realizaci\u00f3n de tr\u00e1mites y en el pago telem\u00e1tico, telef\u00f3nico y presencial.<\/span><\/p>\n<p style=\"text-align: justify;\"><span style=\"color: #000000;\">A la vez, se est\u00e1 preparando la apertura al p\u00fablico de la oficina de la Bisbal del Pened\u00e8s, con todas las medidas correspondientes y cita previa. Os informaremos cuando est\u00e9 todo a punto.<\/span><\/p>\n<p>&nbsp;<\/p>\n","protected":false},"excerpt":{"rendered":"<p>El calendari per al pagament d\u2019impostos i taxes de l\u2019any 2020 ha estat modificat, ja que amb motiu de les mesures aprovades pel RD 463\/2020 (Real Decret de 14 de &hellip; <a href=\"https:\/\/bisbalpenedes.com\/web\/2020\/05\/22\/nou-calendari-per-al-pagament-dimpostos-i-taxes-2020\/\" class=\"more-link\">Read More<\/a><\/p>\n","protected":false},"author":4,"featured_media":6188,"comment_status":"closed","ping_status":"closed","sticky":false,"template":"","format":"standard","meta":[],"categories":[3835,8],"tags":[977,2012,1130],"_links":{"self":[{"href":"https:\/\/bisbalpenedes.com\/web\/wp-json\/wp\/v2\/posts\/13553"}],"collection":[{"href":"https:\/\/bisbalpenedes.com\/web\/wp-json\/wp\/v2\/posts"}],"about":[{"href":"https:\/\/bisbalpenedes.com\/web\/wp-json\/wp\/v2\/types\/post"}],"author":[{"embeddable":true,"href":"https:\/\/bisbalpenedes.com\/web\/wp-json\/wp\/v2\/users\/4"}],"replies":[{"embeddable":true,"href":"https:\/\/bisbalpenedes.com\/web\/wp-json\/wp\/v2\/comments?post=13553"}],"version-history":[{"count":9,"href":"https:\/\/bisbalpenedes.com\/web\/wp-json\/wp\/v2\/posts\/13553\/revisions"}],"predecessor-version":[{"id":13567,"href":"https:\/\/bisbalpenedes.com\/web\/wp-json\/wp\/v2\/posts\/13553\/revisions\/13567"}],"wp:featuredmedia":[{"embeddable":true,"href":"https:\/\/bisbalpenedes.com\/web\/wp-json\/wp\/v2\/media\/6188"}],"wp:attachment":[{"href":"https:\/\/bisbalpenedes.com\/web\/wp-json\/wp\/v2\/media?parent=13553"}],"wp:term":[{"taxonomy":"category","embeddable":true,"href":"https:\/\/bisbalpenedes.com\/web\/wp-json\/wp\/v2\/categories?post=13553"},{"taxonomy":"post_tag","embeddable":true,"href":"https:\/\/bisbalpenedes.com\/web\/wp-json\/wp\/v2\/tags?post=13553"}],"curies":[{"name":"wp","href":"https:\/\/api.w.org\/{rel}","templated":true}]}}