{"id":13550,"date":"2020-05-22T08:32:36","date_gmt":"2020-05-22T07:32:36","guid":{"rendered":"http:\/\/bisbalpenedes.com\/web\/?p=13550"},"modified":"2020-05-22T08:32:36","modified_gmt":"2020-05-22T07:32:36","slug":"del-25-a-31-de-maig-se-celebra-la-xxi-setmana-sense-fum","status":"publish","type":"post","link":"https:\/\/bisbalpenedes.com\/web\/2020\/05\/22\/del-25-a-31-de-maig-se-celebra-la-xxi-setmana-sense-fum\/","title":{"rendered":"Del 25 a 31 de maig se celebra la XXI Setmana sense fum"},"content":{"rendered":"<p style=\"text-align: center;\"><a href=\"http:\/\/bisbalpenedes.com\/web\/wp-content\/uploads\/2020\/05\/ENDOLLAT-A-LA-VIDA-2020.jpg\"><img loading=\"lazy\" class=\"alignnone size-medium wp-image-13551\" src=\"http:\/\/bisbalpenedes.com\/web\/wp-content\/uploads\/2020\/05\/ENDOLLAT-A-LA-VIDA-2020-212x300.jpg\" alt=\"ENDOLLAT A LA VIDA 2020\" width=\"212\" height=\"300\" srcset=\"https:\/\/bisbalpenedes.com\/web\/wp-content\/uploads\/2020\/05\/ENDOLLAT-A-LA-VIDA-2020-212x300.jpg 212w, https:\/\/bisbalpenedes.com\/web\/wp-content\/uploads\/2020\/05\/ENDOLLAT-A-LA-VIDA-2020-600x849.jpg 600w, https:\/\/bisbalpenedes.com\/web\/wp-content\/uploads\/2020\/05\/ENDOLLAT-A-LA-VIDA-2020-768x1087.jpg 768w, https:\/\/bisbalpenedes.com\/web\/wp-content\/uploads\/2020\/05\/ENDOLLAT-A-LA-VIDA-2020-724x1024.jpg 724w, https:\/\/bisbalpenedes.com\/web\/wp-content\/uploads\/2020\/05\/ENDOLLAT-A-LA-VIDA-2020-scaled.jpg 1809w\" sizes=\"(max-width: 212px) 100vw, 212px\" \/><\/a><\/p>\n<p style=\"text-align: justify;\"><span style=\"color: #000000;\">La Regidoria de Sanitat us informa que, del 25 al 31 de maig, se celebra la XXI Setmana sense fum. El lema triat per a la setmana d\u2019enguany \u00e9s \u201cDesconnecta\u2019t de la cigarreta, endolla\u2019t a la vida\u201d i la iniciativa es dur\u00e0 a terme, \u00edntegrament, per mitjans telem\u00e0tics, tenint en compte l\u2019excepcionalitat de la situaci\u00f3 generada per la Covid-19.<\/span><\/p>\n<p style=\"text-align: justify;\"><span style=\"color: #000000;\">La Setmana Sense Fum \u00e9s una iniciativa de la Societat Catalana de Medicina Familiar i Comunit\u00e0ria (CAMFiC) i l\u2019Ag\u00e8ncia de Salut P\u00fablica de Catalunya (ASPCAT) de la que tamb\u00e9 forma part la Federaci\u00f3 de Municipis de Catalunya -juntament amb altres entitats locals- que persegueix l\u2019objectiu de sensibilitzar la poblaci\u00f3 de la import\u00e0ncia que t\u00e9 per a la salut el fet de no iniciar-se en el tabac, abandonar el seu consum i poder gaudir d\u2019un ambient lliure de fum i de residus del tabac.<\/span><\/p>\n<p style=\"text-align: justify;\"><span style=\"color: #000000;\">El lema \u201cDesconnecta\u2019t de la cigarreta, endolla\u2019t a la vida!\u201d s\u2019adre\u00e7a -sobretot- a la poblaci\u00f3 jove, per prevenir que s\u2019inici\u00ef al tabac i, especialment, a les altres formes de fumar: cigarretes electr\u00f2niques, catximba\/xixa, cigarretes fetes a m\u00e0, etc.<\/span><\/p>\n<p style=\"text-align: justify;\"><span style=\"color: #000000;\">Per a m\u00e9s informaci\u00f3 podeu entrar a<\/span> <a href=\"http:\/\/www.setmanasensefum.cat\/index.aspx\">http:\/\/www.setmanasensefum.cat\/index.aspx<\/a><\/p>\n<hr \/>\n<p style=\"text-align: justify;\"><span style=\"color: #000000;\"><strong>CASTELLANO |<\/strong> La Concejal\u00eda de Sanidad os informa que, del 25 al 31 de mayo, se celebra la XXI Setmana Sense Fum. El lema escogido para la semana de este a\u00f1o es \u201cDescon\u00e9ctate del cigarro, ench\u00fafate a la vida\u201d y la iniciativa se llevar\u00e1 a cabo, \u00edntegramente, por medios telem\u00e1ticos, teniendo en cuenta la excepcionalidad de la situaci\u00f3n generada por el Covid-19.<\/span><\/p>\n<p style=\"text-align: justify;\"><span style=\"color: #000000;\">La Semana Sense Fum es una iniciativa de la Societat Catalana de Medicina Familiar i Comunit\u00e0ria (CAMFiC) y la Ag\u00e8ncia de Salut P\u00fablica de Catalunya (ASPCAT) de la que tambi\u00e9n forma parte la Federaci\u00f3 de Municipis de Catalunya -junto con otras entidades locales- que persigue el objetivo de sensibilizar a la poblaci\u00f3n de la importancia que tiene para la salud el hecho de no iniciarse en el tabaco, abandonar su consumo y poder disfrutar de un ambiente libre de humo y de residuos del tabaco.<\/span><\/p>\n<p style=\"text-align: justify;\"><span style=\"color: #000000;\">El lema \u201cDescon\u00e9ctate del cigarro, \u00a1Ench\u00fafate a la vida!\u201d se dirige -sobretodo- a la poblaci\u00f3n joven, para prevenir que se inicie en el tabaco y, especialmente, a las otras formas de fumar: cigarros electr\u00f3nicos, cachimba\/chica, cigarros hechos a mano, etc.<\/span><\/p>\n<p style=\"text-align: justify;\"><span style=\"color: #000000;\">Para m\u00e1s informaci\u00f3n pod\u00e9is entrar en<\/span> <a href=\"http:\/\/www.setmanasensefum.cat\/index.aspx\">http:\/\/www.setmanasensefum.cat\/index.aspx<\/a><\/p>\n<p>&nbsp;<\/p>\n<p>&nbsp;<\/p>\n<p>&nbsp;<\/p>\n","protected":false},"excerpt":{"rendered":"<p>La Regidoria de Sanitat us informa que, del 25 al 31 de maig, se celebra la XXI Setmana sense fum. El lema triat per a la setmana d\u2019enguany \u00e9s \u201cDesconnecta\u2019t &hellip; <a href=\"https:\/\/bisbalpenedes.com\/web\/2020\/05\/22\/del-25-a-31-de-maig-se-celebra-la-xxi-setmana-sense-fum\/\" class=\"more-link\">Read More<\/a><\/p>\n","protected":false},"author":4,"featured_media":13551,"comment_status":"closed","ping_status":"closed","sticky":false,"template":"","format":"standard","meta":[],"categories":[14],"tags":[3832,3833,3834,1892],"_links":{"self":[{"href":"https:\/\/bisbalpenedes.com\/web\/wp-json\/wp\/v2\/posts\/13550"}],"collection":[{"href":"https:\/\/bisbalpenedes.com\/web\/wp-json\/wp\/v2\/posts"}],"about":[{"href":"https:\/\/bisbalpenedes.com\/web\/wp-json\/wp\/v2\/types\/post"}],"author":[{"embeddable":true,"href":"https:\/\/bisbalpenedes.com\/web\/wp-json\/wp\/v2\/users\/4"}],"replies":[{"embeddable":true,"href":"https:\/\/bisbalpenedes.com\/web\/wp-json\/wp\/v2\/comments?post=13550"}],"version-history":[{"count":1,"href":"https:\/\/bisbalpenedes.com\/web\/wp-json\/wp\/v2\/posts\/13550\/revisions"}],"predecessor-version":[{"id":13552,"href":"https:\/\/bisbalpenedes.com\/web\/wp-json\/wp\/v2\/posts\/13550\/revisions\/13552"}],"wp:featuredmedia":[{"embeddable":true,"href":"https:\/\/bisbalpenedes.com\/web\/wp-json\/wp\/v2\/media\/13551"}],"wp:attachment":[{"href":"https:\/\/bisbalpenedes.com\/web\/wp-json\/wp\/v2\/media?parent=13550"}],"wp:term":[{"taxonomy":"category","embeddable":true,"href":"https:\/\/bisbalpenedes.com\/web\/wp-json\/wp\/v2\/categories?post=13550"},{"taxonomy":"post_tag","embeddable":true,"href":"https:\/\/bisbalpenedes.com\/web\/wp-json\/wp\/v2\/tags?post=13550"}],"curies":[{"name":"wp","href":"https:\/\/api.w.org\/{rel}","templated":true}]}}