{"id":13535,"date":"2020-05-20T12:37:11","date_gmt":"2020-05-20T11:37:11","guid":{"rendered":"http:\/\/bisbalpenedes.com\/web\/?p=13535"},"modified":"2020-05-20T12:37:11","modified_gmt":"2020-05-20T11:37:11","slug":"avui-dimecres-shan-entregat-els-premis-del-concurs-santjordiconfinat","status":"publish","type":"post","link":"https:\/\/bisbalpenedes.com\/web\/2020\/05\/20\/avui-dimecres-shan-entregat-els-premis-del-concurs-santjordiconfinat\/","title":{"rendered":"Avui dimecres s&#8217;han entregat els premis del concurs #SantJordiConfinat"},"content":{"rendered":"<p style=\"text-align: justify;\"><span style=\"color: #000000;\">L\u2019Ajuntament ha entregat, avui dimecres, els premis del concurs de #SantJordiConfinat. A les fotos podeu veure els premiats:<\/span><\/p>\n<ul style=\"text-align: justify;\">\n<li><span style=\"color: #000000;\"><strong>Primer premi:<\/strong> Roser Turdiu (i fam\u00edlia). Premi: c\u00e0mera de fotos instant\u00e0nia.<\/span><\/li>\n<li><span style=\"color: #000000;\"><strong>Segon premi:<\/strong> ex aequo entre la S\u00edlvia Ferr\u00e9 i la Montserrat Guasch (ha recollit el premi la seva mare, Asunci\u00f3n Marc\u00e9). Premi: una tablet Lenovo per a cada guanyadora.<\/span><\/li>\n<li><span style=\"color: #000000;\"><strong>Tercer premi:<\/strong> Jordi G\u00e1zquez (i fam\u00edlia). Premi: Altaveus sense fils.<\/span><\/li>\n<\/ul>\n<p style=\"text-align: justify;\"><span style=\"color: #000000;\">Des de la Regidoria de Cultura els tornem a felicitar i reiterem l\u2019agra\u00efment a totes aquelles persones que vau compartir fotografies i v\u00eddeos per participar en el concurs.<\/span><\/p>\n<hr \/>\n<p style=\"text-align: justify;\"><span style=\"color: #000000;\"><strong>CASTELLANO |<\/strong> El Ayuntamiento ha entregado, hoy mi\u00e9rcoles, los premios del concurso de #SantJordiConfinat. En las fotos pod\u00e9is ver a los premiados:<\/span><\/p>\n<ul style=\"text-align: justify;\">\n<li><span style=\"color: #000000;\"><strong>Primer premio:<\/strong> Roser Turdiu (y familia). Premio: c\u00e1mara de fotos instant\u00e1nea.<\/span><\/li>\n<li><span style=\"color: #000000;\"><strong>Segundo premio:<\/strong> ex aequo entre S\u00edlvia Ferr\u00e9 y Montserrat Guasch (ha recogido el premio su madre, Asunci\u00f3n\u00a0 Marc\u00e9). Premio: una tablet Lenovo para cada ganadora.<\/span><\/li>\n<li><span style=\"color: #000000;\"><strong>Tercer premio:<\/strong> Jordi G\u00e1zquez (y familia). Premio: Altavoces inal\u00e1mbricos.<\/span><\/li>\n<\/ul>\n<p style=\"text-align: justify;\"><span style=\"color: #000000;\">Desde la Concejal\u00eda de Cultura los volvemos a felicitar y reiteramos el agradecimiento a todas aquellas personas que compartisteis fotograf\u00edas y v\u00eddeos para participar en el concurso.<\/span><\/p>\n<p><a href=\"http:\/\/bisbalpenedes.com\/web\/wp-content\/uploads\/2020\/05\/tots-els-premiats-sant-jordi-confinat.jpg\"><img loading=\"lazy\" class=\"aligncenter size-large wp-image-13536\" src=\"http:\/\/bisbalpenedes.com\/web\/wp-content\/uploads\/2020\/05\/tots-els-premiats-sant-jordi-confinat-1024x1024.jpg\" alt=\"tots els premiats sant jordi confinat\" width=\"630\" height=\"630\" srcset=\"https:\/\/bisbalpenedes.com\/web\/wp-content\/uploads\/2020\/05\/tots-els-premiats-sant-jordi-confinat-1024x1024.jpg 1024w, https:\/\/bisbalpenedes.com\/web\/wp-content\/uploads\/2020\/05\/tots-els-premiats-sant-jordi-confinat-300x300.jpg 300w, https:\/\/bisbalpenedes.com\/web\/wp-content\/uploads\/2020\/05\/tots-els-premiats-sant-jordi-confinat-100x100.jpg 100w, https:\/\/bisbalpenedes.com\/web\/wp-content\/uploads\/2020\/05\/tots-els-premiats-sant-jordi-confinat-600x600.jpg 600w, https:\/\/bisbalpenedes.com\/web\/wp-content\/uploads\/2020\/05\/tots-els-premiats-sant-jordi-confinat-150x150.jpg 150w, https:\/\/bisbalpenedes.com\/web\/wp-content\/uploads\/2020\/05\/tots-els-premiats-sant-jordi-confinat-768x768.jpg 768w, https:\/\/bisbalpenedes.com\/web\/wp-content\/uploads\/2020\/05\/tots-els-premiats-sant-jordi-confinat.jpg 1600w\" sizes=\"(max-width: 630px) 100vw, 630px\" \/><\/a><\/p>\n<p>&nbsp;<\/p>\n","protected":false},"excerpt":{"rendered":"<p>L\u2019Ajuntament ha entregat, avui dimecres, els premis del concurs de #SantJordiConfinat. A les fotos podeu veure els premiats: Primer premi: Roser Turdiu (i fam\u00edlia). Premi: c\u00e0mera de fotos instant\u00e0nia. Segon &hellip; <a href=\"https:\/\/bisbalpenedes.com\/web\/2020\/05\/20\/avui-dimecres-shan-entregat-els-premis-del-concurs-santjordiconfinat\/\" class=\"more-link\">Read More<\/a><\/p>\n","protected":false},"author":4,"featured_media":13536,"comment_status":"closed","ping_status":"closed","sticky":false,"template":"","format":"standard","meta":[],"categories":[13],"tags":[154,3559,225,1975,3829,178,3828,3677,3830],"_links":{"self":[{"href":"https:\/\/bisbalpenedes.com\/web\/wp-json\/wp\/v2\/posts\/13535"}],"collection":[{"href":"https:\/\/bisbalpenedes.com\/web\/wp-json\/wp\/v2\/posts"}],"about":[{"href":"https:\/\/bisbalpenedes.com\/web\/wp-json\/wp\/v2\/types\/post"}],"author":[{"embeddable":true,"href":"https:\/\/bisbalpenedes.com\/web\/wp-json\/wp\/v2\/users\/4"}],"replies":[{"embeddable":true,"href":"https:\/\/bisbalpenedes.com\/web\/wp-json\/wp\/v2\/comments?post=13535"}],"version-history":[{"count":1,"href":"https:\/\/bisbalpenedes.com\/web\/wp-json\/wp\/v2\/posts\/13535\/revisions"}],"predecessor-version":[{"id":13537,"href":"https:\/\/bisbalpenedes.com\/web\/wp-json\/wp\/v2\/posts\/13535\/revisions\/13537"}],"wp:featuredmedia":[{"embeddable":true,"href":"https:\/\/bisbalpenedes.com\/web\/wp-json\/wp\/v2\/media\/13536"}],"wp:attachment":[{"href":"https:\/\/bisbalpenedes.com\/web\/wp-json\/wp\/v2\/media?parent=13535"}],"wp:term":[{"taxonomy":"category","embeddable":true,"href":"https:\/\/bisbalpenedes.com\/web\/wp-json\/wp\/v2\/categories?post=13535"},{"taxonomy":"post_tag","embeddable":true,"href":"https:\/\/bisbalpenedes.com\/web\/wp-json\/wp\/v2\/tags?post=13535"}],"curies":[{"name":"wp","href":"https:\/\/api.w.org\/{rel}","templated":true}]}}